{"id":4316,"date":"2023-05-07T17:20:13","date_gmt":"2023-05-07T17:20:13","guid":{"rendered":"https:\/\/kraios.app\/news\/gundem\/2023\/05\/07\/yahudi-yerlesimciler-kudusun-kuzeydogusunda-yasa-disi-yerlesim-birimi-kurdu\/"},"modified":"2023-05-07T17:20:13","modified_gmt":"2023-05-07T17:20:13","slug":"yahudi-yerlesimciler-kudusun-kuzeydogusunda-yasa-disi-yerlesim-birimi-kurdu","status":"publish","type":"post","link":"https:\/\/kraios.app\/news\/gundem\/2023\/05\/07\/yahudi-yerlesimciler-kudusun-kuzeydogusunda-yasa-disi-yerlesim-birimi-kurdu\/","title":{"rendered":"Yahudi yerle\u015fimciler, Kud\u00fcs&#8217;\u00fcn kuzeydo\u011fusunda yasa d\u0131\u015f\u0131 yerle\u015fim birimi kurdu"},"content":{"rendered":"<p><\/p>\n<div>\n<p>Ayr\u0131m Duvar\u0131 (Utan\u00e7 Duvar\u0131) ve Yahudi Yerle\u015fim Birimleriyle M\u00fccadele Konseyinden konuya ili\u015fkin k\u0131sa bir a\u00e7\u0131klama yap\u0131ld\u0131.<\/p>\n<p>A\u00e7\u0131klamada, \u201cYerle\u015fimciler, Kud\u00fcs\u2019\u00fcn kuzeydo\u011fusundaki Mihmas beldesi yak\u0131nlar\u0131ndaki vatanda\u015flar\u0131n topraklar\u0131nda \u2018Sde Yonatan\u2019 isimli yen bir yerle\u015fim yeri kurdu.\u201d ifadesine yer verildi.<\/p>\n<h3>D\u0131\u015fi\u015fleri Bakanl\u0131\u011f\u0131 yerle\u015fim yeri in\u015fas\u0131n\u0131 k\u0131nad\u0131<\/h3>\n<p>Filistin D\u0131\u015fi\u015fleri Bakanl\u0131\u011f\u0131ndan yap\u0131lan yaz\u0131l\u0131 a\u00e7\u0131klamada, &#8220;yerle\u015fimci \u00e7etelerin&#8221; Filistinlilerin topraklar\u0131n\u0131 gasbederek yasa d\u0131\u015f\u0131 yerle\u015fim birimi kurmalar\u0131 k\u0131nand\u0131.<\/p>\n<p>A\u00e7\u0131klamada, &#8220;Yerle\u015fim yerinin kurulmas\u0131, i\u015fgal alt\u0131ndaki Bat\u0131 \u015eeria&#8217;n\u0131n sessizce ilhak edilmesi \u00e7er\u00e7evesinde \u0130srail h\u00fck\u00fcmetinin g\u00f6zetimi ve deste\u011fiyle yap\u0131lmaktad\u0131r. Yerle\u015fim, uluslararas\u0131 hukuka g\u00f6re kelimenin tam anlam\u0131yla su\u00e7tur.&#8221; denildi.<\/p>\n<p>Bakanl\u0131\u011f\u0131n yasa d\u0131\u015f\u0131 yerle\u015fim birimleri meselesini Uluslararas\u0131 Ceza Mahkemesine ta\u015f\u0131yaca\u011f\u0131 ve \u0130srail\u2019den hesap sorulmas\u0131 i\u00e7in \u00e7aba g\u00f6sterece\u011fi kaydedildi.<\/p>\n<p>\u0130srailli sivil toplum kurulu\u015fu Peace Now (\u015eimdi Bar\u0131\u015f) Hareketinin verilerine g\u00f6re, Do\u011fu Kud\u00fcs dahil Bat\u0131 \u015eeria&#8217;da 145 b\u00fcy\u00fck, 140 da ka\u00e7ak yerle\u015fim yeri bulunuyor ve buralarda yakla\u015f\u0131k 666 bin Yahudi yerle\u015fimci ya\u015f\u0131yor.<\/p>\n<h3>\u0130srail Ordusu Filistinlilere ait yap\u0131lar\u0131 y\u0131k\u0131yor<\/h3>\n<p>\u00d6te yandan Filistin resmi haber ajans\u0131 WAFA\u2019n\u0131n haberine g\u00f6re, \u0130srail ordusu, i\u015fgal alt\u0131ndaki Bat\u0131 \u015eeria\u2019n\u0131n do\u011fusundaki Eriha\u2019da in\u015faat halindeki iki ev ile bir barakay\u0131 y\u0131kt\u0131.<\/p>\n<p>Ayr\u0131ca, \u0130srail g\u00fc\u00e7leri, Beyt\u00fcllahim\u2019deki Fureydis beldesinde de \u201cruhsats\u0131z\u201d oldu\u011fu gerek\u00e7esiyle bir oto y\u0131kama d\u00fckkan\u0131n\u0131 tahrip etti.<\/p>\n<p>\u0130srail g\u00fc\u00e7leri sabah da Bat\u0131 \u015eeria&#8217;da Filistinlilere ait 66 \u00f6\u011frencilik bir okulu y\u0131km\u0131\u015ft\u0131.<\/p>\n<p>Avrupa Birli\u011finin Filistin Temsilcili\u011finden yap\u0131lan yaz\u0131l\u0131 a\u00e7\u0131klamada, &#8220;AB taraf\u0131ndan mali destek sa\u011flanan okulun \u0130srail makamlar\u0131nca y\u0131k\u0131ld\u0131\u011f\u0131na ili\u015fkin haberler kar\u015f\u0131s\u0131nda \u015fa\u015fk\u0131n\u0131z. Bu okulda 60 kadar \u00e7ocuk e\u011fitim al\u0131yordu. Y\u0131k\u0131mlar uluslararas\u0131 hukuka ayk\u0131r\u0131d\u0131r.&#8221; ifadeleri kullan\u0131lm\u0131\u015ft\u0131.<\/p>\n<p>\u0130srail, 1967&#8217;de i\u015fgal etti\u011fi Do\u011fu Kud\u00fcs ve Bat\u0131 \u015eeria&#8217;da Filistinlilere ait ev ve yap\u0131lar\u0131 s\u0131k s\u0131k &#8220;ruhsats\u0131z&#8221; oldu\u011fu iddias\u0131yla y\u0131k\u0131yor.<\/p>\n<p>Filistinlilerin ruhsat almak i\u00e7in verdi\u011fi \u00e7abalar, \u0130srail makamlar\u0131n\u0131n engelleyici uygulamalar\u0131 nedeniyle \u00e7o\u011funlukla ba\u015far\u0131s\u0131zl\u0131kla sonu\u00e7lan\u0131yor.<\/p>\n<p>Filistin ile \u0130srail y\u00f6netimi aras\u0131nda 1995&#8217;te imzalanan &#8220;\u0130kinci Oslo Anla\u015fmas\u0131&#8221; \u00e7er\u00e7evesinde i\u015fgal alt\u0131ndaki Bat\u0131 \u015eeria A, B ve C b\u00f6lgelerine ayr\u0131lm\u0131\u015ft\u0131.<\/p>\n<p>Bat\u0131 \u015eeria&#8217;n\u0131n y\u00fczde 18&#8217;ini kapsayan &#8220;A b\u00f6lgesi&#8221;nin y\u00f6netimi idari ve g\u00fcvenlik olarak Filistin&#8217;e, y\u00fczde 21&#8217;lik &#8220;B b\u00f6lgesi&#8221;nin idari y\u00f6netimi Filistin&#8217;e g\u00fcvenli\u011fi ise \u0130srail&#8217;e devredilirken, y\u00fczde 61&#8217;ini kapsayan &#8220;C b\u00f6lgesi&#8221;nin idare ve g\u00fcvenli\u011fi \u0130srail&#8217;e b\u0131rak\u0131lm\u0131\u015ft\u0131.<\/p>\n<p>                            <span class=\"detay-foto-editor\">&#13;<br \/>\n                                <a href=\"https:\/\/www.aa.com.tr\/tr\/p\/abonelik-talep-formu\/1001\" target=\"_blank\" style=\"font-size:12px; color:#444; text-decoration:none;\" rel=\"noopener\">&#13;<br \/>\n                                    Anadolu Ajans\u0131 web sitesinde, AA Haber Ak\u0131\u015f Sistemi (HAS) \u00fczerinden abonelere sunulan haberler, \u00f6zetlenerek yay\u0131mlanmaktad\u0131r. <b style=\"color:#1897F7\">Abonelik i\u00e7in l\u00fctfen ileti\u015fime ge\u00e7iniz.<\/b>&#13;<br \/>\n                                <\/a>&#13;<br \/>\n                            <\/span>\n                        <\/div>\n<p><script>\n\t  window.fbAsyncInit = function() {\n\t\tFB.init({\n\t\t  appId: '1855843514662870',\n\t\t  status : true, \/\/ check login status\n\t\t  cookie : true, \/\/ enable cookies to allow the server to access the session\n\t\t  xfbml  : true  \/\/ parse XFBML\n\t\t});\n\t  };<\/p>\n<p>\t  (function() {\n\t\tvar e = document.createElement('script');\n\t\te.src=\"https:\/\/connect.facebook.net\/tr_TR\/all.js\";\n\t\te.async = true;\n\t\tdocument.getElementById('fb-root').appendChild(e);\n\t  }());\n    <\/script><\/p>\n","protected":false},"excerpt":{"rendered":"<p>Ayr\u0131m Duvar\u0131 (Utan\u00e7 Duvar\u0131) ve Yahudi Yerle\u015fim Birimleriyle M\u00fccadele Konseyinden konuya ili\u015fkin k\u0131sa bir a\u00e7\u0131klama yap\u0131ld\u0131. A\u00e7\u0131klamada, \u201cYerle\u015fimciler, Kud\u00fcs\u2019\u00fcn kuzeydo\u011fusundaki Mihmas beldesi yak\u0131nlar\u0131ndaki vatanda\u015flar\u0131n topraklar\u0131nda \u2018Sde Yonatan\u2019 isimli yen bir yerle\u015fim yeri kurdu.\u201d ifadesine yer verildi. D\u0131\u015fi\u015fleri Bakanl\u0131\u011f\u0131 yerle\u015fim yeri in\u015fas\u0131n\u0131 k\u0131nad\u0131 Filistin D\u0131\u015fi\u015fleri Bakanl\u0131\u011f\u0131ndan yap\u0131lan yaz\u0131l\u0131 a\u00e7\u0131klamada, &#8220;yerle\u015fimci \u00e7etelerin&#8221; Filistinlilerin topraklar\u0131n\u0131 gasbederek yasa d\u0131\u015f\u0131 [&hellip;]<\/p>\n","protected":false},"author":1,"featured_media":4317,"comment_status":"","ping_status":"","sticky":false,"template":"","format":"standard","meta":[],"categories":[1],"tags":[],"_links":{"self":[{"href":"https:\/\/kraios.app\/news\/wp-json\/wp\/v2\/posts\/4316"}],"collection":[{"href":"https:\/\/kraios.app\/news\/wp-json\/wp\/v2\/posts"}],"about":[{"href":"https:\/\/kraios.app\/news\/wp-json\/wp\/v2\/types\/post"}],"author":[{"embeddable":true,"href":"https:\/\/kraios.app\/news\/wp-json\/wp\/v2\/users\/1"}],"replies":[{"embeddable":true,"href":"https:\/\/kraios.app\/news\/wp-json\/wp\/v2\/comments?post=4316"}],"version-history":[{"count":0,"href":"https:\/\/kraios.app\/news\/wp-json\/wp\/v2\/posts\/4316\/revisions"}],"wp:featuredmedia":[{"embeddable":true,"href":"https:\/\/kraios.app\/news\/wp-json\/wp\/v2\/media\/4317"}],"wp:attachment":[{"href":"https:\/\/kraios.app\/news\/wp-json\/wp\/v2\/media?parent=4316"}],"wp:term":[{"taxonomy":"category","embeddable":true,"href":"https:\/\/kraios.app\/news\/wp-json\/wp\/v2\/categories?post=4316"},{"taxonomy":"post_tag","embeddable":true,"href":"https:\/\/kraios.app\/news\/wp-json\/wp\/v2\/tags?post=4316"}],"curies":[{"name":"wp","href":"https:\/\/api.w.org\/{rel}","templated":true}]}}