{"id":4306,"date":"2023-05-07T15:38:46","date_gmt":"2023-05-07T15:38:46","guid":{"rendered":"https:\/\/kraios.app\/news\/saglik\/2023\/05\/07\/kocaeli-sehir-hastanesi-bolgenin-saglik-ussu-olma-yolunda\/"},"modified":"2023-05-07T15:38:46","modified_gmt":"2023-05-07T15:38:46","slug":"kocaeli-sehir-hastanesi-bolgenin-saglik-ussu-olma-yolunda","status":"publish","type":"post","link":"https:\/\/kraios.app\/news\/saglik\/2023\/05\/07\/kocaeli-sehir-hastanesi-bolgenin-saglik-ussu-olma-yolunda\/","title":{"rendered":"Kocaeli \u015eehir Hastanesi b\u00f6lgenin &#8220;sa\u011fl\u0131k \u00fcss\u00fc&#8221; olma yolunda"},"content":{"rendered":"<p><\/p>\n<div>\n<p>Kocaeli&#8217;de ge\u00e7en ay hizmete ba\u015flayan 1218 yatak kapasiteli Kocaeli \u015eehir Hastanesi, b\u00f6lgenin &#8220;sa\u011fl\u0131k \u00fcss\u00fc&#8221; olma yolunda ilerliyor.<\/p>\n<p>\u0130zmit Cephanelik mevkisinde 368 bin 668 metrekare alanda in\u015fa edilen ve b\u00fcnyesinde 6 farkl\u0131 hastane bulunan Kocaeli \u015eehir Hastanesinin acil servis birimleri ile baz\u0131 poliklinikler, 3 Nisan&#8217;dan bu yana hasta kabul ediyor.<\/p>\n<p>Kocaeli tarihindeki &#8220;en b\u00fcy\u00fck sa\u011fl\u0131k yat\u0131r\u0131m\u0131&#8221; olan ve \u00e7evre illerden de vatanda\u015flara hizmet verilen hastanede, polikliniklerde bak\u0131lan g\u00fcnl\u00fck hasta say\u0131s\u0131 6 bini ge\u00e7ti.<\/p>\n<p>\u0130l Sa\u011fl\u0131k M\u00fcd\u00fcr\u00fc Y\u00fcksel Pehlevan, AA muhabirine, Kocaeli \u015eehir Hastanesinin 3 Nisan&#8217;dan bu yana vatanda\u015flara hizmet verdi\u011fini s\u00f6yledi.<\/p>\n<p><img decoding=\"async\" alt=\"\" src=\"https:\/\/www.aa.com.tr\/uploads\/userFiles\/88e4063b-7018-4331-b06e-f0cb513ac64c\/2023%2F05%2FKocaeli07-1.jpg\"\/><\/p>\n<p>Pehlevan, 288 bin metrekare kapal\u0131 alan\u0131 bulunan yap\u0131n\u0131n genel hastane, kad\u0131n do\u011fum ve \u00e7ocuk hastal\u0131klar\u0131 hastanesi, kalp damar cerrahi hastanesi, onkoloji hastanesi, y\u00fcksek g\u00fcvenlikli adli psikiyatri hastanesi ile fizik tedavi ve rehabilitasyon hastanesinden olu\u015ftu\u011funu kaydetti.<\/p>\n<p>Hastanede 188 yo\u011fun bak\u0131m yata\u011f\u0131n\u0131n bulundu\u011funu belirten Pehlevan, \u015f\u00f6yle devam etti:<\/p>\n<p>&#8220;\u0130limizin hem deprem b\u00f6lgesi hem de \u0130stanbul&#8217;un Anadolu&#8217;ya a\u00e7\u0131lan kap\u0131s\u0131 olmas\u0131, sanayinin yo\u011fun oldu\u011fu bir b\u00f6lge olmas\u0131 nedeniyle hastanemiz projelendirilirken bunlara dikkat edildi. 1 ayd\u0131r a\u00e7\u0131k olmas\u0131na ra\u011fmen hastalar\u0131m\u0131z\u0131n yo\u011fun bir talebiyle kar\u015f\u0131 kar\u015f\u0131yay\u0131z. Doluluk oran\u0131m\u0131z y\u00fczde 50&#8217;lileri ge\u00e7ti. G\u00fcnl\u00fck poliklinik say\u0131m\u0131z 6 binlerin \u00fczerinde olmaya ba\u015flad\u0131. Hastalar\u0131m\u0131z son derece memnum. Ekibimiz, sa\u011fl\u0131k personelimiz ve t\u00fcm personelimiz motive. S\u00fcre\u00e7 i\u00e7inde \u00e7\u0131kan ya da \u00e7\u0131kabilecek sorunlar\u0131 \u00f6nceden \u00f6ng\u00f6rerek m\u00fcdahale etmeye \u00e7al\u0131\u015f\u0131yoruz.&#8221;<\/p>\n<p><img decoding=\"async\" alt=\"\" src=\"https:\/\/admin.aa.com.tr\/uploads\/userFiles\/88e4063b-7018-4331-b06e-f0cb513ac64c\/2023%2F05%2FKocaeli07-3.jpg\"\/><\/p>\n<p>Pehlevan, bunlar\u0131n d\u0131\u015f\u0131nda oksijen tedarik merkezi, t\u00fcp bebek merkezi, organ nakli merkezi, yan\u0131k merkezinin hizmete al\u0131naca\u011f\u0131n\u0131 dile getirerek, Kocaeli \u015eehir Hastanesinin bu merkezlerin de a\u00e7\u0131lmas\u0131yla komple bir entegre sa\u011fl\u0131k tesisi haline gelece\u011fini kaydetti.<\/p>\n<p>Hastanenin, kamu hastaneleri aras\u0131nda Kocaeli&#8217;de PET-CT (hastal\u0131k tan\u0131s\u0131nda t\u0131bbi g\u00f6r\u00fcnt\u00fcleme y\u00f6ntemi) \u00e7ekilen tek hastane oldu\u011funu ifade eden Pehlevan, &#8220;Dolay\u0131s\u0131yla teknolojik ve fiziksel altyap\u0131 ile nitelikli personel a\u00e7\u0131s\u0131ndan iyi bir noktaday\u0131z. Tabii bunu gittik\u00e7e daha \u00fcst seviyelere ta\u015f\u0131yaca\u011f\u0131z.&#8221; dedi.<\/p>\n<p><img decoding=\"async\" alt=\"\" src=\"https:\/\/admin.aa.com.tr\/uploads\/userFiles\/88e4063b-7018-4331-b06e-f0cb513ac64c\/2023%2F05%2FKocaeli07-2.jpg\"\/><\/p>\n<p>Pehlevan, hastanede 2 binin \u00fczerinde sa\u011fl\u0131k personelinin \u00e7al\u0131\u015ft\u0131\u011f\u0131n\u0131, hizmet al\u0131m kapsam\u0131nda 1000&#8217;in \u00fczerinde personelin istihdam edildi\u011fini, personel say\u0131s\u0131n\u0131n ihtiyaca g\u00f6re artaca\u011f\u0131n\u0131 anlatt\u0131.<\/p>\n<h3>1069 deprem izolat\u00f6r\u00fc bulunuyor<\/h3>\n<p>B\u00fcy\u00fck \u00f6l\u00e7ekli bir hastanenin kente kazand\u0131r\u0131ld\u0131\u011f\u0131na i\u015faret eden Pehlevan, &#8220;Ula\u015f\u0131mda \u015fu ana kadar b\u00fcy\u00fck bir sorun ya\u015famad\u0131k. B\u00fcy\u00fck\u015fehir Belediyemizle entegre \u00e7al\u0131\u015f\u0131yoruz, ula\u015f\u0131m ve otopark s\u0131k\u0131nt\u0131m\u0131z yok. Vatanda\u015flardan geri d\u00f6n\u00fc\u015fler \u00e7ok olumlu. \u00c7o\u011fu ana bran\u015fta 24 saat doktor var. \u0130leride \u00f6ng\u00f6rd\u00fc\u011f\u00fcm\u00fcz \u015fey \u015fu; hastay\u0131 \u00e7ok elzem olmad\u0131\u011f\u0131 s\u00fcrece tedavi a\u00e7\u0131s\u0131ndan ba\u015fka bir yere sevk etmeyi ortadan kald\u0131raca\u011f\u0131z.&#8221; diye konu\u015ftu.<\/p>\n<p><img decoding=\"async\" alt=\"\" src=\"https:\/\/admin.aa.com.tr\/uploads\/userFiles\/88e4063b-7018-4331-b06e-f0cb513ac64c\/2023%2F05%2FKocaeli07-4.jpg\"\/><\/p>\n<p>Pehlevan, kentte \u015fehir hastanesinin a\u00e7\u0131lmas\u0131 nedeniyle kapanan hastane olmad\u0131\u011f\u0131n\u0131 vurgulayarak, &#8220;Derince E\u011fitim ve Ara\u015ft\u0131rma Hastanesine ba\u011fl\u0131 Alikahya yerle\u015fkesinde bulunan kad\u0131n do\u011fum hastanesini, buradaki olanaklar daha iyi oldu\u011fu i\u00e7in tamamen buraya ta\u015f\u0131d\u0131k. Onun d\u0131\u015f\u0131nda Derince&#8217;deki hastane hizmete devam ediyor. Kocaeli Devlet Hastanesi devam ediyor, Seka Devlet Hastanesi devam ediyor.&#8221; ifadelerini kulland\u0131.<\/p>\n<p>\u00c7evre illerden de hastalar\u0131n geldi\u011fini belirten Pehlevan, &#8220;Nitelikli sa\u011fl\u0131k hizmeti, ileri derecede sa\u011fl\u0131k hizmeti almas\u0131 gereken hastalar\u0131m\u0131z\u0131n ilk ba\u015fvurdu\u011fu yer buras\u0131.&#8221; dedi.<\/p>\n<p>Pehlevan, hastanenin zeminin \u00e7ok sa\u011flam oldu\u011funa de\u011finerek, 1069 deprem izolat\u00f6r\u00fc bulunan binada deprem ko\u015fullar\u0131nda da sa\u011fl\u0131k hizmetinin aksamadan devam edece\u011fini s\u00f6zlerine ekledi.<\/p>\n<p><img decoding=\"async\" alt=\"\" src=\"https:\/\/admin.aa.com.tr\/uploads\/userFiles\/88e4063b-7018-4331-b06e-f0cb513ac64c\/2023%2F05%2FKocaeli07-5.jpg\"\/><\/p>\n<h3>Hastalar memnun<\/h3>\n<p>Kocaeli&#8217;nin Dilovas\u0131 il\u00e7esinden hastaneye gelen Mehmet Nuri Aydemir (58) ise ba\u015fta Cumhurba\u015fkan\u0131 Recep Tayyip Erdo\u011fan olmak \u00fczere hastanenin yap\u0131m\u0131nda eme\u011fi ge\u00e7enlere te\u015fekk\u00fcr ederek, &#8220;Ger\u00e7ekten bir \u015faheser.&#8221; dedi.<\/p>\n<p><img decoding=\"async\" alt=\"\" src=\"https:\/\/www.aa.com.tr\/uploads\/userFiles\/88e4063b-7018-4331-b06e-f0cb513ac64c\/2023%2F05%2Fkacaeli2-7-1.jpg\"\/><\/p>\n<p>Ge\u00e7irdi\u011fi ameliyat\u0131n ard\u0131ndan kad\u0131n hastal\u0131klar\u0131 servisinde yatan Sadiver Ya\u015far (67) da &#8220;\u00c7ok g\u00fczel, memnunuz. Personel m\u00fckemmel. Yeme\u011fi, bak\u0131m\u0131, hepsinden memnunuz.&#8221; s\u00f6zleriyle duygular\u0131n\u0131 dile getirdi.<\/p>\n<p>Enfeksiyon servisinde tedavisi s\u00fcren Hatice \u015een (49) ise &#8220;\u00c7ok memnun olduk. \u00c7ok ilgileniyorlar. Hastaneyi \u00e7ok g\u00fczel yapm\u0131\u015flar.&#8221; ifadesini kulland\u0131.<\/p>\n<p>                            <span class=\"detay-foto-editor\">&#13;<br \/>\n                                <a href=\"https:\/\/www.aa.com.tr\/tr\/p\/abonelik-talep-formu\/1001\" target=\"_blank\" style=\"font-size:12px; color:#444; text-decoration:none;\" rel=\"noopener\">&#13;<br \/>\n                                    Anadolu Ajans\u0131 web sitesinde, AA Haber Ak\u0131\u015f Sistemi (HAS) \u00fczerinden abonelere sunulan haberler, \u00f6zetlenerek yay\u0131mlanmaktad\u0131r. <b style=\"color:#1897F7\">Abonelik i\u00e7in l\u00fctfen ileti\u015fime ge\u00e7iniz.<\/b>&#13;<br \/>\n                                <\/a>&#13;<br \/>\n                            <\/span>\n                        <\/div>\n<p><script>\n\t  window.fbAsyncInit = function() {\n\t\tFB.init({\n\t\t  appId: '1855843514662870',\n\t\t  status : true, \/\/ check login status\n\t\t  cookie : true, \/\/ enable cookies to allow the server to access the session\n\t\t  xfbml  : true  \/\/ parse XFBML\n\t\t});\n\t  };<\/p>\n<p>\t  (function() {\n\t\tvar e = document.createElement('script');\n\t\te.src=\"https:\/\/connect.facebook.net\/tr_TR\/all.js\";\n\t\te.async = true;\n\t\tdocument.getElementById('fb-root').appendChild(e);\n\t  }());\n    <\/script><\/p>\n","protected":false},"excerpt":{"rendered":"<p>Kocaeli&#8217;de ge\u00e7en ay hizmete ba\u015flayan 1218 yatak kapasiteli Kocaeli \u015eehir Hastanesi, b\u00f6lgenin &#8220;sa\u011fl\u0131k \u00fcss\u00fc&#8221; olma yolunda ilerliyor. \u0130zmit Cephanelik mevkisinde 368 bin 668 metrekare alanda in\u015fa edilen ve b\u00fcnyesinde 6 farkl\u0131 hastane bulunan Kocaeli \u015eehir Hastanesinin acil servis birimleri ile baz\u0131 poliklinikler, 3 Nisan&#8217;dan bu yana hasta kabul ediyor. Kocaeli tarihindeki &#8220;en b\u00fcy\u00fck sa\u011fl\u0131k yat\u0131r\u0131m\u0131&#8221; [&hellip;]<\/p>\n","protected":false},"author":1,"featured_media":4307,"comment_status":"","ping_status":"","sticky":false,"template":"","format":"standard","meta":[],"categories":[46],"tags":[],"_links":{"self":[{"href":"https:\/\/kraios.app\/news\/wp-json\/wp\/v2\/posts\/4306"}],"collection":[{"href":"https:\/\/kraios.app\/news\/wp-json\/wp\/v2\/posts"}],"about":[{"href":"https:\/\/kraios.app\/news\/wp-json\/wp\/v2\/types\/post"}],"author":[{"embeddable":true,"href":"https:\/\/kraios.app\/news\/wp-json\/wp\/v2\/users\/1"}],"replies":[{"embeddable":true,"href":"https:\/\/kraios.app\/news\/wp-json\/wp\/v2\/comments?post=4306"}],"version-history":[{"count":0,"href":"https:\/\/kraios.app\/news\/wp-json\/wp\/v2\/posts\/4306\/revisions"}],"wp:featuredmedia":[{"embeddable":true,"href":"https:\/\/kraios.app\/news\/wp-json\/wp\/v2\/media\/4307"}],"wp:attachment":[{"href":"https:\/\/kraios.app\/news\/wp-json\/wp\/v2\/media?parent=4306"}],"wp:term":[{"taxonomy":"category","embeddable":true,"href":"https:\/\/kraios.app\/news\/wp-json\/wp\/v2\/categories?post=4306"},{"taxonomy":"post_tag","embeddable":true,"href":"https:\/\/kraios.app\/news\/wp-json\/wp\/v2\/tags?post=4306"}],"curies":[{"name":"wp","href":"https:\/\/api.w.org\/{rel}","templated":true}]}}