{"id":4281,"date":"2023-05-07T11:20:07","date_gmt":"2023-05-07T11:20:07","guid":{"rendered":"https:\/\/kraios.app\/news\/gundem\/2023\/05\/07\/turk-kizilay-subesinden-ozel-gereksinimli-depremzede-cocuklarin-ailelerine-destek\/"},"modified":"2023-05-07T11:20:07","modified_gmt":"2023-05-07T11:20:07","slug":"turk-kizilay-subesinden-ozel-gereksinimli-depremzede-cocuklarin-ailelerine-destek","status":"publish","type":"post","link":"https:\/\/kraios.app\/news\/gundem\/2023\/05\/07\/turk-kizilay-subesinden-ozel-gereksinimli-depremzede-cocuklarin-ailelerine-destek\/","title":{"rendered":"T\u00fcrk K\u0131z\u0131lay \u015eubesinden \u00f6zel gereksinimli depremzede \u00e7ocuklar\u0131n ailelerine destek"},"content":{"rendered":"<p>T\u00fcrk K\u0131z\u0131lay Ye\u015filyurt \u015eubesi, Malatya&#8217;da konteynerde ya\u015famlar\u0131n\u0131 s\u00fcrd\u00fcren \u00f6zel \u00e7ocuklar\u0131n ailelerine g\u0131da ve hijyen malzemesi yard\u0131m\u0131 yapt\u0131.<\/p>\n","protected":false},"excerpt":{"rendered":"<p>T\u00fcrk K\u0131z\u0131lay Ye\u015filyurt \u015eubesi, Malatya&#8217;da konteynerde ya\u015famlar\u0131n\u0131 s\u00fcrd\u00fcren \u00f6zel \u00e7ocuklar\u0131n ailelerine g\u0131da ve hijyen malzemesi yard\u0131m\u0131 yapt\u0131.<\/p>\n","protected":false},"author":1,"featured_media":4282,"comment_status":"","ping_status":"","sticky":false,"template":"","format":"standard","meta":[],"categories":[1],"tags":[],"_links":{"self":[{"href":"https:\/\/kraios.app\/news\/wp-json\/wp\/v2\/posts\/4281"}],"collection":[{"href":"https:\/\/kraios.app\/news\/wp-json\/wp\/v2\/posts"}],"about":[{"href":"https:\/\/kraios.app\/news\/wp-json\/wp\/v2\/types\/post"}],"author":[{"embeddable":true,"href":"https:\/\/kraios.app\/news\/wp-json\/wp\/v2\/users\/1"}],"replies":[{"embeddable":true,"href":"https:\/\/kraios.app\/news\/wp-json\/wp\/v2\/comments?post=4281"}],"version-history":[{"count":0,"href":"https:\/\/kraios.app\/news\/wp-json\/wp\/v2\/posts\/4281\/revisions"}],"wp:featuredmedia":[{"embeddable":true,"href":"https:\/\/kraios.app\/news\/wp-json\/wp\/v2\/media\/4282"}],"wp:attachment":[{"href":"https:\/\/kraios.app\/news\/wp-json\/wp\/v2\/media?parent=4281"}],"wp:term":[{"taxonomy":"category","embeddable":true,"href":"https:\/\/kraios.app\/news\/wp-json\/wp\/v2\/categories?post=4281"},{"taxonomy":"post_tag","embeddable":true,"href":"https:\/\/kraios.app\/news\/wp-json\/wp\/v2\/tags?post=4281"}],"curies":[{"name":"wp","href":"https:\/\/api.w.org\/{rel}","templated":true}]}}