{"id":4271,"date":"2023-05-07T08:20:05","date_gmt":"2023-05-07T08:20:05","guid":{"rendered":"https:\/\/kraios.app\/news\/saglik\/2023\/05\/07\/turkiyede-nufusun-yuzde-21i-akdeniz-anemisi-hastaligini-tasiyor\/"},"modified":"2023-05-07T08:20:05","modified_gmt":"2023-05-07T08:20:05","slug":"turkiyede-nufusun-yuzde-21i-akdeniz-anemisi-hastaligini-tasiyor","status":"publish","type":"post","link":"https:\/\/kraios.app\/news\/saglik\/2023\/05\/07\/turkiyede-nufusun-yuzde-21i-akdeniz-anemisi-hastaligini-tasiyor\/","title":{"rendered":"T\u00fcrkiye&#8217;de n\u00fcfusun y\u00fczde 2,1&#8217;i Akdeniz anemisi hastal\u0131\u011f\u0131n\u0131 ta\u015f\u0131yor"},"content":{"rendered":"<p><\/p>\n<div>\n<p>AA muhabirinin 8 May\u0131s D\u00fcnya Talasemi G\u00fcn\u00fc dolay\u0131s\u0131yla Bakanl\u0131k Halk Sa\u011fl\u0131\u011f\u0131 Genel M\u00fcd\u00fcrl\u00fc\u011f\u00fcnden edindi\u011fi bilgilere g\u00f6re, talasemi ve orak h\u00fccre anemisinin ba\u015fta oldu\u011fu kal\u0131tsal kan hastal\u0131klar\u0131, T\u00fcrkiye ve d\u00fcnyada \u00f6nemli bir halk sa\u011fl\u0131\u011f\u0131 sorunu olarak g\u00f6r\u00fcl\u00fcyor.<\/p>\n<p>Akdeniz \u00e7evresindeki \u00fclkelerde s\u0131k g\u00f6r\u00fclmesi nedeniyle &#8220;Akdeniz anemisi&#8221; olarak da bilinen hastal\u0131\u011f\u0131n en ciddi formunu &#8220;beta talasemi&#8221; olu\u015fturuyor.<\/p>\n<p>T\u00fcrkiye&#8217;de &#8220;beta talasemi&#8221; ta\u015f\u0131y\u0131c\u0131 s\u0131kl\u0131\u011f\u0131 ortalama y\u00fczde 2,1 ancak bu oran, b\u00f6lgelere g\u00f6re y\u00fczde 0,6 ile y\u00fczde 13 aras\u0131nda de\u011fi\u015febiliyor.<\/p>\n<h3>Akraba evlilikleri hastal\u0131\u011f\u0131n g\u00f6r\u00fclme s\u0131kl\u0131\u011f\u0131n\u0131 art\u0131r\u0131yor<\/h3>\n<p>T\u00fcrkiye&#8217;de akraba evliliklerinin fazla olmas\u0131, genetik ge\u00e7i\u015fli bir hastal\u0131k olan talaseminin g\u00f6r\u00fclme s\u0131kl\u0131\u011f\u0131n\u0131 artt\u0131r\u0131yor. Bu nedenle her y\u0131l y\u00fczlerce talasemi hastas\u0131 bebek d\u00fcnyaya geliyor.<\/p>\n<p>Talasemi hastal\u0131\u011f\u0131 ta\u015f\u0131y\u0131c\u0131l\u0131\u011f\u0131 kan testleri arac\u0131l\u0131\u011f\u0131yla \u00f6\u011freniliyor. Bunun haricinde bir\u00e7ok ta\u015f\u0131y\u0131c\u0131, \u00e7ocuk sahibi olana kadar hastal\u0131\u011f\u0131 ta\u015f\u0131d\u0131\u011f\u0131ndan habersiz oluyor.<\/p>\n<h3>Evlilik \u00f6ncesi tarama program\u0131 81 ilde uygulan\u0131yor<\/h3>\n<p>Sa\u011fl\u0131k Bakanl\u0131\u011f\u0131, hastal\u0131\u011f\u0131 ta\u015f\u0131yan ki\u015fileri \u00f6nceden saptamak ve \u00e7ocuk sahibi olmay\u0131 planlad\u0131klar\u0131nda genetik dan\u0131\u015fmanl\u0131k deste\u011fi vermek amac\u0131yla T\u00fcrkiye&#8217;nin 81 ilinde &#8220;Evlilik \u00d6ncesi Hemoglobinopati Tarama Program\u0131&#8221;n\u0131 uyguluyor.<\/p>\n<p>Program kapsam\u0131nda, evlilik \u00f6ncesi sa\u011fl\u0131k raporu almak i\u00e7in aile hekimlerine ba\u015fvuran e\u015f adaylar\u0131na dan\u0131\u015fmanl\u0131k hizmeti sunulup ard\u0131ndan erkek e\u015f aday\u0131ndan kan \u00f6rne\u011fi al\u0131narak tarama testleri yap\u0131l\u0131yor.<\/p>\n<p>E\u011fer erkek e\u015f aday\u0131 hemoglobinopati a\u00e7\u0131s\u0131ndan ta\u015f\u0131y\u0131c\u0131 ya da \u015f\u00fcpheli \u00e7\u0131karsa kad\u0131n e\u015f aday\u0131na da tarama testi ger\u00e7ekle\u015ftiriliyor.<\/p>\n<h3>Ta\u015f\u0131y\u0131c\u0131 \u00e7iftlere devlet deste\u011fiyle genetik dan\u0131\u015fmanl\u0131k hizmeti<\/h3>\n<p>Anne ve baba aday\u0131n\u0131n her ikisinin de ta\u015f\u0131y\u0131c\u0131 oldu\u011fu durumlarda do\u011fan bebekte y\u00fcksek oranda talasemi \u00e7\u0131kma riski bulunuyor.<\/p>\n<p>Taramalar sayesinde talasemi ta\u015f\u0131y\u0131c\u0131s\u0131 \u00e7iftler ise \u00f6nceden bunu bilip, \u00e7ocuklar\u0131n\u0131n sa\u011fl\u0131kla d\u00fcnyaya gelmesi i\u00e7in gereken t\u0131bbi deste\u011fi alma imkan\u0131n\u0131 yakal\u0131yor.<\/p>\n<p>Bu durumdaki \u00e7iftler, devlet deste\u011fiyle merkezlere y\u00f6nlendirilerek genetik dan\u0131\u015fmanl\u0131k hizmetinden yararlan\u0131yor ve istediklerinde Preimplantasyon Genetik Tan\u0131 (PGT) y\u00f6ntemiyle sa\u011fl\u0131kl\u0131 bir bebek sahibi olabiliyor.<\/p>\n<p>                            <span class=\"detay-foto-editor\">&#13;<br \/>\n                                <a href=\"https:\/\/www.aa.com.tr\/tr\/p\/abonelik-talep-formu\/1001\" target=\"_blank\" style=\"font-size:12px; color:#444; text-decoration:none;\" rel=\"noopener\">&#13;<br \/>\n                                    Anadolu Ajans\u0131 web sitesinde, AA Haber Ak\u0131\u015f Sistemi (HAS) \u00fczerinden abonelere sunulan haberler, \u00f6zetlenerek yay\u0131mlanmaktad\u0131r. <b style=\"color:#1897F7\">Abonelik i\u00e7in l\u00fctfen ileti\u015fime ge\u00e7iniz.<\/b>&#13;<br \/>\n                                <\/a>&#13;<br \/>\n                            <\/span>\n                        <\/div>\n<p><script>\n\t  window.fbAsyncInit = function() {\n\t\tFB.init({\n\t\t  appId: '1855843514662870',\n\t\t  status : true, \/\/ check login status\n\t\t  cookie : true, \/\/ enable cookies to allow the server to access the session\n\t\t  xfbml  : true  \/\/ parse XFBML\n\t\t});\n\t  };<\/p>\n<p>\t  (function() {\n\t\tvar e = document.createElement('script');\n\t\te.src=\"https:\/\/connect.facebook.net\/tr_TR\/all.js\";\n\t\te.async = true;\n\t\tdocument.getElementById('fb-root').appendChild(e);\n\t  }());\n    <\/script><\/p>\n","protected":false},"excerpt":{"rendered":"<p>AA muhabirinin 8 May\u0131s D\u00fcnya Talasemi G\u00fcn\u00fc dolay\u0131s\u0131yla Bakanl\u0131k Halk Sa\u011fl\u0131\u011f\u0131 Genel M\u00fcd\u00fcrl\u00fc\u011f\u00fcnden edindi\u011fi bilgilere g\u00f6re, talasemi ve orak h\u00fccre anemisinin ba\u015fta oldu\u011fu kal\u0131tsal kan hastal\u0131klar\u0131, T\u00fcrkiye ve d\u00fcnyada \u00f6nemli bir halk sa\u011fl\u0131\u011f\u0131 sorunu olarak g\u00f6r\u00fcl\u00fcyor. Akdeniz \u00e7evresindeki \u00fclkelerde s\u0131k g\u00f6r\u00fclmesi nedeniyle &#8220;Akdeniz anemisi&#8221; olarak da bilinen hastal\u0131\u011f\u0131n en ciddi formunu &#8220;beta talasemi&#8221; olu\u015fturuyor. T\u00fcrkiye&#8217;de [&hellip;]<\/p>\n","protected":false},"author":1,"featured_media":4272,"comment_status":"","ping_status":"","sticky":false,"template":"","format":"standard","meta":[],"categories":[46],"tags":[],"_links":{"self":[{"href":"https:\/\/kraios.app\/news\/wp-json\/wp\/v2\/posts\/4271"}],"collection":[{"href":"https:\/\/kraios.app\/news\/wp-json\/wp\/v2\/posts"}],"about":[{"href":"https:\/\/kraios.app\/news\/wp-json\/wp\/v2\/types\/post"}],"author":[{"embeddable":true,"href":"https:\/\/kraios.app\/news\/wp-json\/wp\/v2\/users\/1"}],"replies":[{"embeddable":true,"href":"https:\/\/kraios.app\/news\/wp-json\/wp\/v2\/comments?post=4271"}],"version-history":[{"count":0,"href":"https:\/\/kraios.app\/news\/wp-json\/wp\/v2\/posts\/4271\/revisions"}],"wp:featuredmedia":[{"embeddable":true,"href":"https:\/\/kraios.app\/news\/wp-json\/wp\/v2\/media\/4272"}],"wp:attachment":[{"href":"https:\/\/kraios.app\/news\/wp-json\/wp\/v2\/media?parent=4271"}],"wp:term":[{"taxonomy":"category","embeddable":true,"href":"https:\/\/kraios.app\/news\/wp-json\/wp\/v2\/categories?post=4271"},{"taxonomy":"post_tag","embeddable":true,"href":"https:\/\/kraios.app\/news\/wp-json\/wp\/v2\/tags?post=4271"}],"curies":[{"name":"wp","href":"https:\/\/api.w.org\/{rel}","templated":true}]}}