{"id":4259,"date":"2023-05-07T02:42:12","date_gmt":"2023-05-07T02:42:12","guid":{"rendered":"https:\/\/kraios.app\/news\/saglik\/2023\/05\/07\/sac-ekimi-merkezlerine-yeni-standart-getirildi\/"},"modified":"2023-05-07T02:42:12","modified_gmt":"2023-05-07T02:42:12","slug":"sac-ekimi-merkezlerine-yeni-standart-getirildi","status":"publish","type":"post","link":"https:\/\/kraios.app\/news\/saglik\/2023\/05\/07\/sac-ekimi-merkezlerine-yeni-standart-getirildi\/","title":{"rendered":"Sa\u00e7 ekimi merkezlerine yeni standart getirildi"},"content":{"rendered":"<p><\/p>\n<div>\n<p>Sa\u011fl\u0131k Bakanl\u0131\u011f\u0131nca yap\u0131lan d\u00fczenlemeyle sa\u011fl\u0131k kurulu\u015flar\u0131 b\u00fcnyesindeki sa\u00e7 ekimi birimlerinde, yaln\u0131zca sertifikas\u0131 Bakanl\u0131k\u00e7a tescil edilmi\u015f personel \u00e7al\u0131\u015fabilecek, sa\u00e7 ekimi uygulay\u0131c\u0131 sertifikas\u0131 ve sa\u00e7 ekim uygulay\u0131c\u0131 yard\u0131mc\u0131 sertifikas\u0131 olmayan ki\u015filer sa\u00e7 ekimi yapamayacak.<\/p>\n<p>Sa\u011fl\u0131k Bakanl\u0131\u011f\u0131nca haz\u0131rlanan Sa\u00e7 Ekimi Birimleri Hakk\u0131nda Y\u00f6netmelik, bug\u00fcnk\u00fc Resmi Gazete&#8217;de yay\u0131mland\u0131.<\/p>\n<p>Y\u00f6netmelikle sa\u00e7 ekimi birimlerinin a\u00e7\u0131lmas\u0131na, sa\u00e7 ekimi uygulamas\u0131na ait asgari standartlar ile sa\u00e7 ekimi birimlerinde g\u00f6rev yapacak personelin belirlenmesine ve sa\u00e7 ekimi birimlerinin denetlenmesine ili\u015fkin usul ve esaslar d\u00fczenlendi.<\/p>\n<p>Buna g\u00f6re, sa\u00e7 ekimi birimleri, Bakanl\u0131\u011fa ait hastaneler, devlet ve vak\u0131f \u00fcniversitelerine ait hastaneler, ger\u00e7ek ve \u00f6zel hukuk t\u00fczel ki\u015filerine ait \u00f6zel hastaneler, t\u0131p merkezleri ve poliklinikler b\u00fcnyesinde y\u00f6netmelik kapsam\u0131nda faaliyet izin belgesi al\u0131narak a\u00e7\u0131labilecek.<\/p>\n<h3>Sa\u00e7 ekimi uygulay\u0131c\u0131 sertifikas\u0131 zorunlulu\u011fu <\/h3>\n<p>Sa\u00e7 ekimi birimi a\u00e7mak isteyen sa\u011fl\u0131k kurulu\u015flar\u0131, y\u00f6netmelikte belirlenen \u015fartlar\u0131 sa\u011flayarak il sa\u011fl\u0131k m\u00fcd\u00fcrl\u00fcklerine ba\u015fvuracak.<\/p>\n<p>Sa\u00e7 ekimi birimi a\u00e7m\u0131\u015f Bakanl\u0131\u011fa ait hastaneler, devlet ve vak\u0131f \u00fcniversite hastaneleri, \u00f6zel hastaneler ve yeni tip t\u0131p merkezleri b\u00fcnyesindeki sa\u00e7 ekimi birimlerine il sa\u011fl\u0131k m\u00fcd\u00fcrl\u00fcklerinin \u00f6nerisi ve Bakanl\u0131\u011f\u0131n onay\u0131yla &#8220;sa\u00e7 ekimi e\u011fitim merkezi&#8221; yetkisi verilebilecek.<\/p>\n<p>E\u011fitim merkezlerinde tabipler ve tabip d\u0131\u015f\u0131 sa\u011fl\u0131k meslek mensubu i\u00e7in ayr\u0131 ayr\u0131 d\u00fczenlenen sertifika programlar\u0131 ile sa\u00e7 ekimi uygulay\u0131c\u0131 sertifikas\u0131 ve sa\u00e7 ekimi yard\u0131mc\u0131 uygulay\u0131c\u0131 sertifikas\u0131 verilebilecek. <\/p>\n<p>Sa\u00e7 ekimi uygulay\u0131c\u0131 sertifikas\u0131 ve sa\u00e7 ekimi yard\u0131mc\u0131 uygulay\u0131c\u0131 sertifikas\u0131 e\u011fitim program\u0131n\u0131n s\u00fcresi ve program i\u00e7eri\u011fi Bakanl\u0131k\u00e7a belirlenecek. Sa\u00e7 ekimi uygulay\u0131c\u0131 sertifikas\u0131 program\u0131na sadece tabipler kat\u0131labilecekken sa\u00e7 ekimi yard\u0131mc\u0131 uygulay\u0131c\u0131 sertifikas\u0131 program\u0131na ise tabip d\u0131\u015f\u0131 sa\u011fl\u0131k meslek mensubu da i\u015ftirak edebilecek.<\/p>\n<p>Yurt d\u0131\u015f\u0131ndan al\u0131nm\u0131\u015f sa\u00e7 ekimi uygulay\u0131c\u0131 sertifikalar\u0131 Bakanl\u0131k\u00e7a ilgili mevzuata g\u00f6re uygun g\u00f6r\u00fclmesi halinde ge\u00e7erli kabul edilecek. <\/p>\n<h3>Sertifikas\u0131 olmayanlar sa\u00e7 ekimi yapamayacak <\/h3>\n<p>Sa\u00e7 ekimi birimlerinde yaln\u0131zca Bakanl\u0131k\u00e7a sertifikas\u0131 tescil edilmi\u015f sertifikal\u0131 personel \u00e7al\u0131\u015fabilecek. Sa\u00e7 ekimi uygulay\u0131c\u0131 sertifikas\u0131 ve sa\u00e7 ekim uygulay\u0131c\u0131 yard\u0131mc\u0131 sertifikas\u0131 olmayan ki\u015filer sa\u00e7 ekimi yapamayacak.<\/p>\n<p>Bakanl\u0131k\u00e7a tescili yap\u0131lm\u0131\u015f medikal estetik sertifikas\u0131na sahip tabip ve uzman tabiplerden, plastik, rekonstr\u00fcktif ve estetik cerrahi ile deri ve z\u00fchrevi hastal\u0131klar\u0131 uzmanlar\u0131ndan ayr\u0131ca sa\u00e7 ekimi uygulay\u0131c\u0131 sertifikas\u0131 istenmeyecek. <\/p>\n<p>&#8211; Sa\u00e7 ekimi yapan sa\u011fl\u0131k kurulu\u015flar\u0131 Bakanl\u0131k sitesinde yay\u0131mlanacak <\/p>\n<p>Sa\u00e7 ekim birimlerinde ki\u015filere yap\u0131lan i\u015flemler Bakanl\u0131\u011f\u0131n elektronik sistemine kay\u0131t edilecek. Ayr\u0131ca b\u00fcnyesinde sa\u00e7 ekim birimi kurulan sa\u011fl\u0131k kurulu\u015flar\u0131 Bakanl\u0131k\u00e7a olu\u015fturulan portala kay\u0131t edilerek ve web ortam\u0131nda a\u00e7\u0131k \u015fekilde yay\u0131mlanacak. <\/p>\n<h3>Sa\u011fl\u0131k kurulu\u015flar\u0131na bir y\u0131ll\u0131k uyum s\u00fcresi verildi <\/h3>\n<p>Mevcut sa\u00e7 ekimi uygulamas\u0131 yap\u0131lan sa\u011fl\u0131k kurulu\u015flar\u0131nda \u00e7al\u0131\u015fan tabip d\u0131\u015f\u0131 sa\u011fl\u0131k meslek mensuplar\u0131 3 y\u0131l i\u00e7erisinde sa\u00e7 ekimi yard\u0131mc\u0131 uygulay\u0131c\u0131s\u0131 sertifikas\u0131 almak zorunda olacak. Bu s\u00fcre i\u00e7erisinde ilgili tabibin g\u00f6zetiminde \u00e7al\u0131\u015fmaya devam edebilecekler.<\/p>\n<p>Sa\u00e7 ekimi birimi bulunan sa\u011fl\u0131k kurulu\u015flar\u0131nda en az 2 y\u0131l s\u00fcreyle ad\u0131na personel \u00e7al\u0131\u015fma belgesi d\u00fczenlenmi\u015f ve aktif olarak sa\u00e7 ekimi biriminde devaml\u0131 \u00e7al\u0131\u015ft\u0131\u011f\u0131n\u0131 belgeleyen tabip d\u0131\u015f\u0131 sa\u011fl\u0131k meslek mensubuna, 6 ay i\u00e7erisinde Bakanl\u0131\u011fa m\u00fcracaat etmeleri halinde, sa\u00e7 ekimi yard\u0131mc\u0131 uygulay\u0131c\u0131 sertifikas\u0131 d\u00fczenlenecek. <\/p>\n<p>Halihaz\u0131rda sa\u00e7 ekimi uygulamas\u0131 yapma izni olan t\u00fcm sa\u011fl\u0131k kurulu\u015flar\u0131, bir y\u0131ll\u0131k s\u00fcre i\u00e7erisinde y\u00f6netmelikte yer verilen \u015fartlar\u0131 sa\u011flamalar\u0131 halinde sa\u00e7 ekimi uygulamalar\u0131na devam edebilecek. Bu s\u00fcre sonunda, s\u00f6z konusu \u015fartlar\u0131 sa\u011flayamayan sa\u011fl\u0131k kurulu\u015flar\u0131n\u0131n izinleri iptal edilecek. <\/p>\n<p>Y\u00f6netmelik bug\u00fcnden itibaren y\u00fcr\u00fcrl\u00fc\u011fe girdi. <\/p>\n<h3>&#8220;K\u0131l\u0131 k\u0131rk yaran y\u00f6netmelik&#8221;<\/h3>\n<p>Sa\u011fl\u0131k Bakan\u0131 Fahrettin Koca, y\u00f6netmeli\u011fe ili\u015fkin sosyal medya hesab\u0131ndan yapt\u0131\u011f\u0131 payla\u015f\u0131mda, &#8220;Sa\u00e7 ekimi birimleri hakk\u0131nda k\u0131l\u0131 k\u0131rk yaran y\u00f6netmelik.&#8221; tan\u0131m\u0131n\u0131 kulland\u0131.<\/p>\n<p>Sa\u00e7 ekiminin T\u00fcrkiye&#8217;de her ge\u00e7en g\u00fcn b\u00fcy\u00fcyen sa\u011fl\u0131k turizminde \u00f6nemli bir yere sahip oldu\u011funa dikkati \u00e7eken Koca \u015funlar\u0131 kaydetti:<\/p>\n<blockquote class=\"twitter-tweet\">\n<p dir=\"ltr\" lang=\"tr\">SA\u00c7 EK\u0130M\u0130 B\u0130R\u0130MLER\u0130 HAKKINDA KILI KIRK YARAN Y\u00d6NETMEL\u0130K<\/p>\n<p>Sa\u00e7 ekimi, \u00fclkemizde her ge\u00e7en g\u00fcn b\u00fcy\u00fcyen sa\u011fl\u0131k turizminde \u00f6nemli yere sahip. Sa\u00e7 Ekimi Birimleri Hakk\u0131nda Y\u00f6netmelik, hem yurt d\u0131\u015f\u0131ndan gelenlerin hem de kendi vatanda\u015f\u0131m\u0131z\u0131n ald\u0131\u011f\u0131 hizmetle bu hizmeti veren birimler\u2026<\/p>\n<p>\u2014 Dr. Fahrettin Koca (@drfahrettinkoca) <a href=\"https:\/\/twitter.com\/drfahrettinkoca\/status\/1654908221302210560?ref_src=twsrc%5Etfw\">May 6, 2023<\/a><\/p><\/blockquote>\n<p>&#8220;Y\u00f6netmelik, hem yurt d\u0131\u015f\u0131ndan gelenlerin hem de kendi vatanda\u015f\u0131m\u0131z\u0131n ald\u0131\u011f\u0131 hizmetle bu hizmeti veren birimler i\u00e7in kapsaml\u0131 standartlar getiriyor. Y\u00f6netmelik, sa\u00e7 ekimi i\u015flemlerinin t\u0131bbi ilkelere tam olarak uyularak uzmanlar taraf\u0131ndan yap\u0131lmas\u0131n\u0131, konuyla ilgili personelinse e\u011fitimi ile deneyiminin belgelendirilmi\u015f olmas\u0131n\u0131, denetimi, kay\u0131t d\u0131\u015f\u0131l\u0131\u011f\u0131n \u00f6nlenmesini ama\u00e7l\u0131yor. Sonu\u00e7lara y\u00f6nelik standartlar\u0131 belirliyor. Sa\u011fl\u0131kta ve sa\u011fl\u0131k turizmindeki bu yeni geli\u015fme hay\u0131rl\u0131 olsun.&#8221;<\/p>\n<p>                            <span class=\"detay-foto-editor\">&#13;<br \/>\n                                <a href=\"https:\/\/www.aa.com.tr\/tr\/p\/abonelik-talep-formu\/1001\" target=\"_blank\" style=\"font-size:12px; color:#444; text-decoration:none;\" rel=\"noopener\">&#13;<br \/>\n                                    Anadolu Ajans\u0131 web sitesinde, AA Haber Ak\u0131\u015f Sistemi (HAS) \u00fczerinden abonelere sunulan haberler, \u00f6zetlenerek yay\u0131mlanmaktad\u0131r. <b style=\"color:#1897F7\">Abonelik i\u00e7in l\u00fctfen ileti\u015fime ge\u00e7iniz.<\/b>&#13;<br \/>\n                                <\/a>&#13;<br \/>\n                            <\/span>\n                        <\/div>\n<p><script async src=\"\/\/platform.twitter.com\/widgets.js\" charset=\"utf-8\"><\/script><script>\n\t  window.fbAsyncInit = function() {\n\t\tFB.init({\n\t\t  appId: '1855843514662870',\n\t\t  status : true, \/\/ check login status\n\t\t  cookie : true, \/\/ enable cookies to allow the server to access the session\n\t\t  xfbml  : true  \/\/ parse XFBML\n\t\t});\n\t  };<\/p>\n<p>\t  (function() {\n\t\tvar e = document.createElement('script');\n\t\te.src=\"https:\/\/connect.facebook.net\/tr_TR\/all.js\";\n\t\te.async = true;\n\t\tdocument.getElementById('fb-root').appendChild(e);\n\t  }());\n    <\/script><\/p>\n","protected":false},"excerpt":{"rendered":"<p>Sa\u011fl\u0131k Bakanl\u0131\u011f\u0131nca yap\u0131lan d\u00fczenlemeyle sa\u011fl\u0131k kurulu\u015flar\u0131 b\u00fcnyesindeki sa\u00e7 ekimi birimlerinde, yaln\u0131zca sertifikas\u0131 Bakanl\u0131k\u00e7a tescil edilmi\u015f personel \u00e7al\u0131\u015fabilecek, sa\u00e7 ekimi uygulay\u0131c\u0131 sertifikas\u0131 ve sa\u00e7 ekim uygulay\u0131c\u0131 yard\u0131mc\u0131 sertifikas\u0131 olmayan ki\u015filer sa\u00e7 ekimi yapamayacak. Sa\u011fl\u0131k Bakanl\u0131\u011f\u0131nca haz\u0131rlanan Sa\u00e7 Ekimi Birimleri Hakk\u0131nda Y\u00f6netmelik, bug\u00fcnk\u00fc Resmi Gazete&#8217;de yay\u0131mland\u0131. Y\u00f6netmelikle sa\u00e7 ekimi birimlerinin a\u00e7\u0131lmas\u0131na, sa\u00e7 ekimi uygulamas\u0131na ait asgari standartlar [&hellip;]<\/p>\n","protected":false},"author":1,"featured_media":4260,"comment_status":"","ping_status":"","sticky":false,"template":"","format":"standard","meta":[],"categories":[46],"tags":[],"_links":{"self":[{"href":"https:\/\/kraios.app\/news\/wp-json\/wp\/v2\/posts\/4259"}],"collection":[{"href":"https:\/\/kraios.app\/news\/wp-json\/wp\/v2\/posts"}],"about":[{"href":"https:\/\/kraios.app\/news\/wp-json\/wp\/v2\/types\/post"}],"author":[{"embeddable":true,"href":"https:\/\/kraios.app\/news\/wp-json\/wp\/v2\/users\/1"}],"replies":[{"embeddable":true,"href":"https:\/\/kraios.app\/news\/wp-json\/wp\/v2\/comments?post=4259"}],"version-history":[{"count":0,"href":"https:\/\/kraios.app\/news\/wp-json\/wp\/v2\/posts\/4259\/revisions"}],"wp:featuredmedia":[{"embeddable":true,"href":"https:\/\/kraios.app\/news\/wp-json\/wp\/v2\/media\/4260"}],"wp:attachment":[{"href":"https:\/\/kraios.app\/news\/wp-json\/wp\/v2\/media?parent=4259"}],"wp:term":[{"taxonomy":"category","embeddable":true,"href":"https:\/\/kraios.app\/news\/wp-json\/wp\/v2\/categories?post=4259"},{"taxonomy":"post_tag","embeddable":true,"href":"https:\/\/kraios.app\/news\/wp-json\/wp\/v2\/tags?post=4259"}],"curies":[{"name":"wp","href":"https:\/\/api.w.org\/{rel}","templated":true}]}}