{"id":4243,"date":"2023-05-06T20:20:09","date_gmt":"2023-05-06T20:20:09","guid":{"rendered":"https:\/\/kraios.app\/news\/gundem\/2023\/05\/06\/tarihi-mostar-koprusunun-30-yil-onceki-yikilma-anina-ait-yeni-goruntu-paylasildi\/"},"modified":"2023-05-06T20:20:09","modified_gmt":"2023-05-06T20:20:09","slug":"tarihi-mostar-koprusunun-30-yil-onceki-yikilma-anina-ait-yeni-goruntu-paylasildi","status":"publish","type":"post","link":"https:\/\/kraios.app\/news\/gundem\/2023\/05\/06\/tarihi-mostar-koprusunun-30-yil-onceki-yikilma-anina-ait-yeni-goruntu-paylasildi\/","title":{"rendered":"Tarihi Mostar K\u00f6pr\u00fcs\u00fc&#8217;n\u00fcn 30 y\u0131l \u00f6nceki y\u0131k\u0131lma an\u0131na ait yeni g\u00f6r\u00fcnt\u00fc payla\u015f\u0131ld\u0131"},"content":{"rendered":"<p><\/p>\n<div>\n<p>Mostar Askerleri Birli\u011fi (JOB) ve Mostar Bar\u0131\u015f ve \u00c7ok Etnikli \u0130\u015fbirli\u011fi Merkezinin ilk kez payla\u015ft\u0131\u011f\u0131 kay\u0131tta, Bosna Hersek&#8217;teki sava\u015f zaman\u0131nda y\u0131k\u0131lan Mostar K\u00f6pr\u00fcs\u00fc&#8217;n\u00fcn, H\u0131rvat Savunma Konseyi (HVO) birliklerinin konu\u015fland\u0131\u011f\u0131 taraftan \u00e7ekilmi\u015f g\u00f6r\u00fcnt\u00fcleri kamuoyuna g\u00f6sterildi.<\/p>\n<p>Yap\u0131lan yaz\u0131l\u0131 a\u00e7\u0131klama, H\u0131rvat birliklerinin k\u00f6pr\u00fcn\u00fcn y\u0131k\u0131lma an\u0131n\u0131 kay\u0131t alt\u0131na ald\u0131\u011f\u0131 belirtilirken, &#8220;G\u00f6r\u00fcnt\u00fcde H\u0131rvat birliklerinin k\u00f6pr\u00fcn\u00fcn en hassas noktalar\u0131n\u0131 nas\u0131l hedef ald\u0131klar\u0131 g\u00f6zler \u00f6n\u00fcne seriliyor.&#8221; ifadelerine yer verildi.<\/p>\n<p>Mostar Bar\u0131\u015f ve \u00c7ok Etnikli \u0130\u015fbirli\u011fi Merkezi M\u00fcd\u00fcr\u00fc Safet Orucevic de kay\u0131tlara tesad\u00fcfen ula\u015ft\u0131klar\u0131n\u0131 s\u00f6yleyerek, &#8220;\u00c7at\u0131\u015fma ve sava\u015f kelimelerini \u00e7ok kolay kullanabilenler g\u00f6r\u00fcnt\u00fcy\u00fc mutlaka izlemeli ve Bosna Hersek ile Mostar&#8217;\u0131n neler ya\u015fad\u0131klar\u0131n\u0131 g\u00f6rmeli.&#8221; dedi.<\/p>\n<p>Bu arada, Mostar yak\u0131nlar\u0131ndaki Hum tepesine konu\u015flanm\u0131\u015f H\u0131rvat askerler taraf\u0131ndan \u00e7ekilen g\u00f6r\u00fcnt\u00fcde, Mostar K\u00f6pr\u00fcs\u00fc&#8217;ne yap\u0131lan isabetli at\u0131\u015flar\u0131n ard\u0131ndan askerlerin kutlama ve Bo\u015fnaklara hakaret s\u00f6ylemleri duyuluyor.<\/p>\n<h3>Tarihi Mostar K\u00f6pr\u00fcs\u00fc, yeniden in\u015fa edildi<\/h3>\n<p>Bosna Hersek&#8217;teki en \u00f6nemli Osmanl\u0131 eserlerinden biri olan Mostar K\u00f6pr\u00fcs\u00fc, Mimar Hayreddin taraf\u0131ndan 1566&#8217;da in\u015fa edildi.<\/p>\n<p>Sava\u015fta HVO&#8217;ya ba\u011fl\u0131 top\u00e7u birliklerinin, 8 Kas\u0131m 1993&#8217;te ba\u015flatt\u0131\u011f\u0131 yo\u011fun top at\u0131\u015flar\u0131na dayanamayan Mostar K\u00f6pr\u00fcs\u00fc, bir g\u00fcn sonra saat 10.16&#8217;da y\u0131k\u0131ld\u0131.<\/p>\n<p>As\u0131rlar boyunca farkl\u0131 k\u00fclt\u00fcr ve medeniyetleri birbirine ba\u011flayan bu k\u00f6pr\u00fcn\u00fcn y\u0131k\u0131lmas\u0131, Bosna&#8217;daki sava\u015fta d\u00fcnya kamuoyunun en fazla tepkisini \u00e7eken olaylardan biri olurken bir\u00e7ok \u00fclke bu yap\u0131lana sessiz kalmad\u0131.<\/p>\n<p>T\u00fcrkiye&#8217;nin de aralar\u0131nda bulundu\u011fu baz\u0131 \u00fclke ve uluslararas\u0131 kurulu\u015flar\u0131n deste\u011fiyle asl\u0131na uygun olarak yeniden in\u015fa edilen Mostar K\u00f6pr\u00fcs\u00fc, 2004&#8217;te g\u00f6rkemli bir t\u00f6renle a\u00e7\u0131ld\u0131.<\/p>\n<p>Mostar K\u00f6pr\u00fcs\u00fc, iki yakas\u0131na uzanan eski Mostar \u015fehriyle 2005&#8217;te UNESCO&#8217;nun D\u00fcnya Miras\u0131 Listesi&#8217;ne eklendi.\u200b\u200b\u200b\u200b\u200b\u200b\u200b<\/p>\n<p>                            <span class=\"detay-foto-editor\">&#13;<br \/>\n                                <a href=\"https:\/\/www.aa.com.tr\/tr\/p\/abonelik-talep-formu\/1001\" target=\"_blank\" style=\"font-size:12px; color:#444; text-decoration:none;\" rel=\"noopener\">&#13;<br \/>\n                                    Anadolu Ajans\u0131 web sitesinde, AA Haber Ak\u0131\u015f Sistemi (HAS) \u00fczerinden abonelere sunulan haberler, \u00f6zetlenerek yay\u0131mlanmaktad\u0131r. <b style=\"color:#1897F7\">Abonelik i\u00e7in l\u00fctfen ileti\u015fime ge\u00e7iniz.<\/b>&#13;<br \/>\n                                <\/a>&#13;<br \/>\n                            <\/span>\n                        <\/div>\n<p><script>\n\t  window.fbAsyncInit = function() {\n\t\tFB.init({\n\t\t  appId: '1855843514662870',\n\t\t  status : true, \/\/ check login status\n\t\t  cookie : true, \/\/ enable cookies to allow the server to access the session\n\t\t  xfbml  : true  \/\/ parse XFBML\n\t\t});\n\t  };<\/p>\n<p>\t  (function() {\n\t\tvar e = document.createElement('script');\n\t\te.src=\"https:\/\/connect.facebook.net\/tr_TR\/all.js\";\n\t\te.async = true;\n\t\tdocument.getElementById('fb-root').appendChild(e);\n\t  }());\n    <\/script><\/p>\n","protected":false},"excerpt":{"rendered":"<p>Mostar Askerleri Birli\u011fi (JOB) ve Mostar Bar\u0131\u015f ve \u00c7ok Etnikli \u0130\u015fbirli\u011fi Merkezinin ilk kez payla\u015ft\u0131\u011f\u0131 kay\u0131tta, Bosna Hersek&#8217;teki sava\u015f zaman\u0131nda y\u0131k\u0131lan Mostar K\u00f6pr\u00fcs\u00fc&#8217;n\u00fcn, H\u0131rvat Savunma Konseyi (HVO) birliklerinin konu\u015fland\u0131\u011f\u0131 taraftan \u00e7ekilmi\u015f g\u00f6r\u00fcnt\u00fcleri kamuoyuna g\u00f6sterildi. Yap\u0131lan yaz\u0131l\u0131 a\u00e7\u0131klama, H\u0131rvat birliklerinin k\u00f6pr\u00fcn\u00fcn y\u0131k\u0131lma an\u0131n\u0131 kay\u0131t alt\u0131na ald\u0131\u011f\u0131 belirtilirken, &#8220;G\u00f6r\u00fcnt\u00fcde H\u0131rvat birliklerinin k\u00f6pr\u00fcn\u00fcn en hassas noktalar\u0131n\u0131 nas\u0131l hedef [&hellip;]<\/p>\n","protected":false},"author":1,"featured_media":4244,"comment_status":"","ping_status":"","sticky":false,"template":"","format":"standard","meta":[],"categories":[1],"tags":[],"_links":{"self":[{"href":"https:\/\/kraios.app\/news\/wp-json\/wp\/v2\/posts\/4243"}],"collection":[{"href":"https:\/\/kraios.app\/news\/wp-json\/wp\/v2\/posts"}],"about":[{"href":"https:\/\/kraios.app\/news\/wp-json\/wp\/v2\/types\/post"}],"author":[{"embeddable":true,"href":"https:\/\/kraios.app\/news\/wp-json\/wp\/v2\/users\/1"}],"replies":[{"embeddable":true,"href":"https:\/\/kraios.app\/news\/wp-json\/wp\/v2\/comments?post=4243"}],"version-history":[{"count":0,"href":"https:\/\/kraios.app\/news\/wp-json\/wp\/v2\/posts\/4243\/revisions"}],"wp:featuredmedia":[{"embeddable":true,"href":"https:\/\/kraios.app\/news\/wp-json\/wp\/v2\/media\/4244"}],"wp:attachment":[{"href":"https:\/\/kraios.app\/news\/wp-json\/wp\/v2\/media?parent=4243"}],"wp:term":[{"taxonomy":"category","embeddable":true,"href":"https:\/\/kraios.app\/news\/wp-json\/wp\/v2\/categories?post=4243"},{"taxonomy":"post_tag","embeddable":true,"href":"https:\/\/kraios.app\/news\/wp-json\/wp\/v2\/tags?post=4243"}],"curies":[{"name":"wp","href":"https:\/\/api.w.org\/{rel}","templated":true}]}}