{"id":4200,"date":"2023-05-06T12:27:07","date_gmt":"2023-05-06T12:27:07","guid":{"rendered":"https:\/\/kraios.app\/news\/saglik\/2023\/05\/06\/anne-sutu-bebeklerde-enfeksiyon-riskini-azaltiyor\/"},"modified":"2023-05-06T12:27:07","modified_gmt":"2023-05-06T12:27:07","slug":"anne-sutu-bebeklerde-enfeksiyon-riskini-azaltiyor","status":"publish","type":"post","link":"https:\/\/kraios.app\/news\/saglik\/2023\/05\/06\/anne-sutu-bebeklerde-enfeksiyon-riskini-azaltiyor\/","title":{"rendered":"Anne s\u00fct\u00fc bebeklerde enfeksiyon riskini azalt\u0131yor"},"content":{"rendered":"<p><\/p>\n<div>\n<p>Hastaneden yap\u0131lan a\u00e7\u0131klamada, g\u00fc\u00e7l\u00fc bir ba\u011f\u0131\u015f\u0131kl\u0131k sisteminin sa\u011fl\u0131kl\u0131 bir \u00f6m\u00fcr anlam\u0131na geldi\u011fi ve bunun i\u00e7in do\u011fru beslenmenin kritik \u00f6nem ta\u015f\u0131d\u0131\u011f\u0131 bildirildi. Anne s\u00fct\u00fcn\u00fcn bebeklik \u00e7a\u011f\u0131 i\u00e7in \u00f6nemine dikkati \u00e7ekilen a\u00e7\u0131klamada, bebeklere ilk 6 ay tek ba\u015f\u0131na anne s\u00fct\u00fc verilmesi, sonras\u0131nda ek g\u0131daya ba\u015flanmas\u0131n\u0131n \u00f6nerildi\u011fi kaydedildi.<\/p>\n<p>A\u00e7\u0131klamada g\u00f6r\u00fc\u015flerine yer verilen \u00c7ocuk Sa\u011fl\u0131\u011f\u0131 ve Hastal\u0131klar\u0131 Uzman\u0131 \u015eim\u015fek, anne s\u00fct\u00fcn\u00fcn ishal ve akut solunum yolu enfeksiyon riskini azaltt\u0131\u011f\u0131n\u0131 bildirdi. \u015eim\u015fek, &#8220;Ciddi so\u011fuk alg\u0131nl\u0131\u011f\u0131 ve kulak-burun-bo\u011faz enfeksiyonlar\u0131 6 ay tek ba\u015f\u0131na anne s\u00fct\u00fc alan bebeklerde y\u00fczde 63 daha az g\u00f6r\u00fcl\u00fcyor.&#8221; bilgisini verdi.<\/p>\n<p>\u015eim\u015fek, \u015fu de\u011ferlendirmede bulundu:<\/p>\n<p>&#8220;Emzirme ba\u015far\u0131s\u0131 i\u00e7in do\u011fum sonras\u0131 anne ile bebe\u011fin hemen tensel temas\u0131n\u0131n sa\u011flanmas\u0131, do\u011fum sonras\u0131 rutin giri\u015fimlerin ertelenerek \u00f6nceli\u011fin emzirmeye verilmesi gerekir. \u0130lk 24 saatte 8-12 kez emzirmenin teknik a\u00e7\u0131dan do\u011fru bir \u015fekilde sa\u011flanmas\u0131 gerekir. T\u0131bbi bir gereklilik yoksa yeni do\u011fan \u00e7ocu\u011fa su, \u015fekerli su, mama gibi takviyeler verilmemelidir. Anneye D vitamini kullanmas\u0131, do\u011fru beslenmesi ve yeterli s\u0131v\u0131 t\u00fcketmesi konusunda da \u00f6nerilerde bulunulmal\u0131d\u0131r. Hastane \u00e7\u0131k\u0131\u015f\u0131n\u0131 takip eden 48-72 saat i\u00e7inde emzirme s\u00fcreci g\u00f6zlemlenmeli ve sorunlar konu\u015fulmal\u0131d\u0131r.&#8221;<\/p>\n<p>\u015eim\u015fek, arzu edilenin, bebe\u011fin ilk 6 ay boyunca yaln\u0131zca anne s\u00fct\u00fcyle beslenmesi oldu\u011funu bildirdi. Ek g\u0131daya ne zaman ba\u015flanaca\u011f\u0131na ili\u015fkin de de\u011ferlendirmede bulunan \u015eim\u015fek, \u015fu ifadeleri kulland\u0131:<\/p>\n<p>&#8220;Yaln\u0131zca anne s\u00fct\u00fcyle beslenen bebeklerde ek g\u0131daya 17 haftadan \u00f6nce ba\u015flanmamas\u0131 gerekiyor. Ek g\u0131daya ba\u015flama s\u00fcreci 26 haftadan da ge\u00e7 olmamal\u0131. Kat\u0131 g\u0131daya \u00e7ok erken ba\u015flamak yerine form\u00fcl s\u00fctler tercih edilmelidir. Alt\u0131 aydan b\u00fcy\u00fck bebeklerde anne s\u00fct\u00fc yetersiz ise gere\u011finden \u00e7ok tamamlay\u0131c\u0131 besin veya ba\u015fka bir s\u00fct vermek yerine, devam s\u00fct\u00fc ile destek verilmelidir.&#8221; <\/p>\n<h3>&#8220;Tamamlay\u0131c\u0131 beslenmeye tek \u00e7e\u015fitle ba\u015flanmal\u0131&#8221;<\/h3>\n<p>Ek g\u0131daya ge\u00e7ilen bebeklerde g\u0131da t\u00fcketim miktarlar\u0131na ili\u015fkin de bilgi veren \u015eim\u015fek, yeni do\u011fan bir bebe\u011fin mide kapasitesinin yaln\u0131zca 2 yemek ka\u015f\u0131\u011f\u0131 b\u00fcy\u00fckl\u00fc\u011f\u00fcnde oldu\u011funa dikkati \u00e7ekti. <\/p>\n<p>\u015eim\u015fek, bebeklerin midesinin 6&#8217;nc\u0131 ayda 1 \u00e7ay fincan\u0131, ya\u015f\u0131na geldi\u011finde ise 1 su barda\u011f\u0131 kadar oldu\u011funu aktararak, &#8220;Eri\u015fkin bir insana k\u0131yasla bu kadar k\u00fc\u00e7\u00fck bir kapasitenin \u00e7ok verimli kullan\u0131lmas\u0131, y\u00fcksek enerjisi olan, yeterli protein ve mikro besin i\u00e7erikli besinlerin bebe\u011fe verilmesi gereklidir. Bu besinlerin kolay ula\u015f\u0131labilen ve haz\u0131rlanabilecek bilindik g\u0131dalar olmas\u0131 ba\u015far\u0131l\u0131 bir beslenme i\u00e7in temeldir. 6-8 ayl\u0131k bir bebekte 2 \u00f6\u011f\u00fcn, 9-11 ayl\u0131k bebekte 3 tamamlay\u0131c\u0131 besin \u00f6\u011f\u00fcn\u00fc yeterlidir.&#8221; de\u011ferlendirmesini yapt\u0131.<\/p>\n<p>Bebeklerde ek g\u0131daya ba\u015flarken dikkat edilmesi gereken hususlara da de\u011finen \u015eim\u015fek, \u015funlar\u0131 kaydetti:<\/p>\n<p>&#8220;Tamamlay\u0131c\u0131 beslenmeye tek \u00e7e\u015fitle ba\u015flanmal\u0131d\u0131r. Her yeni g\u0131da teker teker en az 2-3 g\u00fcn aral\u0131klarla eklenmelidir. Bebekler kat\u0131 vejetaryen diyet almamal\u0131, g\u0131dalara \u015feker ve tuz ilave edilmemelidir. Haz\u0131r \u00e7orbalar, konserveler, \u015feker ve tuz katk\u0131l\u0131 \u00fcr\u00fcnler, \u00e7aylar, i\u015flenmi\u015f et \u00fcr\u00fcnleri beslenmede yer almamal\u0131d\u0131r. Bebeklikte farkl\u0131 tatlar denetilmeli, \u00f6zellikle sebzelerin n\u00f6tr tatlar\u0131na al\u0131\u015ft\u0131r\u0131lmal\u0131d\u0131r. Bebe\u011fin a\u00e7l\u0131k ve tokluk ipu\u00e7lar\u0131na duyarl\u0131, zorlama olmadan, \u00f6\u011f\u00fcn saatlerine ve i\u00e7eriklerine \u00f6zenli bir beslenme modeli uygulanmal\u0131d\u0131r.&#8221;<\/p>\n<p>                            <span class=\"detay-foto-editor\">&#13;<br \/>\n                                <a href=\"https:\/\/www.aa.com.tr\/tr\/p\/abonelik-talep-formu\/1001\" target=\"_blank\" style=\"font-size:12px; color:#444; text-decoration:none;\" rel=\"noopener\">&#13;<br \/>\n                                    Anadolu Ajans\u0131 web sitesinde, AA Haber Ak\u0131\u015f Sistemi (HAS) \u00fczerinden abonelere sunulan haberler, \u00f6zetlenerek yay\u0131mlanmaktad\u0131r. <b style=\"color:#1897F7\">Abonelik i\u00e7in l\u00fctfen ileti\u015fime ge\u00e7iniz.<\/b>&#13;<br \/>\n                                <\/a>&#13;<br \/>\n                            <\/span>\n                        <\/div>\n<p><script>\n\t  window.fbAsyncInit = function() {\n\t\tFB.init({\n\t\t  appId: '1855843514662870',\n\t\t  status : true, \/\/ check login status\n\t\t  cookie : true, \/\/ enable cookies to allow the server to access the session\n\t\t  xfbml  : true  \/\/ parse XFBML\n\t\t});\n\t  };<\/p>\n<p>\t  (function() {\n\t\tvar e = document.createElement('script');\n\t\te.src=\"https:\/\/connect.facebook.net\/tr_TR\/all.js\";\n\t\te.async = true;\n\t\tdocument.getElementById('fb-root').appendChild(e);\n\t  }());\n    <\/script><\/p>\n","protected":false},"excerpt":{"rendered":"<p>Hastaneden yap\u0131lan a\u00e7\u0131klamada, g\u00fc\u00e7l\u00fc bir ba\u011f\u0131\u015f\u0131kl\u0131k sisteminin sa\u011fl\u0131kl\u0131 bir \u00f6m\u00fcr anlam\u0131na geldi\u011fi ve bunun i\u00e7in do\u011fru beslenmenin kritik \u00f6nem ta\u015f\u0131d\u0131\u011f\u0131 bildirildi. Anne s\u00fct\u00fcn\u00fcn bebeklik \u00e7a\u011f\u0131 i\u00e7in \u00f6nemine dikkati \u00e7ekilen a\u00e7\u0131klamada, bebeklere ilk 6 ay tek ba\u015f\u0131na anne s\u00fct\u00fc verilmesi, sonras\u0131nda ek g\u0131daya ba\u015flanmas\u0131n\u0131n \u00f6nerildi\u011fi kaydedildi. A\u00e7\u0131klamada g\u00f6r\u00fc\u015flerine yer verilen \u00c7ocuk Sa\u011fl\u0131\u011f\u0131 ve Hastal\u0131klar\u0131 Uzman\u0131 \u015eim\u015fek, [&hellip;]<\/p>\n","protected":false},"author":1,"featured_media":4201,"comment_status":"","ping_status":"","sticky":false,"template":"","format":"standard","meta":[],"categories":[46],"tags":[],"_links":{"self":[{"href":"https:\/\/kraios.app\/news\/wp-json\/wp\/v2\/posts\/4200"}],"collection":[{"href":"https:\/\/kraios.app\/news\/wp-json\/wp\/v2\/posts"}],"about":[{"href":"https:\/\/kraios.app\/news\/wp-json\/wp\/v2\/types\/post"}],"author":[{"embeddable":true,"href":"https:\/\/kraios.app\/news\/wp-json\/wp\/v2\/users\/1"}],"replies":[{"embeddable":true,"href":"https:\/\/kraios.app\/news\/wp-json\/wp\/v2\/comments?post=4200"}],"version-history":[{"count":0,"href":"https:\/\/kraios.app\/news\/wp-json\/wp\/v2\/posts\/4200\/revisions"}],"wp:featuredmedia":[{"embeddable":true,"href":"https:\/\/kraios.app\/news\/wp-json\/wp\/v2\/media\/4201"}],"wp:attachment":[{"href":"https:\/\/kraios.app\/news\/wp-json\/wp\/v2\/media?parent=4200"}],"wp:term":[{"taxonomy":"category","embeddable":true,"href":"https:\/\/kraios.app\/news\/wp-json\/wp\/v2\/categories?post=4200"},{"taxonomy":"post_tag","embeddable":true,"href":"https:\/\/kraios.app\/news\/wp-json\/wp\/v2\/tags?post=4200"}],"curies":[{"name":"wp","href":"https:\/\/api.w.org\/{rel}","templated":true}]}}