{"id":4174,"date":"2023-05-06T08:20:29","date_gmt":"2023-05-06T08:20:29","guid":{"rendered":"https:\/\/kraios.app\/news\/saglik\/2023\/05\/06\/turk-kizilayin-azalan-kan-stoklari-yeniden-normal-seviyede\/"},"modified":"2023-05-06T08:20:29","modified_gmt":"2023-05-06T08:20:29","slug":"turk-kizilayin-azalan-kan-stoklari-yeniden-normal-seviyede","status":"publish","type":"post","link":"https:\/\/kraios.app\/news\/saglik\/2023\/05\/06\/turk-kizilayin-azalan-kan-stoklari-yeniden-normal-seviyede\/","title":{"rendered":"T\u00fcrk K\u0131z\u0131lay\u0131n azalan kan stoklar\u0131 yeniden normal seviyede"},"content":{"rendered":"<p><\/p>\n<div>\n<p>T\u00fcrk K\u0131z\u0131lay Kan Hizmetleri Genel M\u00fcd\u00fcrl\u00fc\u011f\u00fc Medikal Direkt\u00f6r\u00fc Levent Sa\u011fdur, AA muhabirine yapt\u0131\u011f\u0131 a\u00e7\u0131klamada, kan ba\u011f\u0131\u015flar\u0131n\u0131n ramazan ay\u0131, a\u015f\u0131r\u0131 s\u0131cak ve so\u011fuklarda d\u00f6nemsel etkiyle azalabildi\u011fine i\u015faret etti.<\/p>\n<p>Sa\u011fdur, \u015funlar\u0131 s\u00f6yledi:<\/p>\n<p>&#8220;\u015eu anda g\u00fcnl\u00fck 10 bin kan ba\u011f\u0131\u015f rakamlar\u0131n\u0131 g\u00f6rd\u00fck. Bu oran bizim s\u0131k\u0131nt\u0131 ya\u015famad\u0131\u011f\u0131m\u0131z, hastanelere verdi\u011fimizden biraz daha fazla kan ba\u011f\u0131\u015f\u0131 toplayabildi\u011fimiz anlam\u0131na geliyor. T\u00fcrk K\u0131z\u0131lay kan stoklar\u0131 g\u00fcnl\u00fck 29 bine gelmi\u015f durumda. \u00dclkemizde hastanelere de kan da\u011f\u0131t\u0131l\u0131yor ve oralarda da 50-60 bin civar\u0131nda stok var. \u00dclkemizde 85 bin \u00fcnite civar\u0131nda g\u00fcnl\u00fck kan stoku s\u00f6z konusu.&#8221;<\/p>\n<p><img decoding=\"async\" alt=\"\" src=\"https:\/\/www.aa.com.tr\/uploads\/userFiles\/76bad36d-1411-48e8-a1ae-b65e58872c06\/06.05%2F2%2F20230506_2_58550352_88678803.jpg\"\/><\/p>\n<h3>&#8220;Hastanelere sevk edilenden daha fazla kan ba\u011f\u0131\u015f\u0131 yap\u0131l\u0131yor&#8221;<\/h3>\n<p>Kan\u0131n s\u00fcrekli bir ihtiya\u00e7 oldu\u011funa ve ramazan ay\u0131nda ya\u015fanan d\u00fc\u015f\u00fc\u015f nedeniyle baz\u0131 spek\u00fclasyonlar\u0131n yap\u0131ld\u0131\u011f\u0131na i\u015faret eden Sa\u011fdur, T\u00fcrk K\u0131z\u0131lay\u0131n acil durumlar i\u00e7in belirledi\u011fi minimum 52 bin d\u00fczeyindeki kan stok seviyesinin hastanelere kan verilemedi\u011fi anlam\u0131na gelmedi\u011fini vurgulad\u0131.<\/p>\n<p>&#8220;\u015eu anda hastanelere sevk edilenden daha fazla kan ba\u011f\u0131\u015f\u0131 yap\u0131l\u0131yor.&#8221; diyen Dr. Sa\u011fdur, s\u00f6zlerini \u015f\u00f6yle s\u00fcrd\u00fcrd\u00fc:<\/p>\n<p>&#8220;Minimum kan stoku seviyesi, trafik kazas\u0131, deprem gibi ola\u011fan\u00fcst\u00fc durumlarda hi\u00e7 kan ba\u011f\u0131\u015f\u0131 yap\u0131lmasa dahi 7 g\u00fcn boyunca b\u00fct\u00fcn hastanelerin kan ihtiya\u00e7lar\u0131n\u0131 kar\u015f\u0131layabilece\u011fimiz bir seviyedir. Kan miad\u0131 olan bir \u00fcr\u00fcnd\u00fcr, \u00f6rne\u011fin 75 bin \u00fcnite olarak belirlenen maksimum stokumuz da var. T\u00fcrk K\u0131z\u0131lay kan stoklar\u0131nda 75 bin \u00fcnite ge\u00e7ildi\u011fi zaman da vatanda\u015flar\u0131m\u0131za \u00e7a\u011fr\u0131 yap\u0131p kan ba\u011f\u0131\u015flar\u0131n\u0131 yava\u015flat\u0131r\u0131z.&#8221;<\/p>\n<p><img decoding=\"async\" alt=\"\" src=\"https:\/\/www.aa.com.tr\/uploads\/userFiles\/76bad36d-1411-48e8-a1ae-b65e58872c06\/06.05%2F2%2F20230506_2_58550352_88678775.jpg\"\/><\/p>\n<h3>&#8220;D\u00f6nemsel s\u0131k\u0131nt\u0131 net bir \u015fekilde a\u015f\u0131ld\u0131&#8221;<\/h3>\n<p>Son 15-20 y\u0131lda d\u00f6nemsel azalmalar haricinde minimum kan stok seviyesinin her zaman yakaland\u0131\u011f\u0131n\u0131n alt\u0131n\u0131 \u00e7izen Sa\u011fdur, kan\u0131n i\u015flemden ge\u00e7me s\u00fcreci de dikkate al\u0131nd\u0131\u011f\u0131nda hastalar\u0131n ihtiya\u00e7lar\u0131n\u0131n an\u0131nda kar\u015f\u0131lanabilmesi i\u00e7in d\u00fczenli ve s\u00fcrekli ba\u011f\u0131\u015f\u0131n \u00e7ok \u00f6nemli oldu\u011funu s\u00f6yledi.<\/p>\n<p>Sa\u011fdur, g\u00fcnl\u00fck 10 bin \u00fcnite band\u0131nda kan ba\u011f\u0131\u015f\u0131 devam etti\u011fi s\u00fcrece ne ola\u011fan\u00fcst\u00fc ne acil ne de rutin durumlarda s\u0131k\u0131nt\u0131 ya\u015fanmayaca\u011f\u0131n\u0131 belirterek, &#8220;Ramazanda kan ba\u011f\u0131\u015flar\u0131yla ilgili ya\u015fanan d\u00f6nemsel s\u0131k\u0131nt\u0131 net bir \u015fekilde a\u015f\u0131ld\u0131, kan ba\u011f\u0131\u015flar\u0131m\u0131z bir haftad\u0131r g\u00fcnl\u00fck 9-10 bin band\u0131nda devam ediyor. Vatanda\u015flar\u0131m\u0131za te\u015fekk\u00fcr ediyoruz.&#8221; a\u00e7\u0131klamas\u0131nda bulundu.<\/p>\n<h3>&#8220;Kan ihtiyac\u0131 ancak toplumsal dayan\u0131\u015fmayla \u00e7\u00f6z\u00fclebilir&#8221;<\/h3>\n<p>S\u0131cak havalarda da kan ba\u011f\u0131\u015f\u0131n\u0131n azalabildi\u011fine i\u015faret eden Sa\u011fdur, kan\u0131n acil de\u011fil s\u00fcrekli bir ihtiya\u00e7 oldu\u011funa dikkati \u00e7ekti.<\/p>\n<p>T\u00fcrk K\u0131z\u0131lay\u0131n &#8220;kanver.org&#8221; isimli sitesinden kan ba\u011f\u0131\u015f noktalar\u0131n\u0131n haftal\u0131k payla\u015f\u0131ld\u0131\u011f\u0131n\u0131, ki\u015filerin bu noktalar\u0131 kontrol edip istedi\u011finde kan ba\u011f\u0131\u015f\u0131 randevusu da alabilece\u011fini anlatan Sa\u011fdur, &#8220;Kan ihtiyac\u0131 ancak toplumsal dayan\u0131\u015fma ve yard\u0131mla\u015fmayla \u00e7\u00f6z\u00fclebilir. Kan\u0131n yapay olarak \u00fcretilmesi veya yurt d\u0131\u015f\u0131ndan getirilmesi m\u00fcmk\u00fcn de\u011fil. Hastanede ihtiyac\u0131 olan ki\u015filer i\u00e7in illa bir ba\u015fka vatanda\u015f\u0131n ba\u011f\u0131\u015fta bulunmas\u0131 gerekiyor.&#8221; \u00e7a\u011fr\u0131s\u0131nda bulundu.<\/p>\n<p><img decoding=\"async\" alt=\"\" src=\"https:\/\/www.aa.com.tr\/uploads\/userFiles\/76bad36d-1411-48e8-a1ae-b65e58872c06\/06.05%2F2%2F20230506_2_58550352_88678796.jpg\"\/><\/p>\n<h3>&#8220;T\u00fcrk K\u0131z\u0131lay, kan sat\u0131\u015f\u0131 yapm\u0131yor&#8221;<\/h3>\n<p>Sa\u011fdur, T\u00fcrk K\u0131z\u0131lay\u0131n &#8220;kan satt\u0131\u011f\u0131&#8221; iddialar\u0131n\u0131n asla ger\u00e7e\u011fi yans\u0131tmad\u0131\u011f\u0131n\u0131 vurgulayarak, &#8220;Bu y\u00f6nde kurulmu\u015f bir sistem yok. Vatanda\u015flar\u0131m\u0131z\u0131n hastanelerdeki ihtiyac\u0131n\u0131 tamamen devletimiz kar\u015f\u0131l\u0131yor ve bunun \u00fczerine kurulmu\u015f bir sistem uygulan\u0131yor.&#8221; dedi.<\/p>\n<p>D\u00fcnyada kan bankac\u0131l\u0131\u011f\u0131 uygulamalar\u0131nda en geli\u015fmi\u015f sistemi uygulad\u0131klar\u0131n\u0131 aktaran Dr. Levent Sa\u011fdur, bu sistemin d\u00fcnyan\u0131n bir\u00e7ok \u00fclkesinde de T\u00fcrk K\u0131z\u0131lay vas\u0131tas\u0131yla hayata ge\u00e7irildi\u011fini, K\u0131z\u0131lay uzmanlar\u0131n\u0131n bu \u00fclkelere dan\u0131\u015fmanl\u0131k verdi\u011fini kaydetti.<\/p>\n<p><img decoding=\"async\" alt=\"\" src=\"https:\/\/www.aa.com.tr\/uploads\/userFiles\/76bad36d-1411-48e8-a1ae-b65e58872c06\/06.05%2F2%2F20230506_2_58550352_88678784.jpg\"\/><\/p>\n<h3>Ba\u011f\u0131\u015f\u00e7\u0131 gen\u00e7ten &#8220;\u0130nsanlar zor durumda kalmas\u0131n istedim&#8221; mesaj\u0131<\/h3>\n<p>T\u00fcrk K\u0131z\u0131lay Orta Anadolu B\u00f6lge Kan Merkezi&#8217;nde kan ba\u011f\u0131\u015f\u0131nda bulunan 20 ya\u015f\u0131ndaki Z\u00fclfikar Akta\u015f, &#8220;\u0130lk kez kan ba\u011f\u0131\u015f\u0131nda bulundum ama bundan sonra d\u00fczenli ba\u011f\u0131\u015f yapmay\u0131 d\u00fc\u015f\u00fcn\u00fcyorum. \u00dclkemizde kan stoklar\u0131 azald\u0131\u011f\u0131 i\u00e7in insanlar zor durumda kalmas\u0131n diye kendimce bir \u00e7aba g\u00f6stermek istedim.&#8221; dedi.<\/p>\n<p>Akta\u015f, sa\u011fl\u0131k durumu el veren herkese kan ba\u011f\u0131\u015f\u0131nda bulunma \u00e7a\u011fr\u0131s\u0131 yaparak, &#8220;Bir kan bir ba\u015fka insan\u0131n hayat\u0131n\u0131 kurtarabilir.&#8221; diye konu\u015ftu.<\/p>\n<p>50 ya\u015f\u0131ndaki Sat\u0131lm\u0131\u015f Top\u00e7u da bir arkada\u015f\u0131n\u0131n hastanedeki e\u015fi i\u00e7in kan ba\u011f\u0131\u015f\u0131 yapmaya geldi\u011fini anlatarak, &#8220;Herkes kan ba\u011f\u0131\u015f\u0131nda bulunmal\u0131. Ben zaten d\u00fczenli bir kan ba\u011f\u0131\u015f\u00e7\u0131s\u0131y\u0131m, y\u0131llard\u0131r kan ba\u011f\u0131\u015f\u0131nda bulunurum. \u015eu anda da kendimi \u00e7ok iyi hissediyorum.&#8221; ifadesini kulland\u0131.<\/p>\n<p>T\u00fcrkiye&#8217;de 18-60 ya\u015f aral\u0131\u011f\u0131nda, 50 kilogram\u0131n \u00fczerinde ve sa\u011fl\u0131k durumu el veren herkes T\u00fcrk K\u0131z\u0131lay ba\u011f\u0131\u015f noktalar\u0131ndan kan ba\u011f\u0131\u015f\u0131nda bulunabiliyor.<\/p>\n<p>                            <span class=\"detay-foto-editor\">&#13;<br \/>\n                                <a href=\"https:\/\/www.aa.com.tr\/tr\/p\/abonelik-talep-formu\/1001\" target=\"_blank\" style=\"font-size:12px; color:#444; text-decoration:none;\" rel=\"noopener\">&#13;<br \/>\n                                    Anadolu Ajans\u0131 web sitesinde, AA Haber Ak\u0131\u015f Sistemi (HAS) \u00fczerinden abonelere sunulan haberler, \u00f6zetlenerek yay\u0131mlanmaktad\u0131r. <b style=\"color:#1897F7\">Abonelik i\u00e7in l\u00fctfen ileti\u015fime ge\u00e7iniz.<\/b>&#13;<br \/>\n                                <\/a>&#13;<br \/>\n                            <\/span>\n                        <\/div>\n<p><script>\n\t  window.fbAsyncInit = function() {\n\t\tFB.init({\n\t\t  appId: '1855843514662870',\n\t\t  status : true, \/\/ check login status\n\t\t  cookie : true, \/\/ enable cookies to allow the server to access the session\n\t\t  xfbml  : true  \/\/ parse XFBML\n\t\t});\n\t  };<\/p>\n<p>\t  (function() {\n\t\tvar e = document.createElement('script');\n\t\te.src=\"https:\/\/connect.facebook.net\/tr_TR\/all.js\";\n\t\te.async = true;\n\t\tdocument.getElementById('fb-root').appendChild(e);\n\t  }());\n    <\/script><\/p>\n","protected":false},"excerpt":{"rendered":"<p>T\u00fcrk K\u0131z\u0131lay Kan Hizmetleri Genel M\u00fcd\u00fcrl\u00fc\u011f\u00fc Medikal Direkt\u00f6r\u00fc Levent Sa\u011fdur, AA muhabirine yapt\u0131\u011f\u0131 a\u00e7\u0131klamada, kan ba\u011f\u0131\u015flar\u0131n\u0131n ramazan ay\u0131, a\u015f\u0131r\u0131 s\u0131cak ve so\u011fuklarda d\u00f6nemsel etkiyle azalabildi\u011fine i\u015faret etti. Sa\u011fdur, \u015funlar\u0131 s\u00f6yledi: &#8220;\u015eu anda g\u00fcnl\u00fck 10 bin kan ba\u011f\u0131\u015f rakamlar\u0131n\u0131 g\u00f6rd\u00fck. Bu oran bizim s\u0131k\u0131nt\u0131 ya\u015famad\u0131\u011f\u0131m\u0131z, hastanelere verdi\u011fimizden biraz daha fazla kan ba\u011f\u0131\u015f\u0131 toplayabildi\u011fimiz anlam\u0131na geliyor. T\u00fcrk [&hellip;]<\/p>\n","protected":false},"author":1,"featured_media":4175,"comment_status":"","ping_status":"","sticky":false,"template":"","format":"standard","meta":[],"categories":[46],"tags":[],"_links":{"self":[{"href":"https:\/\/kraios.app\/news\/wp-json\/wp\/v2\/posts\/4174"}],"collection":[{"href":"https:\/\/kraios.app\/news\/wp-json\/wp\/v2\/posts"}],"about":[{"href":"https:\/\/kraios.app\/news\/wp-json\/wp\/v2\/types\/post"}],"author":[{"embeddable":true,"href":"https:\/\/kraios.app\/news\/wp-json\/wp\/v2\/users\/1"}],"replies":[{"embeddable":true,"href":"https:\/\/kraios.app\/news\/wp-json\/wp\/v2\/comments?post=4174"}],"version-history":[{"count":0,"href":"https:\/\/kraios.app\/news\/wp-json\/wp\/v2\/posts\/4174\/revisions"}],"wp:featuredmedia":[{"embeddable":true,"href":"https:\/\/kraios.app\/news\/wp-json\/wp\/v2\/media\/4175"}],"wp:attachment":[{"href":"https:\/\/kraios.app\/news\/wp-json\/wp\/v2\/media?parent=4174"}],"wp:term":[{"taxonomy":"category","embeddable":true,"href":"https:\/\/kraios.app\/news\/wp-json\/wp\/v2\/categories?post=4174"},{"taxonomy":"post_tag","embeddable":true,"href":"https:\/\/kraios.app\/news\/wp-json\/wp\/v2\/tags?post=4174"}],"curies":[{"name":"wp","href":"https:\/\/api.w.org\/{rel}","templated":true}]}}