{"id":4095,"date":"2023-05-05T01:20:32","date_gmt":"2023-05-05T01:20:32","guid":{"rendered":"https:\/\/kraios.app\/news\/saglik\/2023\/05\/05\/astim-tedavisiyle-96-yasinda-rahat-nefes-aldi\/"},"modified":"2023-05-05T01:20:32","modified_gmt":"2023-05-05T01:20:32","slug":"astim-tedavisiyle-96-yasinda-rahat-nefes-aldi","status":"publish","type":"post","link":"https:\/\/kraios.app\/news\/saglik\/2023\/05\/05\/astim-tedavisiyle-96-yasinda-rahat-nefes-aldi\/","title":{"rendered":"Ast\u0131m tedavisiyle 96 ya\u015f\u0131nda rahat nefes ald\u0131"},"content":{"rendered":"<p><\/p>\n<div>\n<p>Y\u0131llarca tekstil ve k\u0131rtasiye \u00fcr\u00fcnleri satarak ge\u00e7imini sa\u011flayan 1927 do\u011fumlu seyyar sat\u0131c\u0131 Bal, Trabzon&#8217;da hen\u00fcz ilkokul \u00f6\u011frencisiyken, ast\u0131m tedavisinden \u00f6nce &#8220;en derin nefes ald\u0131\u011f\u0131 an&#8221; olarak tan\u0131mlad\u0131\u011f\u0131 Atat\u00fcrk&#8217;le tan\u0131\u015fma hikayesini AA&#8217;ya anlatt\u0131.<\/p>\n<p>&#8220;Atat\u00fcrk okulumuzu ziyarete gelecek&#8221; haberiyle b\u00fcy\u00fck heyecan ya\u015fad\u0131\u011f\u0131n\u0131 belirten Bal, duygular\u0131n\u0131 \u015f\u00f6yle aktard\u0131:<\/p>\n<p>&#8220;En g\u00fczel zamand\u0131, Atat\u00fcrk&#8217;\u00fc g\u00f6rd\u00fcm, 2 metre uza\u011f\u0131mdayd\u0131. \u015eehir merkezindeki \u0130skenderpa\u015fa \u0130lkokulunda 3&#8217;\u00fcnc\u00fc s\u0131n\u0131fa gidiyordum. &#8216;Atat\u00fcrk geliyor&#8217; dediler, kap\u0131ya \u00e7\u0131kt\u0131k. Yan\u0131nda hi\u00e7 kimse yoktu. Mavi g\u00f6zl\u00fc, orta boylu bir beyefendi. Bize d\u00f6nd\u00fc, bakt\u0131 ve &#8216;\u00c7ocuklar, nas\u0131ls\u0131n\u0131z?&#8217; dedi. &#8216;\u0130zinizdeyiz Pa\u015fam&#8217; diye ba\u011f\u0131rd\u0131k. Bir k\u0131z arkada\u015f\u0131m\u0131z, k\u0131rlardan toplad\u0131\u011f\u0131 bir demet papatyay\u0131 Atat\u00fcrk&#8217;e verdi. Pa\u015fa da ald\u0131 ve \u00e7i\u00e7e\u011fi k\u0131z\u0131 \u00dclk\u00fc Han\u0131m&#8217;a verdi. Sonra bize &#8216;Allah&#8217;a \u0131smarlad\u0131k \u00e7ocuklar&#8217; diyerek ayr\u0131ld\u0131.&#8221;<\/p>\n<p>\u00c7ok heyecanland\u0131\u011f\u0131n\u0131 belirten Bal, &#8220;Atat\u00fcrk&#8217;\u00fc g\u00f6rd\u00fc\u011f\u00fcmde &#8216;\u0130\u015fte Cumhuriyet, i\u015fte bizi kurtaran de\u011fer, b\u00fcy\u00fck lider&#8217; dedim. Atat\u00fcrk&#8217;\u00fc g\u00f6rmek, hayat\u0131mdaki en \u00f6nemli an oldu benim i\u00e7in.&#8221; dedi.<\/p>\n<p>Bal, y\u0131llar sonra ayn\u0131 heyecan\u0131 hissetti\u011fini vurgulayarak, ilk kez Atat\u00fcrk&#8217;\u00fc g\u00f6rd\u00fc\u011f\u00fcnde ve sonras\u0131nda da ast\u0131m hastal\u0131\u011f\u0131 kontrol alt\u0131na al\u0131nd\u0131\u011f\u0131nda en derin nefesini ald\u0131\u011f\u0131n\u0131 s\u00f6yledi.<\/p>\n<p><img decoding=\"async\" alt=\"\" src=\"https:\/\/www.aa.com.tr\/uploads\/userFiles\/9c85db40-ef31-40fe-a989-05c7e506d5d0\/05_2023%2F04052923%2Fbal1_.jpg\"\/><\/p>\n<h3>Tedavi sonras\u0131 genel sa\u011fl\u0131k durumu iyi<\/h3>\n<p>Bal, \u00f6zellikle son 10 y\u0131l hem ya\u015fa ba\u011fl\u0131 hem de ast\u0131ma ba\u011fl\u0131 nefes darl\u0131\u011f\u0131 \u00e7ekti\u011fini, y\u00fcr\u00fcrken \u00e7ok \u00e7abuk yoruldu\u011funu belirterek, \u015f\u00f6yle konu\u015ftu:<\/p>\n<p>&#8220;Merdivenden \u00e7\u0131karken, y\u00fcr\u00fcrken \u00e7ok zor nefes almaya ba\u015flad\u0131m. Hareket etmek eziyet veriyordu, hareketlerim s\u0131n\u0131rlanm\u0131\u015ft\u0131. \u00c7\u00fcnk\u00fc, ben \u00e7ok hareketli bir ki\u015fiydim. Tedavi oldum, \u015fu an \u00e7ok iyiyim, \u00e7ok m\u00fckemmel. Ast\u0131m\u0131 olanlar da mutlaka hekime gitsinler ve tedavilerini olsunlar. Ben tedavi oldum, bu \u015fans\u0131 yakalad\u0131m, ne mutlu bana. Gen\u00e7lik y\u0131llar\u0131mda iyi ko\u015fard\u0131m. Taburcu olduktan sonra da y\u00fcr\u00fcy\u00fc\u015flerime devam edece\u011fim. Sabahlar\u0131 da 15-20 dakika egzersiz yapard\u0131m, yine yapabilece\u011fim i\u00e7in mutluyum.&#8221;<\/p>\n<h3>Tedavisi taburcu edildikten sonra da s\u00fcrecek<\/h3>\n<p>Etlik \u015eehir Hastanesi G\u00f6\u011f\u00fcs Hastal\u0131klar\u0131 Klini\u011fi E\u011fitim Sorumlusu Do\u00e7. Dr. Serap Duru, ast\u0131m\u0131n \u00e7evresel ve genetik nedenlere ba\u011fl\u0131 ortaya \u00e7\u0131kt\u0131\u011f\u0131n\u0131, hava yolunun enfeksiyon olmadan iltihaplanmas\u0131 ile kendini g\u00f6sterdi\u011fini s\u00f6yledi.<\/p>\n<p>Hava yollar\u0131ndaki daralman\u0131n nefes almada ciddi s\u0131k\u0131nt\u0131ya yol a\u00e7t\u0131\u011f\u0131n\u0131 dile getiren Duru, genellikle gece ya da sabaha kar\u015f\u0131 \u00f6ks\u00fcr\u00fck, nefes darl\u0131\u011f\u0131, g\u00f6\u011f\u00fcs a\u011fr\u0131s\u0131 ve g\u00f6\u011f\u00fcste s\u0131k\u0131\u015fma hissi ile belirti verdi\u011fini dile getirdi.<\/p>\n<p>Duru, ast\u0131m hastas\u0131 Bal&#8217;\u0131n da kendilerine ileri derece nefes darl\u0131\u011f\u0131 ve g\u00f6\u011f\u00fcs a\u011fr\u0131s\u0131yla ba\u015fvurdu\u011funu ve tedavi alt\u0131na al\u0131nd\u0131\u011f\u0131n\u0131 belirtti. Bal&#8217;a, nefes a\u00e7\u0131c\u0131 ve tedavi edici ila\u00e7larla nefesinin kontrol alt\u0131na al\u0131nd\u0131\u011f\u0131n\u0131 kaydeden Duru, ast\u0131m hastas\u0131 Bal&#8217;\u0131n \u015fu an i\u00e7in genel sa\u011fl\u0131k durumunun iyi oldu\u011funu, taburcu edildikten sonra da hekim kontrol\u00fcn\u00fcn s\u00fcrece\u011fini s\u00f6yledi.<\/p>\n<h3>&#8220;Ast\u0131m\u0131 kontrol alt\u0131na alabilmek i\u00e7in kortizon da rutin kullan\u0131ma girdi&#8221;<\/h3>\n<p>Do\u00e7. Dr. Duru, ast\u0131m\u0131 tetikleyen fakt\u00f6rlere ve ast\u0131ma y\u00f6nelik tedbirlere ili\u015fkin de bilgi verdi.<\/p>\n<p>Bahar mevsiminin ast\u0131m hastalar\u0131nda ataklara yol a\u00e7abilecek riskleri bar\u0131nd\u0131rabildi\u011fine dikkati \u00e7eken Duru, \u015f\u00f6yle devam etti:<\/p>\n<p>&#8220;Polenler ve alerjenler atak riskini art\u0131ran fakt\u00f6rlerdir. Alerjenler i\u00e7inde, ev tozu, akarlar, kedi k\u00f6pek t\u00fcyleri bulunmaktad\u0131r. \u00c7evre ve hava kirlili\u011fi, hekim kontrol\u00fcnde yap\u0131lmayan egzersizler, so\u011fuk hava, sigara duman\u0131 ve kokular da \u00f6nemli bir risk fakt\u00f6r\u00fcd\u00fcr.<\/p>\n<p>Ast\u0131ml\u0131 hastalar, r\u00fczgarl\u0131 ve polenlerin \u00e7ok u\u00e7u\u015ftu\u011fu ortamlardan ka\u00e7\u0131n\u0131lmal\u0131, \u00e7\u0131kmas\u0131 gerekti\u011finde de maske takmal\u0131. Herhangi bir durumda ata\u011f\u0131 atlatmada, ki\u015finin g\u00fcn i\u00e7inde hekim taraf\u0131ndan belirlenen saatlerde mutlaka ila\u00e7lar\u0131n\u0131 alm\u0131\u015f olmas\u0131 \u00f6nem ta\u015f\u0131yor. Atak geli\u015fti\u011finde de hastalar, yanlar\u0131ndaki nefes a\u00e7\u0131c\u0131lar\u0131 hemen kullanmal\u0131, kendi kullanam\u0131yorsa bir yak\u0131n\u0131 bunu kullanmas\u0131na yard\u0131mc\u0131 olmal\u0131 ve vakit kaybetmeden en yak\u0131n hastaneye ula\u015f\u0131lmal\u0131.&#8221;<\/p>\n<p>Ast\u0131m tedavisinde g\u00fcncelleme yap\u0131ld\u0131\u011f\u0131n\u0131 belirten Duru, &#8220;A\u011f\u0131zdan s\u0131k\u0131lan ve akci\u011fere derin nefesle \u00e7ekilen kortizonlu ila\u00e7lar kullan\u0131l\u0131yor. Ast\u0131m\u0131 kontrol alt\u0131na alabilmek i\u00e7in kortizon da rutin kullan\u0131ma girdi. \u00dclkemizde de geri \u00f6deme kapsam\u0131nda bulunuyor.&#8221; diye konu\u015ftu.<\/p>\n<p>                            <span class=\"detay-foto-editor\">&#13;<br \/>\n                                <a href=\"https:\/\/www.aa.com.tr\/tr\/p\/abonelik-talep-formu\/1001\" target=\"_blank\" style=\"font-size:12px; color:#444; text-decoration:none;\" rel=\"noopener\">&#13;<br \/>\n                                    Anadolu Ajans\u0131 web sitesinde, AA Haber Ak\u0131\u015f Sistemi (HAS) \u00fczerinden abonelere sunulan haberler, \u00f6zetlenerek yay\u0131mlanmaktad\u0131r. <b style=\"color:#1897F7\">Abonelik i\u00e7in l\u00fctfen ileti\u015fime ge\u00e7iniz.<\/b>&#13;<br \/>\n                                <\/a>&#13;<br \/>\n                            <\/span>\n                        <\/div>\n<p><script>\n\t  window.fbAsyncInit = function() {\n\t\tFB.init({\n\t\t  appId: '1855843514662870',\n\t\t  status : true, \/\/ check login status\n\t\t  cookie : true, \/\/ enable cookies to allow the server to access the session\n\t\t  xfbml  : true  \/\/ parse XFBML\n\t\t});\n\t  };<\/p>\n<p>\t  (function() {\n\t\tvar e = document.createElement('script');\n\t\te.src=\"https:\/\/connect.facebook.net\/tr_TR\/all.js\";\n\t\te.async = true;\n\t\tdocument.getElementById('fb-root').appendChild(e);\n\t  }());\n    <\/script><\/p>\n","protected":false},"excerpt":{"rendered":"<p>Y\u0131llarca tekstil ve k\u0131rtasiye \u00fcr\u00fcnleri satarak ge\u00e7imini sa\u011flayan 1927 do\u011fumlu seyyar sat\u0131c\u0131 Bal, Trabzon&#8217;da hen\u00fcz ilkokul \u00f6\u011frencisiyken, ast\u0131m tedavisinden \u00f6nce &#8220;en derin nefes ald\u0131\u011f\u0131 an&#8221; olarak tan\u0131mlad\u0131\u011f\u0131 Atat\u00fcrk&#8217;le tan\u0131\u015fma hikayesini AA&#8217;ya anlatt\u0131. &#8220;Atat\u00fcrk okulumuzu ziyarete gelecek&#8221; haberiyle b\u00fcy\u00fck heyecan ya\u015fad\u0131\u011f\u0131n\u0131 belirten Bal, duygular\u0131n\u0131 \u015f\u00f6yle aktard\u0131: &#8220;En g\u00fczel zamand\u0131, Atat\u00fcrk&#8217;\u00fc g\u00f6rd\u00fcm, 2 metre uza\u011f\u0131mdayd\u0131. \u015eehir merkezindeki [&hellip;]<\/p>\n","protected":false},"author":1,"featured_media":4096,"comment_status":"","ping_status":"","sticky":false,"template":"","format":"standard","meta":[],"categories":[46],"tags":[],"_links":{"self":[{"href":"https:\/\/kraios.app\/news\/wp-json\/wp\/v2\/posts\/4095"}],"collection":[{"href":"https:\/\/kraios.app\/news\/wp-json\/wp\/v2\/posts"}],"about":[{"href":"https:\/\/kraios.app\/news\/wp-json\/wp\/v2\/types\/post"}],"author":[{"embeddable":true,"href":"https:\/\/kraios.app\/news\/wp-json\/wp\/v2\/users\/1"}],"replies":[{"embeddable":true,"href":"https:\/\/kraios.app\/news\/wp-json\/wp\/v2\/comments?post=4095"}],"version-history":[{"count":0,"href":"https:\/\/kraios.app\/news\/wp-json\/wp\/v2\/posts\/4095\/revisions"}],"wp:featuredmedia":[{"embeddable":true,"href":"https:\/\/kraios.app\/news\/wp-json\/wp\/v2\/media\/4096"}],"wp:attachment":[{"href":"https:\/\/kraios.app\/news\/wp-json\/wp\/v2\/media?parent=4095"}],"wp:term":[{"taxonomy":"category","embeddable":true,"href":"https:\/\/kraios.app\/news\/wp-json\/wp\/v2\/categories?post=4095"},{"taxonomy":"post_tag","embeddable":true,"href":"https:\/\/kraios.app\/news\/wp-json\/wp\/v2\/tags?post=4095"}],"curies":[{"name":"wp","href":"https:\/\/api.w.org\/{rel}","templated":true}]}}