{"id":4091,"date":"2023-05-04T23:20:04","date_gmt":"2023-05-04T23:20:04","guid":{"rendered":"https:\/\/kraios.app\/news\/gundem\/2023\/05\/04\/daga-cikandan-daha-fazla-teslim-olanin-oldugu-orgutun-cozuldugu-bir-doneme-geldik\/"},"modified":"2023-05-04T23:20:04","modified_gmt":"2023-05-04T23:20:04","slug":"daga-cikandan-daha-fazla-teslim-olanin-oldugu-orgutun-cozuldugu-bir-doneme-geldik","status":"publish","type":"post","link":"https:\/\/kraios.app\/news\/gundem\/2023\/05\/04\/daga-cikandan-daha-fazla-teslim-olanin-oldugu-orgutun-cozuldugu-bir-doneme-geldik\/","title":{"rendered":"&#8216;Da\u011fa \u00e7\u0131kandan daha fazla teslim olan\u0131n oldu\u011fu, \u00f6rg\u00fct\u00fcn \u00e7\u00f6z\u00fcld\u00fc\u011f\u00fc bir d\u00f6neme geldik&#8217;"},"content":{"rendered":"<p><\/p>\n<div>\n<p>AK Parti \u0130stanbul milletvekili aday\u0131 Soylu, Fatih&#8217;te d\u00fczenlenen Batman ve Sasonlular Bulu\u015fmas\u0131&#8217;nda yapt\u0131\u011f\u0131 konu\u015fmada, 21 y\u0131ll\u0131k AK Parti iktidar\u0131nda T\u00fcrkiye&#8217;nin, e\u011fitimden sa\u011fl\u0131\u011fa, enerjiden altyap\u0131ya kadar bir\u00e7ok alanda farkl\u0131 noktaya geldi\u011fini s\u00f6yledi.<\/p>\n<p>G\u00fcvenlik altyap\u0131s\u0131n\u0131 da olu\u015fturarak Do\u011fu ve G\u00fcneydo\u011fu&#8217;da insanlar\u0131n huzura kavu\u015fturuldu\u011funu belirten Soylu, &#8220;Do\u011fu ve G\u00fcneydo\u011fu\u2019da saat 4&#8217;ten sonra soka\u011fa \u00e7\u0131k\u0131\u015f yoktu. Hara\u00e7 al\u0131yorlar m\u0131yd\u0131? \u015eimdi bir anne, hi\u00e7bir \u015feyden endi\u015fe etmeden istedi\u011fi yere gidebiliyor. Hara\u00e7 var m\u0131, yok. \u00c7\u00f6z\u00fcm s\u00fcrecini istismar ettikleri zaman 5 bin 558 ki\u015fi da\u011fa \u00e7\u0131km\u0131\u015ft\u0131, \u015fimdi 57 ki\u015fi. Ka\u00e7 ki\u015fi teslim oluyor y\u0131lda? Ge\u00e7en y\u0131l 200 ki\u015fi teslim oldu. Da\u011fa \u00e7\u0131kandan daha fazla teslim olan\u0131n oldu\u011fu, \u00f6rg\u00fct\u00fcn \u00e7\u00f6z\u00fcld\u00fc\u011f\u00fc bir d\u00f6neme geldik. Batman, ticaret ve sanayi \u015fehri oldu. Sadece Diyarbak\u0131r&#8217;da 450 yat\u0131r\u0131mc\u0131 organize sanayi sitesinde s\u0131ra bekliyor. Batman&#8217;da da Van&#8217;da da A\u011fr\u0131&#8217;da da bekliyor.&#8221; ifadelerini kulland\u0131.<\/p>\n<h3>&#8220;K\u00fcrtl\u00fc\u011f\u00fcn\u00fczle gurur duyun, ilinizle gurur duyun&#8221;<\/h3>\n<p>Bunlar\u0131n huzur ve g\u00fcven altyap\u0131s\u0131yla ger\u00e7ekle\u015fti\u011fini anlatan Soylu, b\u00f6lgenin tamam\u0131nda da\u011flarda ve \u015fehirlerde huzurun hakim oldu\u011funu ve b\u00f6lgenin kalk\u0131nd\u0131\u011f\u0131n\u0131 kaydetti.<\/p>\n<p>B\u00fct\u00fcn bunlar\u0131n Cumhurba\u015fkan\u0131 Recep Tayyip Erdo\u011fan&#8217;\u0131n liderli\u011finde ger\u00e7ekle\u015ftirildi\u011fine dikkati \u00e7eken Soylu, \u015f\u00f6yle konu\u015ftu:<\/p>\n<p>&#8220;Tayyip Erdo\u011fan \u015funu yapt\u0131; bat\u0131 ile do\u011fuyu birle\u015ftirdi. Bug\u00fcn bat\u0131da ne varsa do\u011fuda ayn\u0131s\u0131 var. Diyarbak\u0131r&#8217;da 21 plakal\u0131 araba say\u0131s\u0131 azd\u0131. 34, 06 ve 35. Mardin&#8217;de de Van&#8217;da da ayn\u0131. &#8216;Memleketin bat\u0131s\u0131na giderim de ba\u015f\u0131ma bir i\u015f gelir, ne olur ne olmaz&#8217; diye. \u015eimdi Tayyip Erdo\u011fan&#8217;\u0131n y\u00f6netti\u011fi T\u00fcrkiye&#8217;de 21 plaka da 65 plaka da 47 plaka da her yere gidiyor. K\u0131ymetli hem\u015fehrilerim, K\u00fcrtl\u00fc\u011f\u00fcn\u00fczle gurur duyun, ilinizle gurur duyun, kendinizle gurur duyun. Bu \u00fclkede insanlar y\u0131llarca &#8216;Ben dindar\u0131m&#8217; diyemedi. Bir annenin, biri ba\u015f\u00f6rt\u00fcl\u00fc, biri ba\u015f\u0131 a\u00e7\u0131k iki k\u0131z\u0131n\u0131 ay\u0131rd\u0131lar. Niye okuyamas\u0131n, \u00f6\u011fretmen, hakim, savc\u0131 olamas\u0131n. Niye kimse bir \u015fey s\u00f6yleyemedi? Hepimize deli g\u00f6mle\u011fi giydirdiler. &#8216;Aman oraya kar\u0131\u015fmay\u0131n.&#8217; Tayyip Erdo\u011fan kar\u0131\u015ft\u0131 ve devrim yapt\u0131.&#8221;<\/p>\n<p>Bakan Soylu, T\u00fcrkiye&#8217;de uzun y\u0131llar insanlar\u0131n \u00f6tekile\u015ftirildi\u011fini, inanc\u0131n\u0131, \u00f6rf\u00fcn\u00fc, etnik k\u00f6kenini ya\u015fay\u0131p ifade edemedi\u011fini dile getirdi.<\/p>\n<h3>&#8220;Herkes istedi\u011fi gibi kendisini tarif ediyor&#8221;<\/h3>\n<p>Bu \u00f6tekile\u015ftirme sebebiyle insanlar\u0131n kendilerini ifade edemedi\u011fini vurgulayan Soylu, &#8220;Bu \u00fclkede, dindar, &#8216;Ben dindar\u0131m&#8217; diyemedi. K\u00fcrt, &#8216;ben K\u00fcrt&#8217;\u00fcm&#8217; diyemedi. Alevi &#8216;Ben Alevi&#8217;yim&#8217; diyemedi. Ben \u0130stanbul&#8217;da ya\u015fad\u0131m, konu\u015fmalar \u015f\u00f6yle ba\u015flard\u0131. &#8216;Ben K\u00fcrt&#8217;\u00fcm ama.&#8217; Amadan sonra &#8216;Ben vatansever bir insan\u0131m, beni yanl\u0131\u015f anlamay\u0131n.&#8217; derdi. \u015eimdi herkes istedi\u011fi gibi kendisini tarif ediyor. Amas\u0131z s\u00f6yl\u00fcyor, fakats\u0131z s\u00f6yl\u00fcyor, lakinsiz s\u00f6yl\u00fcyor.&#8221; diye konu\u015ftu.<\/p>\n<p>Cumhurba\u015fkan\u0131 Erdo\u011fan&#8217;\u0131n \u0130stanbul B\u00fcy\u00fck\u015fehir Belediye Ba\u015fkanl\u0131\u011f\u0131 yapt\u0131\u011f\u0131 d\u00f6nemdeki hizmetlerini aktaran Soylu, &#8220;O zaman 25 ya\u015f\u0131ndayd\u0131m ve benim hayat\u0131ma dokunan onlarca i\u015fi oldu. \u0130stanbul&#8217;u y\u00f6neten Ekrem \u0130mamo\u011flu&#8217;nun hayat\u0131n\u0131za dokunan bir tane i\u015fini s\u00f6yleyin? \u0130stanbullunun faydas\u0131na yapt\u0131\u011f\u0131 bir tane i\u015f var, o da \u015fu: \u0130stanbullu spor yaps\u0131n diye otob\u00fcsleri ittirtiyor.&#8221; de\u011ferlendirmesini yapt\u0131.<\/p>\n<p>                            <span class=\"detay-foto-editor\">&#13;<br \/>\n                                <a href=\"https:\/\/www.aa.com.tr\/tr\/p\/abonelik-talep-formu\/1001\" target=\"_blank\" style=\"font-size:12px; color:#444; text-decoration:none;\" rel=\"noopener\">&#13;<br \/>\n                                    Anadolu Ajans\u0131 web sitesinde, AA Haber Ak\u0131\u015f Sistemi (HAS) \u00fczerinden abonelere sunulan haberler, \u00f6zetlenerek yay\u0131mlanmaktad\u0131r. <b style=\"color:#1897F7\">Abonelik i\u00e7in l\u00fctfen ileti\u015fime ge\u00e7iniz.<\/b>&#13;<br \/>\n                                <\/a>&#13;<br \/>\n                            <\/span>\n                        <\/div>\n<p><script>\n\t  window.fbAsyncInit = function() {\n\t\tFB.init({\n\t\t  appId: '1855843514662870',\n\t\t  status : true, \/\/ check login status\n\t\t  cookie : true, \/\/ enable cookies to allow the server to access the session\n\t\t  xfbml  : true  \/\/ parse XFBML\n\t\t});\n\t  };<\/p>\n<p>\t  (function() {\n\t\tvar e = document.createElement('script');\n\t\te.src=\"https:\/\/connect.facebook.net\/tr_TR\/all.js\";\n\t\te.async = true;\n\t\tdocument.getElementById('fb-root').appendChild(e);\n\t  }());\n    <\/script><\/p>\n","protected":false},"excerpt":{"rendered":"<p>AK Parti \u0130stanbul milletvekili aday\u0131 Soylu, Fatih&#8217;te d\u00fczenlenen Batman ve Sasonlular Bulu\u015fmas\u0131&#8217;nda yapt\u0131\u011f\u0131 konu\u015fmada, 21 y\u0131ll\u0131k AK Parti iktidar\u0131nda T\u00fcrkiye&#8217;nin, e\u011fitimden sa\u011fl\u0131\u011fa, enerjiden altyap\u0131ya kadar bir\u00e7ok alanda farkl\u0131 noktaya geldi\u011fini s\u00f6yledi. G\u00fcvenlik altyap\u0131s\u0131n\u0131 da olu\u015fturarak Do\u011fu ve G\u00fcneydo\u011fu&#8217;da insanlar\u0131n huzura kavu\u015fturuldu\u011funu belirten Soylu, &#8220;Do\u011fu ve G\u00fcneydo\u011fu\u2019da saat 4&#8217;ten sonra soka\u011fa \u00e7\u0131k\u0131\u015f yoktu. Hara\u00e7 al\u0131yorlar m\u0131yd\u0131? [&hellip;]<\/p>\n","protected":false},"author":1,"featured_media":4092,"comment_status":"","ping_status":"","sticky":false,"template":"","format":"standard","meta":[],"categories":[1],"tags":[],"_links":{"self":[{"href":"https:\/\/kraios.app\/news\/wp-json\/wp\/v2\/posts\/4091"}],"collection":[{"href":"https:\/\/kraios.app\/news\/wp-json\/wp\/v2\/posts"}],"about":[{"href":"https:\/\/kraios.app\/news\/wp-json\/wp\/v2\/types\/post"}],"author":[{"embeddable":true,"href":"https:\/\/kraios.app\/news\/wp-json\/wp\/v2\/users\/1"}],"replies":[{"embeddable":true,"href":"https:\/\/kraios.app\/news\/wp-json\/wp\/v2\/comments?post=4091"}],"version-history":[{"count":0,"href":"https:\/\/kraios.app\/news\/wp-json\/wp\/v2\/posts\/4091\/revisions"}],"wp:featuredmedia":[{"embeddable":true,"href":"https:\/\/kraios.app\/news\/wp-json\/wp\/v2\/media\/4092"}],"wp:attachment":[{"href":"https:\/\/kraios.app\/news\/wp-json\/wp\/v2\/media?parent=4091"}],"wp:term":[{"taxonomy":"category","embeddable":true,"href":"https:\/\/kraios.app\/news\/wp-json\/wp\/v2\/categories?post=4091"},{"taxonomy":"post_tag","embeddable":true,"href":"https:\/\/kraios.app\/news\/wp-json\/wp\/v2\/tags?post=4091"}],"curies":[{"name":"wp","href":"https:\/\/api.w.org\/{rel}","templated":true}]}}