{"id":3944,"date":"2023-05-03T05:53:48","date_gmt":"2023-05-03T05:53:48","guid":{"rendered":"https:\/\/kraios.app\/news\/saglik\/2023\/05\/03\/astim-2025te-dunya-genelinde-400-milyon-kisiyi-etkileyebilir\/"},"modified":"2023-05-03T05:53:48","modified_gmt":"2023-05-03T05:53:48","slug":"astim-2025te-dunya-genelinde-400-milyon-kisiyi-etkileyebilir","status":"publish","type":"post","link":"https:\/\/kraios.app\/news\/saglik\/2023\/05\/03\/astim-2025te-dunya-genelinde-400-milyon-kisiyi-etkileyebilir\/","title":{"rendered":"Ast\u0131m, 2025&#8217;te d\u00fcnya genelinde 400 milyon ki\u015fiyi etkileyebilir"},"content":{"rendered":"<p><\/p>\n<div>\n<p>Her sene may\u0131s ay\u0131nda fark\u0131ndal\u0131\u011f\u0131 art\u0131rmak amac\u0131yla \u00e7e\u015fitli etkinliklerin d\u00fczenlendi\u011fi &#8220;D\u00fcnya Ast\u0131m G\u00fcn\u00fc&#8221;, bu sene &#8220;Herkes \u0130\u00e7in Ast\u0131m Tedavisi&#8221; temas\u0131yla yap\u0131l\u0131yor.<\/p>\n<p>Bu kapsamda AA muhabirinin, D\u00fcnya Sa\u011fl\u0131k \u00d6rg\u00fct\u00fc (DS\u00d6) verilerinden derledi\u011fi bilgilere g\u00f6re, ast\u0131m nedeniyle ger\u00e7ekle\u015fen g\u00fcnl\u00fck \u00f6l\u00fcm say\u0131s\u0131 2019&#8217;da 1263 olarak kay\u0131tlara ge\u00e7erken, d\u00fcnyada yakla\u015f\u0131k 339 milyon ast\u0131m hastas\u0131 oldu\u011fu tahmin ediliyor.<\/p>\n<p>Her ne kadar \u00fclkeden \u00fclkeye farkl\u0131l\u0131k g\u00f6sterse de ast\u0131m\u0131n ortalama g\u00f6r\u00fclme s\u0131kl\u0131\u011f\u0131n\u0131n d\u00fcnyada y\u00fczde 15 civar\u0131nda oldu\u011fu \u00f6ng\u00f6r\u00fcl\u00fcyor.<\/p>\n<p>Sa\u011fl\u0131k imkanlar\u0131na eri\u015fimin, ast\u0131m kaynakl\u0131 \u00f6l\u00fcmlerin \u00f6n\u00fcne ge\u00e7mede ciddi \u00f6nemi bulunurken, bu hastal\u0131k nedeniyle en fazla can kayb\u0131 d\u00fc\u015f\u00fck ve orta gelirli \u00fclkelerde ger\u00e7ekle\u015fiyor.<\/p>\n<p>Ast\u0131ma n\u00fcfusuna oranla en fazla ABD ve Avustralya ile baz\u0131 Bat\u0131 Avrupa ve Latin Amerika \u00fclkelerinde rastlanmas\u0131na kar\u015f\u0131n buna ba\u011fl\u0131 \u00f6l\u00fcmler en \u00e7ok Myanmar, Kiribati, Laos, Sri Lanka, Yeni Gine, Mali ve Lesotho gibi d\u00fc\u015f\u00fck ve orta gelirli \u00fclkelerde kayda ge\u00e7iyor.<\/p>\n<p>Toplam ast\u0131m hastas\u0131 say\u0131s\u0131n\u0131n 2025&#8217;te 400 milyona ula\u015faca\u011f\u0131 d\u00fc\u015f\u00fcn\u00fcl\u00fcyor.<\/p>\n<h3>Ba\u015fl\u0131ca belirtileri &#8220;nefes darl\u0131\u011f\u0131&#8221;, &#8220;nefes al\u0131p verirken \u00e7\u0131kan h\u0131r\u0131lt\u0131&#8221; ve &#8220;\u00f6ks\u00fcr\u00fck&#8221;<\/h3>\n<p>Ast\u0131m, akci\u011ferlerdeki k\u00fc\u00e7\u00fck hava yollar\u0131n\u0131n iltihaplanmas\u0131 ve daralmas\u0131, \u00f6ks\u00fcr\u00fck, h\u0131r\u0131lt\u0131, nefes darl\u0131\u011f\u0131 ve g\u00f6\u011f\u00fcste s\u0131k\u0131\u015fma sonucu ortaya \u00e7\u0131kan kronik bir akci\u011fer hastal\u0131\u011f\u0131 olarak biliniyor.<\/p>\n<p>Bu hastal\u0131k, tekrarlayan ve ataklar halinde geli\u015fen nefes darl\u0131\u011f\u0131, nefes al\u0131\u015fveri\u015fi s\u0131ras\u0131ndaki h\u0131r\u0131lt\u0131 veya \u0131sl\u0131k sesi, g\u00f6\u011f\u00fcste bask\u0131 hissi ve \u00f6ks\u00fcr\u00fck gibi belirtilerle kendini g\u00f6steriyor.<\/p>\n<p>Alerjik reaksiyonlar\u0131 harekete ge\u00e7irebilecek veya solunum yollar\u0131n\u0131 tahri\u015f edebilecek madde ve zerrecikleri solumak, ast\u0131m\u0131n geli\u015fmesinde \u00f6nemli risk fakt\u00f6r\u00fc olu\u015fturuyor.<\/p>\n<p>Ast\u0131m\u0131 tetikleyen \u00e7ok fazla fakt\u00f6r bulunmakla birlikte bunlar aras\u0131nda korku, \u00f6fke, heyecan gibi duygusal uyar\u0131mlar ile so\u011fuk hava, toz, duman, hava ko\u015fullar\u0131ndaki de\u011fi\u015fiklikler, \u00e7imen ve a\u011fa\u00e7 poleni, hayvan k\u00fcrk\u00fc ve t\u00fcyleriyle viral enfeksiyonlar \u00f6ne \u00e7\u0131k\u0131yor.<\/p>\n<h3>D\u00fcnya Ast\u0131m G\u00fcn\u00fc<\/h3>\n<p>&#8220;D\u00fcnya Ast\u0131m G\u00fcn\u00fc (WAD)&#8221;, 1993&#8217;te kurulan ve DS\u00d6&#8217;n\u00fcn i\u015fbirli\u011findeki organizasyon Ast\u0131m i\u00e7in K\u00fcresel Giri\u015fim (GINA) taraf\u0131ndan d\u00fczenleniyor.<\/p>\n<p>Bu sene 2 May\u0131s olarak belirlenen D\u00fcnya Ast\u0131m G\u00fcn\u00fc&#8217;n\u00fcn temas\u0131n\u0131n &#8220;Herkes \u0130\u00e7in Ast\u0131m Tedavisi&#8221; se\u00e7ilme amac\u0131n\u0131n ast\u0131ml\u0131 hastalar\u0131n tedavi imkanlar\u0131na ula\u015fmas\u0131n\u0131 sa\u011flamak oldu\u011fu kaydediliyor.<\/p>\n<h3>&#8220;Ast\u0131mda Do\u011fru Bilinen Yanl\u0131\u015flar&#8221;<\/h3>\n<p>Ast\u0131m ile alakal\u0131 yanl\u0131\u015f bilinenlerin ba\u015f\u0131n\u0131, ast\u0131m\u0131n \u00e7ocukluk hastal\u0131\u011f\u0131 ve bula\u015f\u0131c\u0131 oldu\u011fu, bireylerin ya\u015fland\u0131k\u00e7a bundan kurtulaca\u011f\u0131, ast\u0131m hastalar\u0131n\u0131n egzersiz yapmamalar\u0131 gerekti\u011fi ve sadece y\u00fcksek doz steroidlerle kontrol edilebilece\u011fi gibi hususlar \u00e7ekiyor.<\/p>\n<p>Bula\u015f\u0131c\u0131 olmayan ast\u0131m, \u00e7ocuklarda, ergenlerde, yeti\u015fkinlerde ve ya\u015fl\u0131larda olmak \u00fczere her ya\u015fta ortaya \u00e7\u0131kabiliyor.<\/p>\n<p>So\u011fuk alg\u0131nl\u0131\u011f\u0131 ve grip gibi viral solunum yolu enfeksiyonlar\u0131 ast\u0131m ataklar\u0131na neden olabiliyor.<\/p>\n<p>\u00c7ocuklarda ast\u0131m, s\u0131kl\u0131kla alerji ile ili\u015fkilendirilirken, yeti\u015fkinlerde ba\u015flayan ast\u0131m daha az alerjik olarak biliniyor.<\/p>\n<p>Ast\u0131m, iyi kontrol edildi\u011finde bu hastal\u0131\u011f\u0131 olan ki\u015filer, egzersiz yapabilir.<\/p>\n<p>Ast\u0131m, genellikle inhalasyon (soluk alma) yoluyla d\u00fc\u015f\u00fck doz steroidlerle kontrol edilebilir.<\/p>\n<p>Tedavi edilemese de epizotlar veya alevlenmeler olarak da adland\u0131r\u0131lan ataklar\u0131 azaltmak ve \u00f6nlemek i\u00e7in ast\u0131m\u0131 y\u00f6netmek ve hastal\u0131\u011f\u0131 kontrol alt\u0131na alabilmek m\u00fcmk\u00fcn.<\/p>\n<p>Ast\u0131m kontrol\u00fcn\u00fc g\u00fc\u00e7le\u015ftiren etkenler ise ila\u00e7lar\u0131n do\u011fru teknikle ve d\u00fczenli kullan\u0131lmamas\u0131, alerjenler gibi \u00f6zel veya enfeksiyon, sigara duman\u0131 ve kimyasallar gibi genel tetikleyicilere maruz kalmak g\u00f6sterilebiliyor.<\/p>\n<p>Yap\u0131lan ara\u015ft\u0131rmalarda, hastalar\u0131n ila\u00e7lar\u0131n\u0131 doktorunun \u00f6nerdi\u011fi \u015fekilde kullanmas\u0131n\u0131n, sigaray\u0131 b\u0131rakman\u0131n, obez hastalar\u0131n kilo vermesinin, sa\u011fl\u0131kl\u0131 ve dengeli beslenmenin, d\u00fczenli egzersiz yapman\u0131n, solunan ortam havas\u0131n\u0131 temiz tutman\u0131n ast\u0131m\u0131n kontrol\u00fcn\u00fc kolayla\u015ft\u0131rd\u0131\u011f\u0131 belirtiliyor.<\/p>\n<p>                            <span class=\"detay-foto-editor\">&#13;<br \/>\n                                <a href=\"https:\/\/www.aa.com.tr\/tr\/p\/abonelik-talep-formu\/1001\" target=\"_blank\" style=\"font-size:12px; color:#444; text-decoration:none;\" rel=\"noopener\">&#13;<br \/>\n                                    Anadolu Ajans\u0131 web sitesinde, AA Haber Ak\u0131\u015f Sistemi (HAS) \u00fczerinden abonelere sunulan haberler, \u00f6zetlenerek yay\u0131mlanmaktad\u0131r. <b style=\"color:#1897F7\">Abonelik i\u00e7in l\u00fctfen ileti\u015fime ge\u00e7iniz.<\/b>&#13;<br \/>\n                                <\/a>&#13;<br \/>\n                            <\/span>\n                        <\/div>\n<p><script>\n\t  window.fbAsyncInit = function() {\n\t\tFB.init({\n\t\t  appId: '1855843514662870',\n\t\t  status : true, \/\/ check login status\n\t\t  cookie : true, \/\/ enable cookies to allow the server to access the session\n\t\t  xfbml  : true  \/\/ parse XFBML\n\t\t});\n\t  };<\/p>\n<p>\t  (function() {\n\t\tvar e = document.createElement('script');\n\t\te.src=\"https:\/\/connect.facebook.net\/tr_TR\/all.js\";\n\t\te.async = true;\n\t\tdocument.getElementById('fb-root').appendChild(e);\n\t  }());\n    <\/script><\/p>\n","protected":false},"excerpt":{"rendered":"<p>Her sene may\u0131s ay\u0131nda fark\u0131ndal\u0131\u011f\u0131 art\u0131rmak amac\u0131yla \u00e7e\u015fitli etkinliklerin d\u00fczenlendi\u011fi &#8220;D\u00fcnya Ast\u0131m G\u00fcn\u00fc&#8221;, bu sene &#8220;Herkes \u0130\u00e7in Ast\u0131m Tedavisi&#8221; temas\u0131yla yap\u0131l\u0131yor. Bu kapsamda AA muhabirinin, D\u00fcnya Sa\u011fl\u0131k \u00d6rg\u00fct\u00fc (DS\u00d6) verilerinden derledi\u011fi bilgilere g\u00f6re, ast\u0131m nedeniyle ger\u00e7ekle\u015fen g\u00fcnl\u00fck \u00f6l\u00fcm say\u0131s\u0131 2019&#8217;da 1263 olarak kay\u0131tlara ge\u00e7erken, d\u00fcnyada yakla\u015f\u0131k 339 milyon ast\u0131m hastas\u0131 oldu\u011fu tahmin ediliyor. Her ne [&hellip;]<\/p>\n","protected":false},"author":1,"featured_media":3945,"comment_status":"","ping_status":"","sticky":false,"template":"","format":"standard","meta":[],"categories":[46],"tags":[],"_links":{"self":[{"href":"https:\/\/kraios.app\/news\/wp-json\/wp\/v2\/posts\/3944"}],"collection":[{"href":"https:\/\/kraios.app\/news\/wp-json\/wp\/v2\/posts"}],"about":[{"href":"https:\/\/kraios.app\/news\/wp-json\/wp\/v2\/types\/post"}],"author":[{"embeddable":true,"href":"https:\/\/kraios.app\/news\/wp-json\/wp\/v2\/users\/1"}],"replies":[{"embeddable":true,"href":"https:\/\/kraios.app\/news\/wp-json\/wp\/v2\/comments?post=3944"}],"version-history":[{"count":0,"href":"https:\/\/kraios.app\/news\/wp-json\/wp\/v2\/posts\/3944\/revisions"}],"wp:featuredmedia":[{"embeddable":true,"href":"https:\/\/kraios.app\/news\/wp-json\/wp\/v2\/media\/3945"}],"wp:attachment":[{"href":"https:\/\/kraios.app\/news\/wp-json\/wp\/v2\/media?parent=3944"}],"wp:term":[{"taxonomy":"category","embeddable":true,"href":"https:\/\/kraios.app\/news\/wp-json\/wp\/v2\/categories?post=3944"},{"taxonomy":"post_tag","embeddable":true,"href":"https:\/\/kraios.app\/news\/wp-json\/wp\/v2\/tags?post=3944"}],"curies":[{"name":"wp","href":"https:\/\/api.w.org\/{rel}","templated":true}]}}