{"id":3940,"date":"2023-05-03T05:51:52","date_gmt":"2023-05-03T05:51:52","guid":{"rendered":"https:\/\/kraios.app\/news\/gundem\/2023\/05\/03\/abluka-altindaki-gazze-seridinde-taraflar-arasinda-ateskes-saglandigi-bildirildi\/"},"modified":"2023-05-03T05:51:52","modified_gmt":"2023-05-03T05:51:52","slug":"abluka-altindaki-gazze-seridinde-taraflar-arasinda-ateskes-saglandigi-bildirildi","status":"publish","type":"post","link":"https:\/\/kraios.app\/news\/gundem\/2023\/05\/03\/abluka-altindaki-gazze-seridinde-taraflar-arasinda-ateskes-saglandigi-bildirildi\/","title":{"rendered":"Abluka alt\u0131ndaki Gazze \u015eeridi&#039;nde taraflar aras\u0131nda ate\u015fkes sa\u011fland\u0131\u011f\u0131 bildirildi"},"content":{"rendered":"<p>\u0130srail ordusunun sald\u0131r\u0131 ba\u015flatt\u0131\u011f\u0131 abluka alt\u0131ndaki Gazze \u015eeridi&#8217;nde taraflar aras\u0131nda ate\u015fkesin sa\u011fland\u0131\u011f\u0131, sabah saatlerinde b\u00f6lgede s\u00fckunetin hakim oldu\u011fu bildirildi.<\/p>\n","protected":false},"excerpt":{"rendered":"<p>\u0130srail ordusunun sald\u0131r\u0131 ba\u015flatt\u0131\u011f\u0131 abluka alt\u0131ndaki Gazze \u015eeridi&#8217;nde taraflar aras\u0131nda ate\u015fkesin sa\u011fland\u0131\u011f\u0131, sabah saatlerinde b\u00f6lgede s\u00fckunetin hakim oldu\u011fu bildirildi.<\/p>\n","protected":false},"author":1,"featured_media":3941,"comment_status":"","ping_status":"","sticky":false,"template":"","format":"standard","meta":[],"categories":[1],"tags":[],"_links":{"self":[{"href":"https:\/\/kraios.app\/news\/wp-json\/wp\/v2\/posts\/3940"}],"collection":[{"href":"https:\/\/kraios.app\/news\/wp-json\/wp\/v2\/posts"}],"about":[{"href":"https:\/\/kraios.app\/news\/wp-json\/wp\/v2\/types\/post"}],"author":[{"embeddable":true,"href":"https:\/\/kraios.app\/news\/wp-json\/wp\/v2\/users\/1"}],"replies":[{"embeddable":true,"href":"https:\/\/kraios.app\/news\/wp-json\/wp\/v2\/comments?post=3940"}],"version-history":[{"count":0,"href":"https:\/\/kraios.app\/news\/wp-json\/wp\/v2\/posts\/3940\/revisions"}],"wp:featuredmedia":[{"embeddable":true,"href":"https:\/\/kraios.app\/news\/wp-json\/wp\/v2\/media\/3941"}],"wp:attachment":[{"href":"https:\/\/kraios.app\/news\/wp-json\/wp\/v2\/media?parent=3940"}],"wp:term":[{"taxonomy":"category","embeddable":true,"href":"https:\/\/kraios.app\/news\/wp-json\/wp\/v2\/categories?post=3940"},{"taxonomy":"post_tag","embeddable":true,"href":"https:\/\/kraios.app\/news\/wp-json\/wp\/v2\/tags?post=3940"}],"curies":[{"name":"wp","href":"https:\/\/api.w.org\/{rel}","templated":true}]}}