{"id":3932,"date":"2023-05-03T05:20:09","date_gmt":"2023-05-03T05:20:09","guid":{"rendered":"https:\/\/kraios.app\/news\/saglik\/2023\/05\/03\/antalya-kumluca-devlet-hastanesi-hasta-kabulune-basliyor\/"},"modified":"2023-05-03T05:20:09","modified_gmt":"2023-05-03T05:20:09","slug":"antalya-kumluca-devlet-hastanesi-hasta-kabulune-basliyor","status":"publish","type":"post","link":"https:\/\/kraios.app\/news\/saglik\/2023\/05\/03\/antalya-kumluca-devlet-hastanesi-hasta-kabulune-basliyor\/","title":{"rendered":"Antalya Kumluca Devlet Hastanesi hasta kabul\u00fcne ba\u015fl\u0131yor"},"content":{"rendered":"<p>Sa\u011fl\u0131k Bakan\u0131 Fahrettin Koca, 23 bin 105 metrekare kapal\u0131 alan, 6 ameliyathane ve 17 yo\u011fun bak\u0131m yata\u011f\u0131na sahip Antalya Kumluca Devlet Hastanesi&#8217;nin hasta kabul\u00fcne ba\u015flayaca\u011f\u0131n\u0131 bildirdi.<\/p>\n","protected":false},"excerpt":{"rendered":"<p>Sa\u011fl\u0131k Bakan\u0131 Fahrettin Koca, 23 bin 105 metrekare kapal\u0131 alan, 6 ameliyathane ve 17 yo\u011fun bak\u0131m yata\u011f\u0131na sahip Antalya Kumluca Devlet Hastanesi&#8217;nin hasta kabul\u00fcne ba\u015flayaca\u011f\u0131n\u0131 bildirdi.<\/p>\n","protected":false},"author":1,"featured_media":3933,"comment_status":"","ping_status":"","sticky":false,"template":"","format":"standard","meta":[],"categories":[46],"tags":[],"_links":{"self":[{"href":"https:\/\/kraios.app\/news\/wp-json\/wp\/v2\/posts\/3932"}],"collection":[{"href":"https:\/\/kraios.app\/news\/wp-json\/wp\/v2\/posts"}],"about":[{"href":"https:\/\/kraios.app\/news\/wp-json\/wp\/v2\/types\/post"}],"author":[{"embeddable":true,"href":"https:\/\/kraios.app\/news\/wp-json\/wp\/v2\/users\/1"}],"replies":[{"embeddable":true,"href":"https:\/\/kraios.app\/news\/wp-json\/wp\/v2\/comments?post=3932"}],"version-history":[{"count":0,"href":"https:\/\/kraios.app\/news\/wp-json\/wp\/v2\/posts\/3932\/revisions"}],"wp:featuredmedia":[{"embeddable":true,"href":"https:\/\/kraios.app\/news\/wp-json\/wp\/v2\/media\/3933"}],"wp:attachment":[{"href":"https:\/\/kraios.app\/news\/wp-json\/wp\/v2\/media?parent=3932"}],"wp:term":[{"taxonomy":"category","embeddable":true,"href":"https:\/\/kraios.app\/news\/wp-json\/wp\/v2\/categories?post=3932"},{"taxonomy":"post_tag","embeddable":true,"href":"https:\/\/kraios.app\/news\/wp-json\/wp\/v2\/tags?post=3932"}],"curies":[{"name":"wp","href":"https:\/\/api.w.org\/{rel}","templated":true}]}}