{"id":3921,"date":"2023-05-02T23:38:32","date_gmt":"2023-05-02T23:38:32","guid":{"rendered":"https:\/\/kraios.app\/news\/saglik\/2023\/05\/02\/saglik-tesislerimize-surekli-yenilerini-ekledik\/"},"modified":"2023-05-02T23:38:32","modified_gmt":"2023-05-02T23:38:32","slug":"saglik-tesislerimize-surekli-yenilerini-ekledik","status":"publish","type":"post","link":"https:\/\/kraios.app\/news\/saglik\/2023\/05\/02\/saglik-tesislerimize-surekli-yenilerini-ekledik\/","title":{"rendered":"Sa\u011fl\u0131k tesislerimize s\u00fcrekli yenilerini ekledik"},"content":{"rendered":"<p><\/p>\n<div>\n<p>Sa\u011fl\u0131k Bakan\u0131 Fahrettin Koca, Konya \u015eehir Hastanesi&#8217;nde 2022&#8217;de yap\u0131lan toplam muayene say\u0131s\u0131n\u0131n yakla\u015f\u0131k 2 milyon oldu\u011funu belirterek, &#8220;Yine 2022 y\u0131l\u0131nda yap\u0131lan ameliyat say\u0131s\u0131 ise 100 bindir. Takdir edersiniz ki bunlar muazzam say\u0131lar. Bu hizmetlerin arkas\u0131ndaki irade, &#8216;\u015eehir hastaneleri en b\u00fcy\u00fck hayalimdir&#8217; diyen Cumhurba\u015fkan\u0131&#8217;m\u0131zd\u0131r.&#8221; dedi. <\/p>\n<p>Koca, Cumhurba\u015fkan\u0131 Recep Tayyip Erdo\u011fan&#8217;\u0131n da kat\u0131ld\u0131\u011f\u0131 K\u0131l\u0131\u00e7arslan Meydan\u0131&#8217;nda d\u00fczenlenen Karap\u0131nar G\u00fcne\u015f Santrali, Bozk\u0131r Baraj\u0131 ve Abd\u00fclhamit Han Caddesi ile yap\u0131m\u0131 tamamlanan di\u011fer projelerin toplu a\u00e7\u0131l\u0131\u015f t\u00f6reninde, \u00fclkede oldu\u011fu gibi Konya&#8217;da da son 20 y\u0131lda b\u00fcy\u00fck at\u0131l\u0131mlar ger\u00e7ekle\u015ftirildi\u011fini s\u00f6yledi.<\/p>\n<p>Sanayiden e\u011fitime, turizmden sa\u011fl\u0131\u011fa her alanda Konya&#8217;n\u0131n \u00f6ne \u00e7\u0131kt\u0131\u011f\u0131n\u0131 vurgulayan Koca, son 20 y\u0131lda ya\u015fanan devrim niteli\u011findeki yeniliklerle kentin kat kat g\u00fczelle\u015fti\u011fini dile getirdi.<\/p>\n<h3>&#8220;Sa\u011fl\u0131k tesislerimize s\u00fcrekli yenilerini ekledik&#8221;<\/h3>\n<p>Koca, T\u00fcrkiye&#8217;de sa\u011fl\u0131kta d\u00f6n\u00fc\u015f\u00fcm\u00fc ba\u015far\u0131yla hayata ge\u00e7irdiklerine dikkati \u00e7ekerek, \u015f\u00f6yle konu\u015ftu:<\/p>\n<p>&#8220;T\u00fcm vatanda\u015flar\u0131m\u0131z\u0131 e\u015fit ko\u015fullarda ve en y\u00fcksek konforda sa\u011fl\u0131k hizmetiyle bulu\u015fturduk. Sosyal g\u00fcvenlik devrimini yapt\u0131k. \u00dclkeyi, sa\u011fl\u0131k ve s\u0131hhat yurdu yapma yolunu se\u00e7tik. Sa\u011fl\u0131k tesislerimize s\u00fcrekli yenilerini ekledik. Konya&#8217;m\u0131zda ge\u00e7en hafta 83 yeni sa\u011fl\u0131k tesisimizin a\u00e7\u0131l\u0131\u015f\u0131n\u0131 yapt\u0131k. Konya, bug\u00fcn say\u0131lar\u0131 21&#8217;e ula\u015fan \u015fehir hastanelerinden birine en erken kavu\u015fan b\u00fcy\u00fck \u015fehirlerimizden biri oldu. Sadece Konya \u015eehir Hastanesi&#8217;nde 1250 yatak kapasitemiz var. Bu hastanemizde bir i\u015f g\u00fcn\u00fcnde hizmet alan ortalama hasta say\u0131s\u0131 yakla\u015f\u0131k 6 bindir. Bu hastanemizde 2022 y\u0131l\u0131nda yap\u0131lan toplam muayene say\u0131s\u0131 ise yakla\u015f\u0131k 2 milyondur. Yine 2022 y\u0131l\u0131nda yap\u0131lan ameliyat say\u0131s\u0131 ise 100 bindir. Takdir edersiniz ki bunlar muazzam say\u0131lar. Bu hizmetlerin arkas\u0131ndaki irade, &#8216;\u015eehir hastaneleri en b\u00fcy\u00fck hayalimdir&#8217; diyen Cumhurba\u015fkan\u0131m\u0131zd\u0131r.&#8221;<\/p>\n<h3>&#8220;B\u00fcy\u00fck devlet oldu\u011fumuzu sa\u011fl\u0131kta da g\u00f6steriyoruz&#8221;<\/h3>\n<p>&#8220;Yap\u0131lamaz&#8221;, &#8220;i\u015fletilemez&#8221; denilen hizmetleri hayata ge\u00e7irdiklerini anlatan Koca, \u015funlar\u0131 kaydetti:<\/p>\n<p>&#8220;D\u00fcnyaya \u00f6rnek tesisler kurduk. Onlar\u0131n sermayesi itiraz, bizim cevab\u0131m\u0131z i\u015f. Onlar\u0131n derdi, &#8216;Ne desem de \u00fcste \u00e7\u0131ksam&#8217; derdi, bizim hedefimiz vatanda\u015f\u0131m\u0131z\u0131n memnuniyeti. Onlar\u0131n meselesi, alg\u0131 meselesi, bizim gayretimiz memleket sevdas\u0131n\u0131n eseri. &#8216;Yap\u0131lamaz&#8217;, &#8216;Cesaret edilemez&#8217; denilen ne varsa sa\u011fl\u0131ktan sanayiye T\u00fcrkiye cesaretle hepsini yap\u0131yor. T\u00fcrkiye, kabu\u011funa \u00e7ekilmiyor, art\u0131k kab\u0131na s\u0131\u011fm\u0131yor. T\u00fcrkiye bug\u00fcn ilac\u0131n\u0131, a\u015f\u0131s\u0131n\u0131, t\u0131bbi cihaz\u0131n\u0131 kendisi \u00fcreten bir \u00fclkedir. Kendi otomobilini, sava\u015f u\u00e7a\u011f\u0131n\u0131 \u00fcreten bir \u00fclkedir. T\u00fcrkiye, sa\u011fl\u0131k hizmetlerinde g\u0131ptayla izlenen, sa\u011fl\u0131k ve biyoteknoloji alan\u0131nda kendine yetti\u011fi gibi \u00f6rnek al\u0131nan bir \u00fclkedir. T\u00fcrkiye, &#8216;Sen orada uslu uslu otur&#8217; denecek bir \u00fclke de\u011fildir art\u0131k. Bu aziz millet, dik durman\u0131n, ba\u015farman\u0131n gururunu yeniden ya\u015famaya ba\u015flam\u0131\u015ft\u0131r. B\u00fcy\u00fck devlet oldu\u011fumuzu sa\u011fl\u0131kta da g\u00f6steriyoruz.&#8221;<\/p>\n<p>                            <span class=\"detay-foto-editor\">&#13;<br \/>\n                                <a href=\"https:\/\/www.aa.com.tr\/tr\/p\/abonelik-talep-formu\/1001\" target=\"_blank\" style=\"font-size:12px; color:#444; text-decoration:none;\" rel=\"noopener\">&#13;<br \/>\n                                    Anadolu Ajans\u0131 web sitesinde, AA Haber Ak\u0131\u015f Sistemi (HAS) \u00fczerinden abonelere sunulan haberler, \u00f6zetlenerek yay\u0131mlanmaktad\u0131r. <b style=\"color:#1897F7\">Abonelik i\u00e7in l\u00fctfen ileti\u015fime ge\u00e7iniz.<\/b>&#13;<br \/>\n                                <\/a>&#13;<br \/>\n                            <\/span>\n                        <\/div>\n<p><script>\n\t  window.fbAsyncInit = function() {\n\t\tFB.init({\n\t\t  appId: '1855843514662870',\n\t\t  status : true, \/\/ check login status\n\t\t  cookie : true, \/\/ enable cookies to allow the server to access the session\n\t\t  xfbml  : true  \/\/ parse XFBML\n\t\t});\n\t  };<\/p>\n<p>\t  (function() {\n\t\tvar e = document.createElement('script');\n\t\te.src=\"https:\/\/connect.facebook.net\/tr_TR\/all.js\";\n\t\te.async = true;\n\t\tdocument.getElementById('fb-root').appendChild(e);\n\t  }());\n    <\/script><\/p>\n","protected":false},"excerpt":{"rendered":"<p>Sa\u011fl\u0131k Bakan\u0131 Fahrettin Koca, Konya \u015eehir Hastanesi&#8217;nde 2022&#8217;de yap\u0131lan toplam muayene say\u0131s\u0131n\u0131n yakla\u015f\u0131k 2 milyon oldu\u011funu belirterek, &#8220;Yine 2022 y\u0131l\u0131nda yap\u0131lan ameliyat say\u0131s\u0131 ise 100 bindir. Takdir edersiniz ki bunlar muazzam say\u0131lar. Bu hizmetlerin arkas\u0131ndaki irade, &#8216;\u015eehir hastaneleri en b\u00fcy\u00fck hayalimdir&#8217; diyen Cumhurba\u015fkan\u0131&#8217;m\u0131zd\u0131r.&#8221; dedi. Koca, Cumhurba\u015fkan\u0131 Recep Tayyip Erdo\u011fan&#8217;\u0131n da kat\u0131ld\u0131\u011f\u0131 K\u0131l\u0131\u00e7arslan Meydan\u0131&#8217;nda d\u00fczenlenen Karap\u0131nar [&hellip;]<\/p>\n","protected":false},"author":1,"featured_media":3922,"comment_status":"","ping_status":"","sticky":false,"template":"","format":"standard","meta":[],"categories":[46],"tags":[],"_links":{"self":[{"href":"https:\/\/kraios.app\/news\/wp-json\/wp\/v2\/posts\/3921"}],"collection":[{"href":"https:\/\/kraios.app\/news\/wp-json\/wp\/v2\/posts"}],"about":[{"href":"https:\/\/kraios.app\/news\/wp-json\/wp\/v2\/types\/post"}],"author":[{"embeddable":true,"href":"https:\/\/kraios.app\/news\/wp-json\/wp\/v2\/users\/1"}],"replies":[{"embeddable":true,"href":"https:\/\/kraios.app\/news\/wp-json\/wp\/v2\/comments?post=3921"}],"version-history":[{"count":0,"href":"https:\/\/kraios.app\/news\/wp-json\/wp\/v2\/posts\/3921\/revisions"}],"wp:featuredmedia":[{"embeddable":true,"href":"https:\/\/kraios.app\/news\/wp-json\/wp\/v2\/media\/3922"}],"wp:attachment":[{"href":"https:\/\/kraios.app\/news\/wp-json\/wp\/v2\/media?parent=3921"}],"wp:term":[{"taxonomy":"category","embeddable":true,"href":"https:\/\/kraios.app\/news\/wp-json\/wp\/v2\/categories?post=3921"},{"taxonomy":"post_tag","embeddable":true,"href":"https:\/\/kraios.app\/news\/wp-json\/wp\/v2\/tags?post=3921"}],"curies":[{"name":"wp","href":"https:\/\/api.w.org\/{rel}","templated":true}]}}