{"id":28065,"date":"2024-09-20T16:21:53","date_gmt":"2024-09-20T16:21:53","guid":{"rendered":"https:\/\/kraios.app\/news\/saglik\/2024\/09\/20\/orduda-akademisyenlerin-gelistirdigi-aparat-kalca-protezlerinde-cikik-riskini-azaltacak\/"},"modified":"2024-09-20T16:21:53","modified_gmt":"2024-09-20T16:21:53","slug":"orduda-akademisyenlerin-gelistirdigi-aparat-kalca-protezlerinde-cikik-riskini-azaltacak","status":"publish","type":"post","link":"https:\/\/kraios.app\/news\/saglik\/2024\/09\/20\/orduda-akademisyenlerin-gelistirdigi-aparat-kalca-protezlerinde-cikik-riskini-azaltacak\/","title":{"rendered":"Ordu&#8217;da akademisyenlerin geli\u015ftirdi\u011fi aparat, kal\u00e7a protezlerinde \u00e7\u0131k\u0131k riskini azaltacak"},"content":{"rendered":"<p><\/p>\n<div>\n<p>OD\u00dc T\u0131p Fak\u00fcltesi Ortopedi ve Travmatoloji Anabilim Dal\u0131 \u00d6\u011fretim \u00dcyesi Do\u00e7. Dr. Abdullah Alper \u015eahin&#8217;in dan\u0131\u015fmanl\u0131\u011f\u0131nda, yakla\u015f\u0131k 8 ay \u00f6nce kal\u00e7a ameliyatlar\u0131na y\u00f6nelik \u00e7al\u0131\u015fma ba\u015flat\u0131ld\u0131.<\/p>\n<p>Do\u00e7. Dr. \u015eahin, Malatya Turgut \u00d6zal \u00dcniversitesi Ortopedi ve Travmatoloji Anabilim Dal\u0131 \u00d6\u011fretim \u00dcyesi \u00d6\u011fretim \u00dcyesi Dr. Mehmet Boz, Recep Tayyip Erdo\u011fan \u00dcniversitesi Gemi \u0130n\u015faat\u0131 ve Gemi Makineleri M\u00fchendisli\u011fi B\u00f6l\u00fcm\u00fc Ara\u015ft\u0131rma G\u00f6revlisi \u00d6mer Sinan \u015eahin, Karadeniz Teknik \u00dcniversitesi Makine M\u00fchendisli\u011fi B\u00f6l\u00fcm\u00fc Dr. \u00d6\u011fretim \u00dcyesi Caner Sancak ile yapt\u0131\u011f\u0131 \u00e7al\u0131\u015fma neticesinde &#8220;OrthoSurgical Angle Guide System (OSAGS)&#8221; adl\u0131 aparat\u0131 geli\u015ftirdi.<\/p>\n<p><img decoding=\"async\" alt=\"\" src=\"https:\/\/www.aa.com.tr\/uploads\/userFiles\/4f62407a-abf2-4464-9690-b6acbca575b5\/07_2024%2F00_AGUSTOS%2F02%2F20240920_2_65594198_104901222.jpg\"\/><\/p>\n<p>Mevcut ameliyatlarda g\u00f6z karar\u0131 yerle\u015ftirilen kal\u00e7a protezinin, yeni aparat sayesinde belirlenen do\u011fru a\u00e7\u0131da yerle\u015ftirilmesi hedefleniyor.<\/p>\n<p>Do\u00e7. Dr. \u015eahin, AA muhabirine, bu fikrin, bir yak\u0131n\u0131n\u0131 ameliyat etti\u011fi s\u0131rada kar\u015f\u0131la\u015ft\u0131\u011f\u0131 s\u0131k\u0131nt\u0131dan sonra akl\u0131na geldi\u011fini s\u00f6yledi.<\/p>\n<p>Yak\u0131n\u0131na yapt\u0131klar\u0131 kal\u00e7a protezinin yerinden \u00e7\u0131kmas\u0131 \u00fczerine bunu, &#8220;Daha kesin nas\u0131l sonu\u00e7land\u0131rabiliriz, b\u00f6yle bir s\u0131k\u0131nt\u0131yla kar\u015f\u0131la\u015fmamak i\u00e7in ne yapabiliriz?&#8221; diye d\u00fc\u015f\u00fcnd\u00fcklerini anlatan \u015eahin, bir aparat planlay\u0131p hem m\u00fchendis hem de doktor arkada\u015flar\u0131yla payla\u015ft\u0131klar\u0131n\u0131 ifade etti.<\/p>\n<p><img decoding=\"async\" alt=\"\" src=\"https:\/\/www.aa.com.tr\/uploads\/userFiles\/4f62407a-abf2-4464-9690-b6acbca575b5\/07_2024%2F00_AGUSTOS%2F02%2F20240920_2_65594198_104901220.jpg\"\/><\/p>\n<p>\u015eahin, aparat\u0131n bilgisayar ortam\u0131nda sim\u00fclasyonunun yap\u0131ld\u0131\u011f\u0131n\u0131 belirterek, &#8220;Bunun \u00fczerinden geli\u015ftirerek eksik yerleri tamamlad\u0131k. Yakla\u015f\u0131k 8 ayl\u0131k s\u00fcre\u00e7 sonunda son haline getirdik. Daha da ileri s\u00fcreci olacak. Bununla alakal\u0131 patent ba\u015fvurumuzu \u00fcniversitemiz arac\u0131l\u0131\u011f\u0131yla T\u00fcrk Patent Kurumuna yapt\u0131k.&#8221; dedi.<\/p>\n<p>Patent ba\u015fvurusu \u00f6ncesinde \u00fcniversitenin anla\u015fmal\u0131 oldu\u011fu firma taraf\u0131ndan dosyalar\u0131n\u0131n incelendi\u011fini aktaran \u015eahin, \u00fcr\u00fcn\u00fcn patentlenebilece\u011fi, ticarile\u015febilece\u011fi ve \u00f6zg\u00fcn oldu\u011fu kan\u0131tland\u0131ktan sonra ba\u015fvurunun yap\u0131ld\u0131\u011f\u0131n\u0131 kaydetti.<\/p>\n<p>\u015eahin, \u00e7al\u0131\u015fmay\u0131 daha ileri g\u00f6t\u00fcrebilmek i\u00e7in T\u00dcB\u0130TAK projesi ba\u015fvurusunu da yapt\u0131klar\u0131na i\u015faret ederek, \u015f\u00f6yle konu\u015ftu:<\/p>\n<p>&#8220;\u0130leriki a\u015famam\u0131z a\u00e7\u0131k\u00e7as\u0131 \u015fu olacak, deneysel \u00e7al\u0131\u015fmalar\u0131 bitirdikten sonra biz bunu sadece kal\u00e7a protezlerinde de\u011fil, bir de omurga cerrahisinde de kullanmay\u0131 planlad\u0131k. T\u00dcB\u0130TAK projesinden alaca\u011f\u0131m\u0131z destekle deneysel a\u015fama bittikten sonra da aparat\u0131m\u0131z\u0131 dijitalle\u015ftirmeyi planl\u0131yoruz. B\u00f6ylelikle daha da hassas \u00f6l\u00e7\u00fcmler yapabilece\u011fiz.&#8221;<\/p>\n<p><img decoding=\"async\" alt=\"\" src=\"https:\/\/www.aa.com.tr\/uploads\/userFiles\/4f62407a-abf2-4464-9690-b6acbca575b5\/07_2024%2F00_AGUSTOS%2F02%2F20240920_2_65594198_104901219.jpg\"\/><\/p>\n<p>Bir sonraki a\u015famay\u0131 teknoloji transferi ofisiyle de g\u00f6r\u00fc\u015ft\u00fcklerini belirten \u015eahin, &#8220;T\u00fcrk Patent Kurumundan onay\u0131 ald\u0131ktan sonra belki Avrupa ya da Amerika Patent Enstit\u00fcs\u00fcne de ba\u015fvuru yap\u0131p b\u00f6yle basamak basamak giderek son haliyle iyi bir \u00fcr\u00fcn ortaya \u00e7\u0131karmay\u0131 d\u00fc\u015f\u00fcn\u00fcyoruz ve planl\u0131yoruz.&#8221; ifadelerini kulland\u0131.<\/p>\n<p>\u015eahin, bu aparat\u0131 ilk a\u015famada kal\u00e7a protezi ameliyatlar\u0131 i\u00e7in planlayarak yola \u00e7\u0131kt\u0131klar\u0131n\u0131 kaydederek, bunun en \u00f6nemli avantaj\u0131n\u0131n kal\u00e7a protezlerinde \u00e7\u0131k\u0131k riskini azaltmas\u0131 oldu\u011funu aktard\u0131.<\/p>\n<h3>&#8220;Yapt\u0131\u011f\u0131m\u0131z deneylerde aparat\u0131n faydal\u0131 oldu\u011funu g\u00f6rd\u00fck&#8221;<\/h3>\n<p>Kal\u00e7a protezi ameliyatlar\u0131ndan sonra \u00e7o\u011fu zaman erken d\u00f6nemde \u00e7\u0131k\u0131k olursa hastay\u0131 bir daha ameliyata almak gerekti\u011fini anlatan \u015eahin, s\u00f6zlerini \u015f\u00f6yle s\u00fcrd\u00fcrd\u00fc:<\/p>\n<p>&#8220;Bu hem protezin \u00f6mr\u00fcn\u00fc k\u0131salt\u0131yor hem sa\u011fl\u0131k harcamalar\u0131n\u0131 artt\u0131r\u0131yor hem i\u015f g\u00fcc\u00fc kayb\u0131na neden oluyor hem de hastada psikolojik olarak ciddi bir etkiye neden oluyor. Biz bunu engellemek i\u00e7in bu yola \u00e7\u0131kt\u0131k. Bizim yapt\u0131\u011f\u0131m\u0131z \u015fey, en fazla protezde \u00e7\u0131k\u0131\u011fa neden olan k\u0131sm\u0131 en d\u00fczg\u00fcn \u015fekilde yapmaya \u00e7al\u0131\u015fmak. Bunu ameliyat s\u0131ras\u0131nda g\u00f6rerek, \u00f6ncesinde planlad\u0131\u011f\u0131m\u0131z a\u00e7\u0131lara g\u00f6re ayarlayarak yapaca\u011f\u0131m\u0131z bir cihaz geli\u015ftirdik.&#8221;<\/p>\n<p>Yapt\u0131klar\u0131 deneylerde aparat\u0131n faydal\u0131 oldu\u011funu g\u00f6rd\u00fcklerini dile getiren \u015eahin, \u015funlar\u0131 kaydetti:<\/p>\n<p>&#8220;V\u00fccuda ameliyat s\u0131ras\u0131nda koydu\u011fumuz protezin ba\u011fl\u0131 oldu\u011fu \u00e7ubuklar \u00fcst\u00fcnden a\u00e7\u0131 \u00f6l\u00e7\u00fcm\u00fc yap\u0131yoruz. Asl\u0131nda bizim prosed\u00fcr\u00fcm\u00fcz ameliyat\u0131 etkileyecek bir prosed\u00fcr de\u011fil. Bu omurga i\u00e7in de ayn\u0131, kal\u00e7a protezi i\u00e7in de ayn\u0131. Tek avantaj\u0131m\u0131z onu o anda ka\u00e7 derecelik a\u00e7\u0131yla oraya g\u00f6nderdi\u011fimizi biliyoruz ve bu da bizim ameliyattan sonra \u00e7\u0131k\u0131k riskimizi hem de ameliyat s\u00fcremizi azalt\u0131yor. Belki hastan\u0131n tekrar tekrar ameliyat olma ihtimalini azalt\u0131yor.&#8221;<\/p>\n<p>\u015eahin, protez ameliyatlar\u0131nda protez k\u0131sm\u0131n\u0131 genelde g\u00f6z karar\u0131 yerle\u015ftirdiklerini aktararak, \u015funlar\u0131 kaydetti:<\/p>\n<p>&#8220;Tabii bu deneyimlendik\u00e7e, 10 y\u0131ll\u0131k hekim ile bir y\u0131ll\u0131k cerrah\u0131n protezi yerle\u015ftirme \u015fekli ayn\u0131 olmuyor. Deneyim artt\u0131k\u00e7a daha net a\u00e7\u0131larla yerle\u015ftirebiliyorsunuz. Ama bu aparat sayesinde bir y\u0131ll\u0131k bir cerrah da onu uygun a\u00e7\u0131da yerle\u015ftirebilecek. 10 y\u0131ll\u0131k cerrah da ameliyat s\u0131ras\u0131nda bir s\u0131k\u0131nt\u0131 ya\u015fad\u0131\u011f\u0131 zaman o aparat\u0131 kurup bak\u0131p, &#8216;Bu a\u00e7\u0131n\u0131n belki \u015furas\u0131n\u0131 d\u00fczeltmem gerekiyor.&#8217; deyip anl\u0131k d\u00fczeltme yapabilecek. Bunun sadece kal\u00e7a i\u00e7in de\u011fil, omurga i\u00e7in vida yerle\u015ftirirken de i\u015fe yarayaca\u011f\u0131n\u0131 d\u00fc\u015f\u00fcn\u00fcyoruz.&#8221;<\/p>\n<p>                            <span class=\"detay-foto-editor\">&#13;<br \/>\n                                <a href=\"https:\/\/www.aa.com.tr\/tr\/p\/abonelik-talep-formu\/1001\" target=\"_blank\" style=\"font-size:12px; color:#444; text-decoration:none;\" rel=\"noopener\">&#13;<br \/>\n                                    Anadolu Ajans\u0131 web sitesinde, AA Haber Ak\u0131\u015f Sistemi (HAS) \u00fczerinden abonelere sunulan haberler, \u00f6zetlenerek yay\u0131mlanmaktad\u0131r. <b style=\"color:#1897F7\">Abonelik i\u00e7in l\u00fctfen ileti\u015fime ge\u00e7iniz.<\/b>&#13;<br \/>\n                                <\/a>&#13;<br \/>\n                            <\/span>\n                        <\/div>\n<p><script>\n\t  window.fbAsyncInit = function() {\n\t\tFB.init({\n\t\t  appId: '1855843514662870',\n\t\t  status : true, \/\/ check login status\n\t\t  cookie : true, \/\/ enable cookies to allow the server to access the session\n\t\t  xfbml  : true  \/\/ parse XFBML\n\t\t});\n\t  };<\/p>\n<p>\t  (function() {\n\t\tvar e = document.createElement('script');\n\t\te.src=\"https:\/\/connect.facebook.net\/tr_TR\/all.js\";\n\t\te.async = true;\n\t\tdocument.getElementById('fb-root').appendChild(e);\n\t  }());\n    <\/script><\/p>\n","protected":false},"excerpt":{"rendered":"<p>OD\u00dc T\u0131p Fak\u00fcltesi Ortopedi ve Travmatoloji Anabilim Dal\u0131 \u00d6\u011fretim \u00dcyesi Do\u00e7. Dr. Abdullah Alper \u015eahin&#8217;in dan\u0131\u015fmanl\u0131\u011f\u0131nda, yakla\u015f\u0131k 8 ay \u00f6nce kal\u00e7a ameliyatlar\u0131na y\u00f6nelik \u00e7al\u0131\u015fma ba\u015flat\u0131ld\u0131. Do\u00e7. Dr. \u015eahin, Malatya Turgut \u00d6zal \u00dcniversitesi Ortopedi ve Travmatoloji Anabilim Dal\u0131 \u00d6\u011fretim \u00dcyesi \u00d6\u011fretim \u00dcyesi Dr. Mehmet Boz, Recep Tayyip Erdo\u011fan \u00dcniversitesi Gemi \u0130n\u015faat\u0131 ve Gemi Makineleri M\u00fchendisli\u011fi B\u00f6l\u00fcm\u00fc [&hellip;]<\/p>\n","protected":false},"author":1,"featured_media":28066,"comment_status":"","ping_status":"","sticky":false,"template":"","format":"standard","meta":[],"categories":[46],"tags":[],"_links":{"self":[{"href":"https:\/\/kraios.app\/news\/wp-json\/wp\/v2\/posts\/28065"}],"collection":[{"href":"https:\/\/kraios.app\/news\/wp-json\/wp\/v2\/posts"}],"about":[{"href":"https:\/\/kraios.app\/news\/wp-json\/wp\/v2\/types\/post"}],"author":[{"embeddable":true,"href":"https:\/\/kraios.app\/news\/wp-json\/wp\/v2\/users\/1"}],"replies":[{"embeddable":true,"href":"https:\/\/kraios.app\/news\/wp-json\/wp\/v2\/comments?post=28065"}],"version-history":[{"count":0,"href":"https:\/\/kraios.app\/news\/wp-json\/wp\/v2\/posts\/28065\/revisions"}],"wp:featuredmedia":[{"embeddable":true,"href":"https:\/\/kraios.app\/news\/wp-json\/wp\/v2\/media\/28066"}],"wp:attachment":[{"href":"https:\/\/kraios.app\/news\/wp-json\/wp\/v2\/media?parent=28065"}],"wp:term":[{"taxonomy":"category","embeddable":true,"href":"https:\/\/kraios.app\/news\/wp-json\/wp\/v2\/categories?post=28065"},{"taxonomy":"post_tag","embeddable":true,"href":"https:\/\/kraios.app\/news\/wp-json\/wp\/v2\/tags?post=28065"}],"curies":[{"name":"wp","href":"https:\/\/api.w.org\/{rel}","templated":true}]}}