{"id":28057,"date":"2024-09-20T12:53:42","date_gmt":"2024-09-20T12:53:42","guid":{"rendered":"https:\/\/kraios.app\/news\/saglik\/2024\/09\/20\/unicef-burundideki-m-cicegi-vakalarinin-yuzde-30u-5-yas-alti-cocuklardan-olusuyor\/"},"modified":"2024-09-20T12:53:42","modified_gmt":"2024-09-20T12:53:42","slug":"unicef-burundideki-m-cicegi-vakalarinin-yuzde-30u-5-yas-alti-cocuklardan-olusuyor","status":"publish","type":"post","link":"https:\/\/kraios.app\/news\/saglik\/2024\/09\/20\/unicef-burundideki-m-cicegi-vakalarinin-yuzde-30u-5-yas-alti-cocuklardan-olusuyor\/","title":{"rendered":"UNICEF: Burundi&#039;deki M \u00e7i\u00e7e\u011fi vakalar\u0131n\u0131n y\u00fczde 30&#039;u 5 ya\u015f alt\u0131 \u00e7ocuklardan olu\u015fuyor"},"content":{"rendered":"<p>UNICEF Do\u011fu ve G\u00fcney Afrika B\u00f6lgesel Sa\u011fl\u0131k Dan\u0131\u015fman\u0131 Paul Ngwakum, Burundi&#8217;de bildirilen M \u00e7i\u00e7e\u011fi (mpox) vir\u00fcs\u00fc vakalar\u0131n\u0131n y\u00fczde 30&#8217;unun 5 ya\u015f alt\u0131 \u00e7ocuklardan olu\u015ftu\u011funu belirtti.<\/p>\n","protected":false},"excerpt":{"rendered":"<p>UNICEF Do\u011fu ve G\u00fcney Afrika B\u00f6lgesel Sa\u011fl\u0131k Dan\u0131\u015fman\u0131 Paul Ngwakum, Burundi&#8217;de bildirilen M \u00e7i\u00e7e\u011fi (mpox) vir\u00fcs\u00fc vakalar\u0131n\u0131n y\u00fczde 30&#8217;unun 5 ya\u015f alt\u0131 \u00e7ocuklardan olu\u015ftu\u011funu belirtti.<\/p>\n","protected":false},"author":1,"featured_media":28058,"comment_status":"","ping_status":"","sticky":false,"template":"","format":"standard","meta":[],"categories":[46],"tags":[],"_links":{"self":[{"href":"https:\/\/kraios.app\/news\/wp-json\/wp\/v2\/posts\/28057"}],"collection":[{"href":"https:\/\/kraios.app\/news\/wp-json\/wp\/v2\/posts"}],"about":[{"href":"https:\/\/kraios.app\/news\/wp-json\/wp\/v2\/types\/post"}],"author":[{"embeddable":true,"href":"https:\/\/kraios.app\/news\/wp-json\/wp\/v2\/users\/1"}],"replies":[{"embeddable":true,"href":"https:\/\/kraios.app\/news\/wp-json\/wp\/v2\/comments?post=28057"}],"version-history":[{"count":0,"href":"https:\/\/kraios.app\/news\/wp-json\/wp\/v2\/posts\/28057\/revisions"}],"wp:featuredmedia":[{"embeddable":true,"href":"https:\/\/kraios.app\/news\/wp-json\/wp\/v2\/media\/28058"}],"wp:attachment":[{"href":"https:\/\/kraios.app\/news\/wp-json\/wp\/v2\/media?parent=28057"}],"wp:term":[{"taxonomy":"category","embeddable":true,"href":"https:\/\/kraios.app\/news\/wp-json\/wp\/v2\/categories?post=28057"},{"taxonomy":"post_tag","embeddable":true,"href":"https:\/\/kraios.app\/news\/wp-json\/wp\/v2\/tags?post=28057"}],"curies":[{"name":"wp","href":"https:\/\/api.w.org\/{rel}","templated":true}]}}