{"id":28053,"date":"2024-09-20T09:13:00","date_gmt":"2024-09-20T09:13:00","guid":{"rendered":"https:\/\/kraios.app\/news\/saglik\/2024\/09\/20\/elektronik-sigara-bas-boyun-kanseri-riskini-artiriyor\/"},"modified":"2024-09-20T09:13:00","modified_gmt":"2024-09-20T09:13:00","slug":"elektronik-sigara-bas-boyun-kanseri-riskini-artiriyor","status":"publish","type":"post","link":"https:\/\/kraios.app\/news\/saglik\/2024\/09\/20\/elektronik-sigara-bas-boyun-kanseri-riskini-artiriyor\/","title":{"rendered":"Elektronik sigara ba\u015f boyun kanseri riskini art\u0131r\u0131yor"},"content":{"rendered":"<p><\/p>\n<div>\n<p>Avrupa Ba\u015f Boyun Derne\u011fi (EHNS) ve Ba\u015f ve Boyun Kanserleri Derne\u011fi Genel Sekreteri Prof. Dr. \u015eefik Ho\u015fal, AA muhabirine yapt\u0131\u011f\u0131 a\u00e7\u0131klamada, y\u00fcz, ba\u015f ve boyun b\u00f6lgesinde beyin ve g\u00f6z d\u0131\u015f\u0131ndaki yerlerde geli\u015fen t\u00fcm\u00f6rlerin ba\u015f boyun kanserleri alan\u0131na girdi\u011fini s\u00f6yledi.<\/p>\n<p>D\u00fcnyada y\u0131lda ortalama 700 bin ki\u015finin ba\u015f boyun kanserleri tan\u0131s\u0131 ald\u0131\u011f\u0131n\u0131 aktaran Ho\u015fal, bu t\u00fcm\u00f6rlerin kansere ba\u011fl\u0131 \u00f6l\u00fcm nedenleri aras\u0131nda alt\u0131nc\u0131 s\u0131rada yer ald\u0131\u011f\u0131n\u0131 ifade etti.<\/p>\n<p>Ho\u015fal, &#8220;Be\u015f y\u0131l i\u00e7erisinde bu rakam\u0131n yakla\u015f\u0131k yar\u0131s\u0131, maalesef \u00f6l\u00fcmle sonu\u00e7lan\u0131yor. Erken evrede tedavide ba\u015far\u0131 y\u00fczde 80&#8217;lere ula\u015f\u0131rken, ileri evrede bu oran y\u00fczde 40&#8217;lara d\u00fc\u015f\u00fcyor, yani yar\u0131 yar\u0131ya azal\u0131yor.&#8221; dedi.<\/p>\n<p>Ho\u015fal, ba\u015f boyun kanserlerinin, erkeklerde kad\u0131nlara g\u00f6re yakla\u015f\u0131k 2 ila 4 kat daha fazla g\u00f6r\u00fcld\u00fc\u011f\u00fcn\u00fc belirterek, \u015f\u00f6yle devam etti:<\/p>\n<p>&#8220;Bu nedenle \u00f6zellikle 40 ya\u015f \u00fcst\u00fc erkeklerin ba\u015f boyun kanserleri belirtilerinin fark\u0131nda olmalar\u0131 ve ne zaman doktora ba\u015fvuracaklar\u0131n\u0131 bilmeleri gerekir. Erkeklerde daha s\u0131k kar\u015f\u0131la\u015f\u0131lmas\u0131n\u0131n sebebi, yo\u011fun sigara ve alkol t\u00fcketiminin erkeklerde daha fazla olmas\u0131yla a\u00e7\u0131klanabilir. Fakat kad\u0131nlarda sigara t\u00fcketiminin artmas\u0131yla birlikte kad\u0131nlarda da art\u0131\u015f g\u00f6zlemleniyor.&#8221;<\/p>\n<p>Ho\u015fal, ba\u015f boyun kanserlerinin genelde ileri ya\u015f hastal\u0131\u011f\u0131 olmas\u0131na ra\u011fmen son y\u0131llarda gen\u00e7lerde de g\u00f6r\u00fclme s\u0131kl\u0131\u011f\u0131n\u0131n artt\u0131\u011f\u0131n\u0131 anlatt\u0131.<\/p>\n<h3>3 haftadan uzun s\u00fcren \u015fikayetler<\/h3>\n<p>Ho\u015fal, ba\u015f boyun kanserlerinin ba\u015fl\u0131ca belirtilerinin dilde veya a\u011f\u0131z i\u00e7inde iyile\u015fmeyen yaralar, bo\u011fazda a\u011fr\u0131, ses k\u0131s\u0131kl\u0131\u011f\u0131, yutma s\u0131ras\u0131nda a\u011fr\u0131 veya yutma g\u00fc\u00e7l\u00fc\u011f\u00fc, ge\u00e7meyen y\u00fcz a\u011fr\u0131lar\u0131, boyunda \u015fi\u015flik, burunda k\u00f6t\u00fc koku, burun t\u0131kan\u0131kl\u0131\u011f\u0131 veya burundan kanl\u0131 ak\u0131nt\u0131 \u015feklinde oldu\u011funu dile getirdi.<\/p>\n<p>Bu \u015fikayetlerin 3 haftadan uzun s\u00fcrmesinin kritik oldu\u011funa dikkati \u00e7eken Ho\u015fal, boyunda lenf bezi \u015fi\u015fli\u011finin en \u00f6nemli bulgulardan oldu\u011funu vurgulad\u0131.<\/p>\n<p>Ho\u015fal, &#8220;\u00d6zellikle 40 ya\u015f \u00fcst\u00fc eri\u015fkin hastalarda boyunda \u015fi\u015flik varsa mutlaka ba\u015f boyun b\u00f6lgesinin incelenmesi gerekir. Bu belirtilerden herhangi biri, 3 hafta veya daha uzun s\u00fcre devam ediyorsa detayl\u0131 muayene i\u00e7in muhakkak kulak burun bo\u011faz uzmanlar\u0131na ba\u015fvurulmas\u0131 gerekir.&#8221; uyar\u0131s\u0131nda bulundu.<\/p>\n<p>Ho\u015fal, hastal\u0131k belirtilerinin farenjit veya sin\u00fczit gibi \u00fcst solunum yolu hastal\u0131klar\u0131yla kar\u0131\u015ft\u0131r\u0131labildi\u011fine i\u015faret etti.<\/p>\n<h3>&#8220;Y\u00fczde 60 oran\u0131nda ge\u00e7 d\u00f6nemde doktora ba\u015fvuru oluyor&#8221;<\/h3>\n<p>Ba\u015f boyun kanserlerinin erken bulgu veren kanser t\u00fcrleri aras\u0131nda olmas\u0131na kar\u015f\u0131n \u00e7o\u011fu zaman ge\u00e7 tan\u0131 konuldu\u011funu bildiren Ho\u015fal, &#8220;T\u00fcrkiye&#8217;de hastalar genellikle belirtileri dikkate alm\u0131yor ve y\u00fczde 60 oran\u0131nda ge\u00e7 d\u00f6nemde doktora ba\u015fvuru oluyor. Maalesef, bu a\u015famada tan\u0131 konuldu\u011funda da ileri evrede kanser saptan\u0131yor. Basit bir so\u011fuk alg\u0131nl\u0131\u011f\u0131, so\u011fuk su veya sigaraya ba\u011fl\u0131 oldu\u011fu d\u00fc\u015f\u00fcn\u00fcl\u00fcyor ve tedavi i\u00e7in genelde ge\u00e7 kal\u0131n\u0131yor.&#8221; diye konu\u015ftu.<\/p>\n<p>Ho\u015fal, ba\u015f boyun kanserlerinin en \u00f6nemli risk fakt\u00f6r\u00fcn\u00fcn t\u00fct\u00fcn \u00fcr\u00fcnleri kullan\u0131m\u0131 oldu\u011funa i\u015faret ederek, bu kanserlerin \u00f6zellikle uzun y\u0131llar yo\u011fun sigara i\u00e7en ki\u015filerde daha s\u0131k g\u00f6r\u00fcld\u00fc\u011f\u00fcn\u00fcn alt\u0131n\u0131 \u00e7izdi.<\/p>\n<p>Sigaray\u0131 b\u0131rakan hastalarda dahi riskin, sigara i\u00e7meyenlere g\u00f6re y\u00fcksek oldu\u011funu ifade eden Ho\u015fal, s\u00f6zlerini \u015f\u00f6yle s\u00fcrd\u00fcrd\u00fc:<\/p>\n<p>&#8220;Sigara kullan\u0131m\u0131 en \u00f6nemli etken. Elektronik sigara ve pasif i\u00e7icilik de ba\u015f boyun kanseri riskini art\u0131r\u0131yor. Sigara d\u0131\u015f\u0131nda yo\u011fun alkol kullan\u0131m\u0131 da risk te\u015fkil ediyor. Yo\u011fun ve kronik alkol kullananlar bir de sigara i\u00e7iyorsa risk katlanarak art\u0131yor. A\u011f\u0131z i\u00e7inde kronik irritasyona sebep olan k\u0131r\u0131k di\u015f ya da uygun olmayan di\u015f protezleri, k\u00f6t\u00fc a\u011f\u0131z hijyeni, HPV ve EBV vir\u00fcsleri di\u011fer risk fakt\u00f6rlerini olu\u015fturuyor. \u00d6zellikle HPV vir\u00fcs\u00fc son y\u0131llarda bademcik ve dil k\u00f6k\u00fc kanserlerinin en \u00f6nemli etkeni olarak g\u00f6r\u00fcl\u00fcyor.&#8221;<\/p>\n<p>Ho\u015fal, tan\u0131 i\u00e7in \u00f6zellikle kulaktan ba\u015flayarak burun, a\u011f\u0131z, bo\u011faz, geniz, yutak, g\u0131rtlak ve boyun b\u00f6lgesinin detayl\u0131 muayene edilmesi gerekti\u011fini vurgulad\u0131.<\/p>\n<h3>Cerrahide yeni teknolojiler<\/h3>\n<p>Ba\u015f boyun kanserlerinin esas tedavisinin genel anlamda cerrahi oldu\u011funu belirten Ho\u015fal, \u015funlar\u0131 kaydetti:<\/p>\n<p>&#8220;Eskiden radikal cerrahiler yap\u0131l\u0131rken \u015fimdi fonksiyon korumaya, hastan\u0131n ya\u015fam kalitesini art\u0131rmaya y\u00f6nelik cerrahiler yap\u0131l\u0131yor. Endoskopik ameliyatlar ve lazer cerrahisi bu ama\u00e7la geli\u015fti. Biri 20 y\u0131ld\u0131r, di\u011feri 10 y\u0131ld\u0131r kulland\u0131\u011f\u0131m\u0131z iki yeni teknoloji var. Birincisi lazer tedavisidir ve \u00f6zellikle g\u0131rtlak kanserinde erken evrede \u00e7ok \u00f6nemli bir tedavi y\u00f6ntemidir. Eskiden a\u00e7\u0131k g\u0131rtlak ameliyatlar\u0131 yaparken \u015fimdi lazerle kapal\u0131 \u015fekilde ameliyat ediyoruz.<\/p>\n<p>Di\u011feri ise robotik cerrahi y\u00f6ntemidir. Bu y\u00f6ntemle, elin giremedi\u011fi, yeti\u015femedi\u011fi alanlarda bir robotun hekime sa\u011flad\u0131\u011f\u0131 g\u00f6r\u00fcnt\u00fc ve el hareketi yard\u0131m\u0131yla ameliyat yap\u0131l\u0131yor. Robotik cerrahi \u00f6zellikle bademcik ve dil k\u00f6k\u00fc kanserlerinde etkili bir y\u00f6ntemdir.&#8221;<\/p>\n<p>                            <span class=\"detay-foto-editor\">&#13;<br \/>\n                                <a href=\"https:\/\/www.aa.com.tr\/tr\/p\/abonelik-talep-formu\/1001\" target=\"_blank\" style=\"font-size:12px; color:#444; text-decoration:none;\" rel=\"noopener\">&#13;<br \/>\n                                    Anadolu Ajans\u0131 web sitesinde, AA Haber Ak\u0131\u015f Sistemi (HAS) \u00fczerinden abonelere sunulan haberler, \u00f6zetlenerek yay\u0131mlanmaktad\u0131r. <b style=\"color:#1897F7\">Abonelik i\u00e7in l\u00fctfen ileti\u015fime ge\u00e7iniz.<\/b>&#13;<br \/>\n                                <\/a>&#13;<br \/>\n                            <\/span>\n                        <\/div>\n<p><script>\n\t  window.fbAsyncInit = function() {\n\t\tFB.init({\n\t\t  appId: '1855843514662870',\n\t\t  status : true, \/\/ check login status\n\t\t  cookie : true, \/\/ enable cookies to allow the server to access the session\n\t\t  xfbml  : true  \/\/ parse XFBML\n\t\t});\n\t  };<\/p>\n<p>\t  (function() {\n\t\tvar e = document.createElement('script');\n\t\te.src=\"https:\/\/connect.facebook.net\/tr_TR\/all.js\";\n\t\te.async = true;\n\t\tdocument.getElementById('fb-root').appendChild(e);\n\t  }());\n    <\/script><\/p>\n","protected":false},"excerpt":{"rendered":"<p>Avrupa Ba\u015f Boyun Derne\u011fi (EHNS) ve Ba\u015f ve Boyun Kanserleri Derne\u011fi Genel Sekreteri Prof. Dr. \u015eefik Ho\u015fal, AA muhabirine yapt\u0131\u011f\u0131 a\u00e7\u0131klamada, y\u00fcz, ba\u015f ve boyun b\u00f6lgesinde beyin ve g\u00f6z d\u0131\u015f\u0131ndaki yerlerde geli\u015fen t\u00fcm\u00f6rlerin ba\u015f boyun kanserleri alan\u0131na girdi\u011fini s\u00f6yledi. D\u00fcnyada y\u0131lda ortalama 700 bin ki\u015finin ba\u015f boyun kanserleri tan\u0131s\u0131 ald\u0131\u011f\u0131n\u0131 aktaran Ho\u015fal, bu t\u00fcm\u00f6rlerin kansere [&hellip;]<\/p>\n","protected":false},"author":1,"featured_media":28054,"comment_status":"","ping_status":"","sticky":false,"template":"","format":"standard","meta":[],"categories":[46],"tags":[],"_links":{"self":[{"href":"https:\/\/kraios.app\/news\/wp-json\/wp\/v2\/posts\/28053"}],"collection":[{"href":"https:\/\/kraios.app\/news\/wp-json\/wp\/v2\/posts"}],"about":[{"href":"https:\/\/kraios.app\/news\/wp-json\/wp\/v2\/types\/post"}],"author":[{"embeddable":true,"href":"https:\/\/kraios.app\/news\/wp-json\/wp\/v2\/users\/1"}],"replies":[{"embeddable":true,"href":"https:\/\/kraios.app\/news\/wp-json\/wp\/v2\/comments?post=28053"}],"version-history":[{"count":0,"href":"https:\/\/kraios.app\/news\/wp-json\/wp\/v2\/posts\/28053\/revisions"}],"wp:featuredmedia":[{"embeddable":true,"href":"https:\/\/kraios.app\/news\/wp-json\/wp\/v2\/media\/28054"}],"wp:attachment":[{"href":"https:\/\/kraios.app\/news\/wp-json\/wp\/v2\/media?parent=28053"}],"wp:term":[{"taxonomy":"category","embeddable":true,"href":"https:\/\/kraios.app\/news\/wp-json\/wp\/v2\/categories?post=28053"},{"taxonomy":"post_tag","embeddable":true,"href":"https:\/\/kraios.app\/news\/wp-json\/wp\/v2\/tags?post=28053"}],"curies":[{"name":"wp","href":"https:\/\/api.w.org\/{rel}","templated":true}]}}