{"id":28049,"date":"2024-09-19T17:23:20","date_gmt":"2024-09-19T17:23:20","guid":{"rendered":"https:\/\/kraios.app\/news\/saglik\/2024\/09\/19\/lubnandaki-elektronik-cihaz-patlamalari-saglik-sisteminde-ciddi-bozulmaya-neden-oldu\/"},"modified":"2024-09-19T17:23:20","modified_gmt":"2024-09-19T17:23:20","slug":"lubnandaki-elektronik-cihaz-patlamalari-saglik-sisteminde-ciddi-bozulmaya-neden-oldu","status":"publish","type":"post","link":"https:\/\/kraios.app\/news\/saglik\/2024\/09\/19\/lubnandaki-elektronik-cihaz-patlamalari-saglik-sisteminde-ciddi-bozulmaya-neden-oldu\/","title":{"rendered":"L\u00fcbnan&#8217;daki elektronik cihaz patlamalar\u0131 sa\u011fl\u0131k sisteminde ciddi bozulmaya neden oldu"},"content":{"rendered":"<p><\/p>\n<div>\n<p>Ghebreyesus, DS\u00d6&#8217;n\u00fcn haftal\u0131k bas\u0131n toplant\u0131s\u0131nda de\u011ferlendirmelerde bulundu.<\/p>\n<p>L\u00fcbnan&#8217;da patlayan ileti\u015fim cihazlar\u0131n\u0131n neden oldu\u011fu can kayb\u0131na m\u00fcdahale etmek i\u00e7in L\u00fcbnan Sa\u011fl\u0131\u011f\u0131 Bakanl\u0131\u011f\u0131 ile yak\u0131n bir \u015fekilde \u00e7al\u0131\u015ft\u0131klar\u0131n\u0131 belirten Ghebreyesus, \u015funlar\u0131 s\u00f6yledi:<\/p>\n<p class=\"videoWrapper\">\n<div class=\"jeg_video_container jeg_video_content\"><iframe loading=\"lazy\" title=\"L\u00fcbnan\u2019daki \u00e7a\u011fr\u0131 cihaz\u0131 sald\u0131r\u0131lar\u0131n\u0131n arkas\u0131nda ne var?\" width=\"500\" height=\"281\" src=\"https:\/\/www.youtube.com\/embed\/ehifbtJogb4?feature=oembed\" frameborder=\"0\" allow=\"accelerometer; autoplay; clipboard-write; encrypted-media; gyroscope; picture-in-picture; web-share\" referrerpolicy=\"strict-origin-when-cross-origin\" allowfullscreen><\/iframe><\/div>\n<p>&amp;amp;amp;amp;amp;lt;br class=&#8221;k-br&#8221; \/&amp;amp;amp;amp;amp;gt;<\/iframe><\/p>\n<p>&#8220;Bu olaylar, L\u00fcbnan&#8217;\u0131n zaten k\u0131r\u0131lgan olan sa\u011fl\u0131k sisteminde ciddi anlamda bozulmaya neden oldu. DS\u00d6 ve ortaklar\u0131 aylard\u0131r toplu can kay\u0131plar\u0131na yol a\u00e7an olaylara haz\u0131rlanmak ve m\u00fcdahale i\u00e7in L\u00fcbnan&#8217;a destek veriyor. Bu t\u00fcr olaylara m\u00fcdahale etmek i\u00e7in \u00fclkedeki hastanelerin 3&#8217;te 2&#8217;sinden fazlas\u0131nda g\u00f6rev yapmalar\u0131 i\u00e7in 5 binden fazla sa\u011fl\u0131k \u00e7al\u0131\u015fan\u0131n\u0131 e\u011fittik.&#8221;<\/p>\n<p>Ghebreyesus, ortaklar\u0131yla birlikte kan malzemeleri ve kan testi kitleri dahil acil ihtiya\u00e7lar\u0131 kar\u015f\u0131lamak ve sa\u011fl\u0131k sisteminin nas\u0131l i\u015fledi\u011fini takip etmek \u00fczere \u00e7al\u0131\u015ft\u0131klar\u0131n\u0131 bildirdi.<\/p>\n<h3>&#8220;Patlamalarda 1 doktor \u00f6ld\u00fc&#8221;<\/h3>\n<p>Toplant\u0131ya telekonferansla kat\u0131lan DS\u00d6&#8217;n\u00fcn L\u00fcbnan Temsilcisi Abdinasir Abubakar, AA muhabirinin, &#8220;L\u00fcbnan&#8217;daki elektronik cihaz patlamalar\u0131nda ka\u00e7 sa\u011fl\u0131k \u00e7al\u0131\u015fan\u0131 etkilendi? Bu sald\u0131r\u0131lar\u0131 sa\u011fl\u0131k a\u00e7\u0131s\u0131ndan de\u011ferlendirebilir misiniz? Bunlar\u0131n uzun vadeli etkileri olabilir mi?&#8221; sorusunu yan\u0131tlad\u0131.<\/p>\n<p>Abubakar, &#8220;\u015eu ana kadar L\u00fcbnan Sa\u011fl\u0131k Bakanl\u0131\u011f\u0131 sald\u0131r\u0131larda 1 doktorun \u00f6ld\u00fc\u011f\u00fcn\u00fc bildirdi. Bakanl\u0131k, L\u00fcbnan&#8217;da son iki g\u00fcnde ya\u015fanan olaylar\u0131 s\u0131n\u0131fland\u0131rmaya ve verileri toplamaya \u00e7al\u0131\u015f\u0131yor. G\u00f6revi ba\u015f\u0131nda olmayan sa\u011fl\u0131k \u00e7al\u0131\u015fanlar\u0131 bu patlamalardan etkilenmi\u015f olabilir. Rakamlar her g\u00fcn g\u00fcncelleniyor.&#8221; dedi.<\/p>\n<p>Patlamalar nedeniyle \u015fimdiye kadar 37 ki\u015finin ya\u015fam\u0131n\u0131 yitirdi\u011fini ve 3 binin \u00fczerinde ki\u015finin yaraland\u0131\u011f\u0131n\u0131 kaydeden Abubakar, bu sald\u0131r\u0131lar\u0131n sa\u011fl\u0131k a\u00e7\u0131s\u0131ndan uzun vadeli etkilerinin olup olmad\u0131\u011f\u0131na ili\u015fkin de\u011ferlendirmelerin s\u00fcrd\u00fc\u011f\u00fcn\u00fc ve bunun anla\u015f\u0131lmas\u0131n\u0131n zaman alaca\u011f\u0131n\u0131 bildirdi.<\/p>\n<h3>L\u00fcbnan&#8217;da ya\u015fanan e\u015f zamanl\u0131 patlamalar<\/h3>\n<p>L\u00fcbnan&#8217;da 17 Eyl\u00fcl&#8217;de, Hizbullah mensuplar\u0131n\u0131n kulland\u0131\u011f\u0131 \u00e7a\u011fr\u0131 cihazlar\u0131nda e\u015f zamanl\u0131 patlamalar meydana gelmi\u015fti.<\/p>\n<p>Sa\u011fl\u0131k Bakanl\u0131\u011f\u0131 patlamalarda 2&#8217;si \u00e7ocuk, 12 ki\u015finin hayat\u0131n\u0131 kaybetti\u011fini, 300 kadar\u0131 a\u011f\u0131r yakla\u015f\u0131k 2 bin 800 ki\u015finin yaraland\u0131\u011f\u0131n\u0131 belirtmi\u015fti. Bakanl\u0131k, \u00fclkede d\u00fcn \u00e7ok say\u0131da telsizin patlat\u0131lmas\u0131 sonucu da 20 ki\u015finin \u00f6ld\u00fc\u011f\u00fcn\u00fc, 450&#8217;den fazla ki\u015finin yaraland\u0131\u011f\u0131n\u0131 a\u00e7\u0131klam\u0131\u015ft\u0131.<\/p>\n<p>L\u00fcbnanl\u0131 yetkililer olaydan \u0130srail\u2019i sorumlu tutarken \u0130srail&#8217;den konuyla ilgili hen\u00fcz a\u00e7\u0131klama gelmedi.<\/p>\n<p>\u0130srail-L\u00fcbnan s\u0131n\u0131r\u0131nda 8 Ekim 2023&#8217;ten bu yana taraflar aras\u0131nda zaman zaman \u015fiddetlenen \u00e7at\u0131\u015fmalar meydana geliyor.<\/p>\n<p>                            <span class=\"detay-foto-editor\">&#13;<br \/>\n                                <a href=\"https:\/\/www.aa.com.tr\/tr\/p\/abonelik-talep-formu\/1001\" target=\"_blank\" style=\"font-size:12px; color:#444; text-decoration:none;\" rel=\"noopener\">&#13;<br \/>\n                                    Anadolu Ajans\u0131 web sitesinde, AA Haber Ak\u0131\u015f Sistemi (HAS) \u00fczerinden abonelere sunulan haberler, \u00f6zetlenerek yay\u0131mlanmaktad\u0131r. <b style=\"color:#1897F7\">Abonelik i\u00e7in l\u00fctfen ileti\u015fime ge\u00e7iniz.<\/b>&#13;<br \/>\n                                <\/a>&#13;<br \/>\n                            <\/span>\n                        <\/div>\n<p><script>\n\t  window.fbAsyncInit = function() {\n\t\tFB.init({\n\t\t  appId: '1855843514662870',\n\t\t  status : true, \/\/ check login status\n\t\t  cookie : true, \/\/ enable cookies to allow the server to access the session\n\t\t  xfbml  : true  \/\/ parse XFBML\n\t\t});\n\t  };<\/p>\n<p>\t  (function() {\n\t\tvar e = document.createElement('script');\n\t\te.src=\"https:\/\/connect.facebook.net\/tr_TR\/all.js\";\n\t\te.async = true;\n\t\tdocument.getElementById('fb-root').appendChild(e);\n\t  }());\n    <\/script><\/p>\n","protected":false},"excerpt":{"rendered":"<p>Ghebreyesus, DS\u00d6&#8217;n\u00fcn haftal\u0131k bas\u0131n toplant\u0131s\u0131nda de\u011ferlendirmelerde bulundu. L\u00fcbnan&#8217;da patlayan ileti\u015fim cihazlar\u0131n\u0131n neden oldu\u011fu can kayb\u0131na m\u00fcdahale etmek i\u00e7in L\u00fcbnan Sa\u011fl\u0131\u011f\u0131 Bakanl\u0131\u011f\u0131 ile yak\u0131n bir \u015fekilde \u00e7al\u0131\u015ft\u0131klar\u0131n\u0131 belirten Ghebreyesus, \u015funlar\u0131 s\u00f6yledi: &amp;amp;amp;amp;amp;lt;br class=&#8221;k-br&#8221; \/&amp;amp;amp;amp;amp;gt; &#8220;Bu olaylar, L\u00fcbnan&#8217;\u0131n zaten k\u0131r\u0131lgan olan sa\u011fl\u0131k sisteminde ciddi anlamda bozulmaya neden oldu. DS\u00d6 ve ortaklar\u0131 aylard\u0131r toplu can kay\u0131plar\u0131na yol a\u00e7an [&hellip;]<\/p>\n","protected":false},"author":1,"featured_media":28050,"comment_status":"","ping_status":"","sticky":false,"template":"","format":"standard","meta":[],"categories":[46],"tags":[],"_links":{"self":[{"href":"https:\/\/kraios.app\/news\/wp-json\/wp\/v2\/posts\/28049"}],"collection":[{"href":"https:\/\/kraios.app\/news\/wp-json\/wp\/v2\/posts"}],"about":[{"href":"https:\/\/kraios.app\/news\/wp-json\/wp\/v2\/types\/post"}],"author":[{"embeddable":true,"href":"https:\/\/kraios.app\/news\/wp-json\/wp\/v2\/users\/1"}],"replies":[{"embeddable":true,"href":"https:\/\/kraios.app\/news\/wp-json\/wp\/v2\/comments?post=28049"}],"version-history":[{"count":0,"href":"https:\/\/kraios.app\/news\/wp-json\/wp\/v2\/posts\/28049\/revisions"}],"wp:featuredmedia":[{"embeddable":true,"href":"https:\/\/kraios.app\/news\/wp-json\/wp\/v2\/media\/28050"}],"wp:attachment":[{"href":"https:\/\/kraios.app\/news\/wp-json\/wp\/v2\/media?parent=28049"}],"wp:term":[{"taxonomy":"category","embeddable":true,"href":"https:\/\/kraios.app\/news\/wp-json\/wp\/v2\/categories?post=28049"},{"taxonomy":"post_tag","embeddable":true,"href":"https:\/\/kraios.app\/news\/wp-json\/wp\/v2\/tags?post=28049"}],"curies":[{"name":"wp","href":"https:\/\/api.w.org\/{rel}","templated":true}]}}