{"id":28039,"date":"2024-09-18T17:17:03","date_gmt":"2024-09-18T17:17:03","guid":{"rendered":"https:\/\/kraios.app\/news\/saglik\/2024\/09\/18\/kayseride-bagimlilarin-tedavisi-icin-hayirseverlerin-katkisiyla-merkez-kuruluyor\/"},"modified":"2024-09-18T17:17:03","modified_gmt":"2024-09-18T17:17:03","slug":"kayseride-bagimlilarin-tedavisi-icin-hayirseverlerin-katkisiyla-merkez-kuruluyor","status":"publish","type":"post","link":"https:\/\/kraios.app\/news\/saglik\/2024\/09\/18\/kayseride-bagimlilarin-tedavisi-icin-hayirseverlerin-katkisiyla-merkez-kuruluyor\/","title":{"rendered":"Kayseri&#8217;de ba\u011f\u0131ml\u0131lar\u0131n tedavisi i\u00e7in hay\u0131rseverlerin katk\u0131s\u0131yla merkez kuruluyor"},"content":{"rendered":"<p><\/p>\n<div>\n<p>Sarayc\u0131k Mahallesi&#8217;nde ge\u00e7en y\u0131l temeli at\u0131lan merkezde 40 oda, futbol, basketbol, voleybol, golf ve ok\u00e7uluk gibi spor alanlar\u0131, sergi ve kermes yerleri, konferans salonlar\u0131 ile marangoz at\u00f6lyeleri bulunacak.<\/p>\n<p><img decoding=\"async\" alt=\"\" src=\"https:\/\/www.aa.com.tr\/uploads\/userFiles\/96f91bbd-282f-4a24-a12c-1b1092cfeb3b\/008_2024%2F03_Eyl%C3%BCl%2F17_Eyl%C3%BCl%2F16%2F20240918_2_65563444_104839210.jpg\"\/><\/p>\n<p>Kayseri Valisi G\u00f6kmen \u00c7i\u00e7ek, AA muhabirine, kentin t\u00fcm kurumlar\u0131, sivil toplum kurulu\u015flar\u0131 ve halk\u0131yla uyu\u015fturucuya kar\u015f\u0131 sava\u015f ba\u015flatt\u0131\u011f\u0131n\u0131 s\u00f6yledi.<\/p>\n<p>Gen\u00e7leri zehirlemek isteyenlere f\u0131rsat vermemek ad\u0131na polis ve jandarman\u0131n gece g\u00fcnd\u00fcz \u00e7al\u0131\u015ft\u0131\u011f\u0131na dikkati \u00e7eken \u00c7i\u00e7ek, bu kapsamda y\u0131l i\u00e7erisinde yap\u0131lan operasyonlarla ge\u00e7en seneye k\u0131yasla 2 kat uyu\u015fturucu ele ge\u00e7irildi\u011fini belirtti.<\/p>\n<p><img decoding=\"async\" alt=\"\" src=\"https:\/\/www.aa.com.tr\/uploads\/userFiles\/96f91bbd-282f-4a24-a12c-1b1092cfeb3b\/008_2024%2F03_Eyl%C3%BCl%2F17_Eyl%C3%BCl%2F16%2F20240918_2_65563444_104839213.jpg\"\/><\/p>\n<p>Valilik\u00e7e &#8220;her mahalleye bir spor okulu&#8221; slogan\u0131yla ba\u015flat\u0131lan &#8220;Erdemlerimizle Var\u0131z (ERVA) Projesi&#8221;nin de uyu\u015fturucuyla m\u00fccadelede \u00f6nemli bir \u00e7al\u0131\u015fma oldu\u011funu ifade eden \u00c7i\u00e7ek, 40 mahallede a\u00e7\u0131lan spor salonlar\u0131ndan 10 bin 200 gencin yararland\u0131\u011f\u0131n\u0131 dile getirdi.<\/p>\n<p><img decoding=\"async\" alt=\"\" src=\"https:\/\/www.aa.com.tr\/uploads\/userFiles\/96f91bbd-282f-4a24-a12c-1b1092cfeb3b\/008_2024%2F03_Eyl%C3%BCl%2F17_Eyl%C3%BCl%2F16%2F20240918_2_65563444_104839214.jpg\"\/><\/p>\n<p>Ye\u015filay Uyu\u015fturucuyla M\u00fccadele Rehabilitasyon Merkezi hakk\u0131nda bilgi veren \u00c7i\u00e7ek, &#8220;Gen\u00e7lerimizi d\u00fc\u015ft\u00fckleri tuzaklar\u0131n i\u00e7erisinden \u00e7\u0131karmak durumundayd\u0131k. Bunun i\u00e7in de T\u00fcrkiye&#8217;nin en b\u00fcy\u00fck ve en donan\u0131ml\u0131 uyu\u015fturucu rehabilitasyon merkezini, hatta Avrupa&#8217;n\u0131n en b\u00fcy\u00fc\u011f\u00fcn\u00fc yaparak bu illete bula\u015fm\u0131\u015f \u00e7ocuklar\u0131m\u0131z\u0131 tedavi alt\u0131na al\u0131p, 6 ay boyunca uygulayaca\u011f\u0131m\u0131z tedaviyle hayata tekrardan kazand\u0131rmak istedik. Merkez farkl\u0131 bir mekan. \u0130\u00e7erisinde spor salonlar\u0131, at\u00f6lyeler, seralar gibi her \u015feyin olaca\u011f\u0131 bir merkez.&#8221; diye konu\u015ftu.<\/p>\n<p><img decoding=\"async\" alt=\"\" src=\"https:\/\/www.aa.com.tr\/uploads\/userFiles\/96f91bbd-282f-4a24-a12c-1b1092cfeb3b\/008_2024%2F03_Eyl%C3%BCl%2F17_Eyl%C3%BCl%2F16%2F20240918_2_65563444_104839221.jpg\"\/><\/p>\n<p>\u00c7i\u00e7ek, personel al\u0131m\u0131na da ba\u015flad\u0131klar\u0131n\u0131, psikolog, doktor ve hem\u015firelerin gen\u00e7leri ba\u011f\u0131ml\u0131l\u0131ktan kurtarmak i\u00e7in gece g\u00fcnd\u00fcz \u00e7al\u0131\u015faca\u011f\u0131n\u0131 aktard\u0131.<\/p>\n<p><img decoding=\"async\" alt=\"\" src=\"https:\/\/www.aa.com.tr\/uploads\/userFiles\/96f91bbd-282f-4a24-a12c-1b1092cfeb3b\/008_2024%2F03_Eyl%C3%BCl%2F17_Eyl%C3%BCl%2F16%2F20240918_2_65563444_104839232.jpg\"\/><\/p>\n<h3>Ba\u011f\u0131ml\u0131l\u0131ktan kurtulan gen\u00e7ler i\u015f sahibi olacak<\/h3>\n<p>6 ay\u0131n sonunda taburcu edilecek gen\u00e7leri kariyer merkezi sayesinde i\u015f sahibi yapacaklar\u0131n\u0131 anlatan \u00c7i\u00e7ek, \u015funlar\u0131 kaydetti:<\/p>\n<p>&#8220;Ard\u0131ndan normal hayatlar\u0131na devam edecekler. Bazen &#8216;Bu kadar b\u00fcy\u00fck merkez yapaca\u011f\u0131n\u0131za, bu kadar b\u00fcy\u00fck para harcayaca\u011f\u0131n\u0131za \u00f6nleseniz olmaz m\u0131?&#8217; deniyor. \u00d6nlemek i\u00e7in her \u015feyi yap\u0131yoruz, g\u00f6vdemizi ta\u015f\u0131n alt\u0131na koyuyoruz ama bir \u015fekilde b\u00fct\u00fcn m\u00fccadeleye ra\u011fmen bu illete bula\u015fan gen\u00e7lerimizi yaln\u0131z m\u0131, \u00e7aresiz mi b\u0131rakal\u0131m? Bunlar\u0131 \u00e7aresiz b\u0131rakamay\u0131z, bunlar tuza\u011fa d\u00fc\u015fm\u00fc\u015f evlatlar\u0131m\u0131z. Onlar\u0131 da bir \u015fekilde o illetten kurtarmak ad\u0131na i\u015fte bu merkezde hem tedavi edip hem de hayata tekrardan kazand\u0131raca\u011f\u0131z. Bunun i\u00e7in Ye\u015filay ile beraber m\u00fccadele veriyoruz. Buras\u0131 Ye\u015filay taraf\u0131ndan i\u015fletilecek.&#8221;<\/p>\n<p><img decoding=\"async\" alt=\"\" src=\"https:\/\/www.aa.com.tr\/uploads\/userFiles\/96f91bbd-282f-4a24-a12c-1b1092cfeb3b\/008_2024%2F03_Eyl%C3%BCl%2F17_Eyl%C3%BCl%2F16%2F20240918_2_65563511_104839365.jpg\"\/><br \/><em>Foto\u011fraf:\u00a0Erg\u00fcn Haktan\u0131yan\/AA<\/em><\/p>\n<p>Tedavilerinin ard\u0131ndan gen\u00e7lerin normal bir hayata kavu\u015faca\u011f\u0131n\u0131 belirten \u00c7i\u00e7ek, bitme a\u015famas\u0131na gelen merkezin kas\u0131mda a\u00e7\u0131l\u0131\u015f\u0131n\u0131n yap\u0131laca\u011f\u0131n\u0131 a\u00e7\u0131klad\u0131.<\/p>\n<p><img decoding=\"async\" alt=\"\" src=\"https:\/\/www.aa.com.tr\/uploads\/userFiles\/96f91bbd-282f-4a24-a12c-1b1092cfeb3b\/008_2024%2F03_Eyl%C3%BCl%2F17_Eyl%C3%BCl%2F16%2F20240918_2_65563511_104839367.jpg\"\/><\/p>\n<p>Vali \u00c7i\u00e7ek, merkez i\u00e7in harcanan her kuru\u015fun Kayserili hay\u0131rseverler taraf\u0131ndan kar\u015f\u0131land\u0131\u011f\u0131n\u0131, sadece kente hizmet eden bir yerden ziyade, T\u00fcrkiye&#8217;ye hizmet veren bir merkez olmas\u0131n\u0131 temenni ettiklerini s\u00f6zlerine ekledi.<\/p>\n<p>                            <span class=\"detay-foto-editor\">&#13;<br \/>\n                                <a href=\"https:\/\/www.aa.com.tr\/tr\/p\/abonelik-talep-formu\/1001\" target=\"_blank\" style=\"font-size:12px; color:#444; text-decoration:none;\" rel=\"noopener\">&#13;<br \/>\n                                    Anadolu Ajans\u0131 web sitesinde, AA Haber Ak\u0131\u015f Sistemi (HAS) \u00fczerinden abonelere sunulan haberler, \u00f6zetlenerek yay\u0131mlanmaktad\u0131r. <b style=\"color:#1897F7\">Abonelik i\u00e7in l\u00fctfen ileti\u015fime ge\u00e7iniz.<\/b>&#13;<br \/>\n                                <\/a>&#13;<br \/>\n                            <\/span>\n                        <\/div>\n<p><script>\n\t  window.fbAsyncInit = function() {\n\t\tFB.init({\n\t\t  appId: '1855843514662870',\n\t\t  status : true, \/\/ check login status\n\t\t  cookie : true, \/\/ enable cookies to allow the server to access the session\n\t\t  xfbml  : true  \/\/ parse XFBML\n\t\t});\n\t  };<\/p>\n<p>\t  (function() {\n\t\tvar e = document.createElement('script');\n\t\te.src=\"https:\/\/connect.facebook.net\/tr_TR\/all.js\";\n\t\te.async = true;\n\t\tdocument.getElementById('fb-root').appendChild(e);\n\t  }());\n    <\/script><\/p>\n","protected":false},"excerpt":{"rendered":"<p>Sarayc\u0131k Mahallesi&#8217;nde ge\u00e7en y\u0131l temeli at\u0131lan merkezde 40 oda, futbol, basketbol, voleybol, golf ve ok\u00e7uluk gibi spor alanlar\u0131, sergi ve kermes yerleri, konferans salonlar\u0131 ile marangoz at\u00f6lyeleri bulunacak. Kayseri Valisi G\u00f6kmen \u00c7i\u00e7ek, AA muhabirine, kentin t\u00fcm kurumlar\u0131, sivil toplum kurulu\u015flar\u0131 ve halk\u0131yla uyu\u015fturucuya kar\u015f\u0131 sava\u015f ba\u015flatt\u0131\u011f\u0131n\u0131 s\u00f6yledi. Gen\u00e7leri zehirlemek isteyenlere f\u0131rsat vermemek ad\u0131na polis ve [&hellip;]<\/p>\n","protected":false},"author":1,"featured_media":28040,"comment_status":"","ping_status":"","sticky":false,"template":"","format":"standard","meta":[],"categories":[46],"tags":[],"_links":{"self":[{"href":"https:\/\/kraios.app\/news\/wp-json\/wp\/v2\/posts\/28039"}],"collection":[{"href":"https:\/\/kraios.app\/news\/wp-json\/wp\/v2\/posts"}],"about":[{"href":"https:\/\/kraios.app\/news\/wp-json\/wp\/v2\/types\/post"}],"author":[{"embeddable":true,"href":"https:\/\/kraios.app\/news\/wp-json\/wp\/v2\/users\/1"}],"replies":[{"embeddable":true,"href":"https:\/\/kraios.app\/news\/wp-json\/wp\/v2\/comments?post=28039"}],"version-history":[{"count":0,"href":"https:\/\/kraios.app\/news\/wp-json\/wp\/v2\/posts\/28039\/revisions"}],"wp:featuredmedia":[{"embeddable":true,"href":"https:\/\/kraios.app\/news\/wp-json\/wp\/v2\/media\/28040"}],"wp:attachment":[{"href":"https:\/\/kraios.app\/news\/wp-json\/wp\/v2\/media?parent=28039"}],"wp:term":[{"taxonomy":"category","embeddable":true,"href":"https:\/\/kraios.app\/news\/wp-json\/wp\/v2\/categories?post=28039"},{"taxonomy":"post_tag","embeddable":true,"href":"https:\/\/kraios.app\/news\/wp-json\/wp\/v2\/tags?post=28039"}],"curies":[{"name":"wp","href":"https:\/\/api.w.org\/{rel}","templated":true}]}}