{"id":28031,"date":"2024-09-17T10:47:37","date_gmt":"2024-09-17T10:47:37","guid":{"rendered":"https:\/\/kraios.app\/news\/saglik\/2024\/09\/17\/almanyada-alzheimerdan-olenlerin-sayisi-20-yilda-yaklasik-iki-katina-cikti\/"},"modified":"2024-09-17T10:47:37","modified_gmt":"2024-09-17T10:47:37","slug":"almanyada-alzheimerdan-olenlerin-sayisi-20-yilda-yaklasik-iki-katina-cikti","status":"publish","type":"post","link":"https:\/\/kraios.app\/news\/saglik\/2024\/09\/17\/almanyada-alzheimerdan-olenlerin-sayisi-20-yilda-yaklasik-iki-katina-cikti\/","title":{"rendered":"Almanya&#8217;da Alzheimer&#8217;dan \u00f6lenlerin say\u0131s\u0131 20 y\u0131lda yakla\u015f\u0131k iki kat\u0131na \u00e7\u0131kt\u0131"},"content":{"rendered":"<p><\/p>\n<div>\n<p>Almanya Federal \u0130statistik Ofisi (Destatis), &#8220;21 Eyl\u00fcl D\u00fcnya Alzheimer G\u00fcn\u00fc&#8221; dolay\u0131s\u0131yla Alzheimer nedeniyle hayat\u0131n\u0131 kaybedenlere ili\u015fkin verileri a\u00e7\u0131klad\u0131.<\/p>\n<p>Buna g\u00f6re, ge\u00e7en y\u0131l yakla\u015f\u0131k 10 bin 100 ki\u015fi Alzheimer nedeniyle hayat\u0131n\u0131 kaybetti. Tedavisi m\u00fcmk\u00fcn olmayan hastal\u0131k nedeniyle 2003&#8217;te 5 bin 100 ki\u015fi ya\u015fam\u0131n\u0131 yitirmi\u015fti. B\u00f6ylece \u00fclkede Alzheimer&#8217;dan \u00f6lenlerin say\u0131s\u0131 20 y\u0131l i\u00e7inde yakla\u015f\u0131k iki kat\u0131na ula\u015ft\u0131.<\/p>\n<p>\u00d6te yandan, 2003&#8217;te 11 bin 800 ki\u015fi Alzheimer nedeniyle yatarak tedavi g\u00f6r\u00fcrken, bu say\u0131 2022&#8217;de 19 bin olarak kay\u0131tlara ge\u00e7ti.<\/p>\n<p>2022&#8217;de hastalar\u0131n neredeyse yar\u0131s\u0131n\u0131n 75 ile 85 ya\u015f aras\u0131nda, y\u00fczde 28&#8217;inin de 85 ya\u015f ve \u00fczerinde oldu\u011fu tespit edildi. Alzheimer nedeniyle hastanede tedavi g\u00f6renlerin sadece y\u00fczde 6&#8217;s\u0131 65 ya\u015f\u0131ndan k\u00fc\u00e7\u00fck olarak belirlendi.<\/p>\n<p>Hastalar\u0131n\u0131n y\u00fczde 58&#8217;inin kad\u0131n, y\u00fczde 42&#8217;sinin erkek oldu\u011fu belirlenirken, Alzheimer tedavisi i\u00e7in hastanede yat\u0131\u015f s\u00fcresi ortalama 20,2 g\u00fcn olarak hesapland\u0131.<\/p>\n<p>Destatis uzmanlar\u0131na g\u00f6re, hastal\u0131\u011fa yakalanma riski ya\u015fla art\u0131yor. Destatis&#8217;e g\u00f6re, Alzheimer te\u015fhisiyle hastanede tedavi ve \u00f6l\u00fcmlerdeki art\u0131\u015f giderek ya\u015flanan n\u00fcfustan kaynaklan\u0131yor. Almanya&#8217;da 65 ya\u015f ve \u00fczeri ki\u015filerin say\u0131s\u0131 2003&#8217;ten bu yana y\u00fczde 27 artarak 18,9 milyona ula\u015ft\u0131.<\/p>\n<p>\u00dclkede 85 ya\u015f ve \u00fczeri ya\u015f grubu, y\u00fczde 110 artarak ge\u00e7en y\u0131l 1,4 milyondan 2,9 milyona \u00e7\u0131kt\u0131.<\/p>\n<p>D\u00fcnya Sa\u011fl\u0131k \u00d6rg\u00fct\u00fc (DS\u00d6) verilerine g\u00f6re, d\u00fcnya genelinde 55 milyondan fazla Alzheimer hastas\u0131 bulunurken, bu say\u0131n\u0131n 2030&#8217;da 78 milyona, 2050&#8217;de ise 139 milyona \u00e7\u0131kmas\u0131 bekleniyor.<\/p>\n<p>D\u00fcnyada genelinde ya\u015fl\u0131 n\u00fcfusun artmas\u0131yla b\u00fcy\u00fck art\u0131\u015f ya\u015fanan Alzheimer hakk\u0131nda fark\u0131ndal\u0131k olu\u015fturmak ve bununla m\u00fccadele edenlere destek olmak amac\u0131yla her y\u0131l 21 Eyl\u00fcl &#8220;D\u00fcnya Alzheimer G\u00fcn\u00fc&#8221; olarak kutlan\u0131yor.<\/p>\n<p>                            <span class=\"detay-foto-editor\">&#13;<br \/>\n                                <a href=\"https:\/\/www.aa.com.tr\/tr\/p\/abonelik-talep-formu\/1001\" target=\"_blank\" style=\"font-size:12px; color:#444; text-decoration:none;\" rel=\"noopener\">&#13;<br \/>\n                                    Anadolu Ajans\u0131 web sitesinde, AA Haber Ak\u0131\u015f Sistemi (HAS) \u00fczerinden abonelere sunulan haberler, \u00f6zetlenerek yay\u0131mlanmaktad\u0131r. <b style=\"color:#1897F7\">Abonelik i\u00e7in l\u00fctfen ileti\u015fime ge\u00e7iniz.<\/b>&#13;<br \/>\n                                <\/a>&#13;<br \/>\n                            <\/span>\n                        <\/div>\n<p><script>\n\t  window.fbAsyncInit = function() {\n\t\tFB.init({\n\t\t  appId: '1855843514662870',\n\t\t  status : true, \/\/ check login status\n\t\t  cookie : true, \/\/ enable cookies to allow the server to access the session\n\t\t  xfbml  : true  \/\/ parse XFBML\n\t\t});\n\t  };<\/p>\n<p>\t  (function() {\n\t\tvar e = document.createElement('script');\n\t\te.src=\"https:\/\/connect.facebook.net\/tr_TR\/all.js\";\n\t\te.async = true;\n\t\tdocument.getElementById('fb-root').appendChild(e);\n\t  }());\n    <\/script><\/p>\n","protected":false},"excerpt":{"rendered":"<p>Almanya Federal \u0130statistik Ofisi (Destatis), &#8220;21 Eyl\u00fcl D\u00fcnya Alzheimer G\u00fcn\u00fc&#8221; dolay\u0131s\u0131yla Alzheimer nedeniyle hayat\u0131n\u0131 kaybedenlere ili\u015fkin verileri a\u00e7\u0131klad\u0131. Buna g\u00f6re, ge\u00e7en y\u0131l yakla\u015f\u0131k 10 bin 100 ki\u015fi Alzheimer nedeniyle hayat\u0131n\u0131 kaybetti. Tedavisi m\u00fcmk\u00fcn olmayan hastal\u0131k nedeniyle 2003&#8217;te 5 bin 100 ki\u015fi ya\u015fam\u0131n\u0131 yitirmi\u015fti. B\u00f6ylece \u00fclkede Alzheimer&#8217;dan \u00f6lenlerin say\u0131s\u0131 20 y\u0131l i\u00e7inde yakla\u015f\u0131k iki kat\u0131na ula\u015ft\u0131. [&hellip;]<\/p>\n","protected":false},"author":1,"featured_media":28032,"comment_status":"","ping_status":"","sticky":false,"template":"","format":"standard","meta":[],"categories":[46],"tags":[],"_links":{"self":[{"href":"https:\/\/kraios.app\/news\/wp-json\/wp\/v2\/posts\/28031"}],"collection":[{"href":"https:\/\/kraios.app\/news\/wp-json\/wp\/v2\/posts"}],"about":[{"href":"https:\/\/kraios.app\/news\/wp-json\/wp\/v2\/types\/post"}],"author":[{"embeddable":true,"href":"https:\/\/kraios.app\/news\/wp-json\/wp\/v2\/users\/1"}],"replies":[{"embeddable":true,"href":"https:\/\/kraios.app\/news\/wp-json\/wp\/v2\/comments?post=28031"}],"version-history":[{"count":0,"href":"https:\/\/kraios.app\/news\/wp-json\/wp\/v2\/posts\/28031\/revisions"}],"wp:featuredmedia":[{"embeddable":true,"href":"https:\/\/kraios.app\/news\/wp-json\/wp\/v2\/media\/28032"}],"wp:attachment":[{"href":"https:\/\/kraios.app\/news\/wp-json\/wp\/v2\/media?parent=28031"}],"wp:term":[{"taxonomy":"category","embeddable":true,"href":"https:\/\/kraios.app\/news\/wp-json\/wp\/v2\/categories?post=28031"},{"taxonomy":"post_tag","embeddable":true,"href":"https:\/\/kraios.app\/news\/wp-json\/wp\/v2\/tags?post=28031"}],"curies":[{"name":"wp","href":"https:\/\/api.w.org\/{rel}","templated":true}]}}