{"id":28029,"date":"2024-09-17T09:57:30","date_gmt":"2024-09-17T09:57:30","guid":{"rendered":"https:\/\/kraios.app\/news\/saglik\/2024\/09\/17\/boludaki-klinik-dis-ve-cene-bozukluklari-tedavisinde-bolgenin-hizmetinde\/"},"modified":"2024-09-17T09:57:30","modified_gmt":"2024-09-17T09:57:30","slug":"boludaki-klinik-dis-ve-cene-bozukluklari-tedavisinde-bolgenin-hizmetinde","status":"publish","type":"post","link":"https:\/\/kraios.app\/news\/saglik\/2024\/09\/17\/boludaki-klinik-dis-ve-cene-bozukluklari-tedavisinde-bolgenin-hizmetinde\/","title":{"rendered":"Bolu&#8217;daki klinik, di\u015f ve \u00e7ene bozukluklar\u0131 tedavisinde b\u00f6lgenin hizmetinde"},"content":{"rendered":"<p><\/p>\n<div>\n<p>BA\u0130B\u00dc Di\u015f Hekimli\u011fi Fak\u00fcltesi b\u00fcnyesinde 12 y\u0131l \u00f6nce kurulan klinik, 33 \u00fcnite ve 28 hekimle Bolu&#8217;nun yan\u0131 s\u0131ra \u0130stanbul, Ankara, D\u00fczce, Karab\u00fck, Zonguldak, Bart\u0131n, Sakarya ve Kocaeli&#8217;den hastalara tedavi olma imkan\u0131 sunuyor.<\/p>\n<p>BA\u0130B\u00dc Di\u015f Hekimli\u011fi Fak\u00fcltesi Dr. \u00d6\u011fretim \u00dcyesi Musa Bulut, AA muhabirine, &#8220;Bat\u0131 Karadeniz&#8217;de en geni\u015f kapsaml\u0131 ortodonti klini\u011fi&#8221; olarak Bolu ve \u00e7evre illerden hastalara ayn\u0131 g\u00fcn i\u00e7erisinde i\u015flemlerine ba\u015flayarak hizmet verdiklerini s\u00f6yledi.<\/p>\n<p>Bulut, klinikte di\u015f ve \u00e7ene bozukluklar\u0131n\u0131n tedavisine y\u00f6nelik hizmet verdiklerini dile getirerek, &#8220;\u00c7ene geni\u015fletmeleri, geri kalan \u00e7enelerin ilerletilmesi, alt \u00e7ene ve \u00fcst \u00e7ene olabilir bu, tel tedavisi ve \u00e7ene ameliyatlar\u0131 yap\u0131yoruz. Di\u015f hekimli\u011fi kapsam\u0131nda bak\u0131ld\u0131\u011f\u0131nda do\u011fumdan itibaren dudak ve damaktaki yar\u0131klar\u0131n tedavisi de ortodonti klini\u011finde yap\u0131l\u0131yor.&#8221; dedi.<\/p>\n<p><img decoding=\"async\" alt=\"\" src=\"https:\/\/www.aa.com.tr\/uploads\/userFiles\/a54ea27f-6036-4f79-88c6-6bc9ba19a35d\/07%2F18%2F03%2FAA-35661690.jpg\"\/><\/p>\n<p>Ortodontik muayenenin kal\u0131c\u0131 di\u015flerin \u00e7\u0131kmas\u0131yla yap\u0131lmas\u0131 gerekti\u011fini belirten Bulut, \u015funlar\u0131 kaydetti:<\/p>\n<p>&#8220;Bu da ki\u015fiden ki\u015fiye de\u011fi\u015fmekle birlikte 6 ile 7 ya\u015fa denk geliyor. Daimi di\u015flerin s\u00fcrmeye ba\u015flamas\u0131yla aileler muayene i\u00e7in \u00e7ocuklar\u0131n\u0131 bize getirebilirler. Bir\u00e7ok hekimden &#8216;\u00c7ocu\u011fun geli\u015fimi bitsin, \u00f6yle ortodontiye getirin.&#8217; diye bir \u015feyler duyuyoruz. Hastalar\u0131 yanl\u0131\u015f y\u00f6nlendiriyorlar. Bu y\u00f6nlendirmenin sonucunda da hastalar\u0131n gerekli d\u00fczeltimlerini yapabilece\u011fimiz, kemik b\u00fcy\u00fcmesinin h\u0131zl\u0131 oldu\u011fu zaman\u0131 ka\u00e7\u0131rd\u0131\u011f\u0131m\u0131z \u00e7ok fazla hastam\u0131z oluyor. \u0130leride de bu \u00e7ene yamukluklar\u0131n\u0131n ameliyatla d\u00fczeltilmesi gerekiyor. B\u00f6yle olmamas\u0131 i\u00e7in 7 ya\u015f\u0131ndan itibaren d\u00fczenli olarak 6 ayda bir fak\u00fcltemize gelmeleri gerekiyor.&#8221;<\/p>\n<p>Bulut, b\u00fcy\u00fcme geli\u015fim at\u0131l\u0131m\u0131n\u0131n zirve d\u00f6neminin k\u0131zlarda 10 ile 11 ya\u015f, erkeklerde 13 ile 14 ya\u015f oldu\u011funu aktararak, &#8220;Kemik geli\u015fiminin h\u0131zl\u0131 oldu\u011fu ya\u015flarda \u00e7enelerdeki bozukluklar\u0131 kemiklerin b\u00fcy\u00fcmesini y\u00f6nlendirerek d\u00fczeltebiliyoruz. Bu gibi d\u00fczensizliklerde ge\u00e7 kal\u0131nd\u0131\u011f\u0131 durumlarda \u00e7ene cerrahisiyle ameliyat ger\u00e7ekle\u015ftiriyoruz. Ameliyatlarla hastalar\u0131n \u00e7ene bozukluklar\u0131 d\u00fczeltiliyor.&#8221; ifadelerini kulland\u0131.<\/p>\n<p>Klinikte Avrupa standartlar\u0131nda hizmetin verildi\u011fini anlatan Bulut, &#8220;Ger\u00e7ekten imkan olarak T\u00fcrkiye&#8217;deki fak\u00fcltelerde hem asistanlar\u0131m\u0131z\u0131n hem \u00f6\u011frencilerimizin e\u011fitim ald\u0131\u011f\u0131, ayn\u0131 zamanda hastalara maksimum seviyede hizmet verebildi\u011fimiz bir klinik. Avrupa standartlar\u0131nda halk\u0131m\u0131za tedavi hizmeti sunuyoruz.&#8221; diye konu\u015ftu.<\/p>\n<p>                            <span class=\"detay-foto-editor\">&#13;<br \/>\n                                <a href=\"https:\/\/www.aa.com.tr\/tr\/p\/abonelik-talep-formu\/1001\" target=\"_blank\" style=\"font-size:12px; color:#444; text-decoration:none;\" rel=\"noopener\">&#13;<br \/>\n                                    Anadolu Ajans\u0131 web sitesinde, AA Haber Ak\u0131\u015f Sistemi (HAS) \u00fczerinden abonelere sunulan haberler, \u00f6zetlenerek yay\u0131mlanmaktad\u0131r. <b style=\"color:#1897F7\">Abonelik i\u00e7in l\u00fctfen ileti\u015fime ge\u00e7iniz.<\/b>&#13;<br \/>\n                                <\/a>&#13;<br \/>\n                            <\/span>\n                        <\/div>\n<p><script>\n\t  window.fbAsyncInit = function() {\n\t\tFB.init({\n\t\t  appId: '1855843514662870',\n\t\t  status : true, \/\/ check login status\n\t\t  cookie : true, \/\/ enable cookies to allow the server to access the session\n\t\t  xfbml  : true  \/\/ parse XFBML\n\t\t});\n\t  };<\/p>\n<p>\t  (function() {\n\t\tvar e = document.createElement('script');\n\t\te.src=\"https:\/\/connect.facebook.net\/tr_TR\/all.js\";\n\t\te.async = true;\n\t\tdocument.getElementById('fb-root').appendChild(e);\n\t  }());\n    <\/script><\/p>\n","protected":false},"excerpt":{"rendered":"<p>BA\u0130B\u00dc Di\u015f Hekimli\u011fi Fak\u00fcltesi b\u00fcnyesinde 12 y\u0131l \u00f6nce kurulan klinik, 33 \u00fcnite ve 28 hekimle Bolu&#8217;nun yan\u0131 s\u0131ra \u0130stanbul, Ankara, D\u00fczce, Karab\u00fck, Zonguldak, Bart\u0131n, Sakarya ve Kocaeli&#8217;den hastalara tedavi olma imkan\u0131 sunuyor. BA\u0130B\u00dc Di\u015f Hekimli\u011fi Fak\u00fcltesi Dr. \u00d6\u011fretim \u00dcyesi Musa Bulut, AA muhabirine, &#8220;Bat\u0131 Karadeniz&#8217;de en geni\u015f kapsaml\u0131 ortodonti klini\u011fi&#8221; olarak Bolu ve \u00e7evre illerden [&hellip;]<\/p>\n","protected":false},"author":1,"featured_media":28030,"comment_status":"","ping_status":"","sticky":false,"template":"","format":"standard","meta":[],"categories":[46],"tags":[],"_links":{"self":[{"href":"https:\/\/kraios.app\/news\/wp-json\/wp\/v2\/posts\/28029"}],"collection":[{"href":"https:\/\/kraios.app\/news\/wp-json\/wp\/v2\/posts"}],"about":[{"href":"https:\/\/kraios.app\/news\/wp-json\/wp\/v2\/types\/post"}],"author":[{"embeddable":true,"href":"https:\/\/kraios.app\/news\/wp-json\/wp\/v2\/users\/1"}],"replies":[{"embeddable":true,"href":"https:\/\/kraios.app\/news\/wp-json\/wp\/v2\/comments?post=28029"}],"version-history":[{"count":0,"href":"https:\/\/kraios.app\/news\/wp-json\/wp\/v2\/posts\/28029\/revisions"}],"wp:featuredmedia":[{"embeddable":true,"href":"https:\/\/kraios.app\/news\/wp-json\/wp\/v2\/media\/28030"}],"wp:attachment":[{"href":"https:\/\/kraios.app\/news\/wp-json\/wp\/v2\/media?parent=28029"}],"wp:term":[{"taxonomy":"category","embeddable":true,"href":"https:\/\/kraios.app\/news\/wp-json\/wp\/v2\/categories?post=28029"},{"taxonomy":"post_tag","embeddable":true,"href":"https:\/\/kraios.app\/news\/wp-json\/wp\/v2\/tags?post=28029"}],"curies":[{"name":"wp","href":"https:\/\/api.w.org\/{rel}","templated":true}]}}