{"id":28021,"date":"2024-09-15T11:33:47","date_gmt":"2024-09-15T11:33:47","guid":{"rendered":"https:\/\/kraios.app\/news\/saglik\/2024\/09\/15\/surdurulebilir-saglik-sisteminde-saglikli-yaslanma-on-plana-cikiyor\/"},"modified":"2024-09-15T11:33:47","modified_gmt":"2024-09-15T11:33:47","slug":"surdurulebilir-saglik-sisteminde-saglikli-yaslanma-on-plana-cikiyor","status":"publish","type":"post","link":"https:\/\/kraios.app\/news\/saglik\/2024\/09\/15\/surdurulebilir-saglik-sisteminde-saglikli-yaslanma-on-plana-cikiyor\/","title":{"rendered":"S\u00fcrd\u00fcr\u00fclebilir sa\u011fl\u0131k sisteminde &#8220;sa\u011fl\u0131kl\u0131 ya\u015flanma&#8221; \u00f6n plana \u00e7\u0131k\u0131yor"},"content":{"rendered":"<p><\/p>\n<div>\n<p>\u0130STANBUL (AA) -\u00d6zel Hastaneler ve Sa\u011fl\u0131k Kurulu\u015flar\u0131 Derne\u011fi (OHSAD) ve T\u00fcrkiye Sa\u011fl\u0131k Platformu (T\u00dcSAP) i\u015fbirli\u011fiyle d\u00fczenlenen &#8220;Sa\u011fl\u0131k Hizmetlerinde Gelecek Vizyon Toplant\u0131s\u0131&#8221; Ba\u015fak\u015fehir \u00c7am ve Sakura \u015eehir Hastanesi&#8217;nde ger\u00e7ekle\u015ftirildi.<\/p>\n<p>Toplant\u0131da, Roche T\u00fcrkiye&#8217;nin sponsor oldu\u011fu, Volitan Global&#8217;in y\u00fcr\u00fctt\u00fc\u011f\u00fc 2030 Sa\u011fl\u0131k Hareketi Projesi kapsam\u0131nda haz\u0131rlanan &#8220;T\u00fcrkiye\u2019nin S\u00fcrd\u00fcr\u00fclebilir Sa\u011fl\u0131k Yolculu\u011funda 2030 Vizyonu ve Eylem Plan\u0131: Erken Te\u015fhis, Koruyucu Sa\u011fl\u0131k ve Veri Y\u00f6neti\u015fimi&#8221; raporu da a\u00e7\u0131kland\u0131.<\/p>\n<p>Toplant\u0131 sonras\u0131 AA muhabirinin sorular\u0131n\u0131 yan\u0131tlayan Eren, sa\u011fl\u0131k sisteminin \u00fc\u00e7 temel unsurunun eri\u015fim, kalite ve maliyet oldu\u011funa i\u015faret ederek, s\u00fcrd\u00fcr\u00fclebilirli\u011fin sa\u011flanabilmesi i\u00e7in bu \u00fc\u00e7 unsurun hizmet kalitesini art\u0131rarak finansal a\u00e7\u0131dan uzun vadede y\u00f6netilebilmesi gerekti\u011fini s\u00f6yledi.<\/p>\n<p>Eren, &#8220;Her \u015fey \u00f6ncelikle ki\u015finin kendisiyle ba\u015fl\u0131yor. Yani ben kendi sa\u011fl\u0131\u011f\u0131mdan sorumluyum. Kendi sa\u011fl\u0131\u011f\u0131m nedir bunu bilmem laz\u0131m. Beni sa\u011fl\u0131ks\u0131z olmaya iten nedenleri bilmem laz\u0131m. Bu da e\u011fitimden ge\u00e7iyor. Bu e\u011fitim, \u00e7ocuk ya\u015fta anaokulu ve ilkokuldan itibaren ba\u015fl\u0131yor. Biz vatanda\u015flar\u0131m\u0131z\u0131, halk\u0131m\u0131z\u0131 daha bu ya\u015flarda sa\u011fl\u0131kl\u0131 ya\u015fam, hasta olmama, uzun ve sa\u011fl\u0131kl\u0131 ya\u015fam konusunda bilin\u00e7lendirebilirsek ki bu stratejilerin ba\u015f\u0131nda bu geliyor, o zaman ki\u015fiyi daha hasta olmadan ya da \u00e7ok en erken safhada erken te\u015fhisle bir sonuca ula\u015ft\u0131rabilir, onu, buna g\u00f6re bir tedavi ya da s\u00fcrece sokabiliriz. Bunun ekonomiye de \u00e7ok b\u00fcy\u00fck bir katk\u0131s\u0131 olur.&#8221; de\u011ferlendirmelerinde bulundu. <\/p>\n<p>T\u00fcrkiye&#8217;nin h\u0131zl\u0131 ya\u015fland\u0131\u011f\u0131na dikkati \u00e7eken Eren, \u015f\u00f6yle devam etti:<\/p>\n<p>&#8220;60-65 ya\u015f ve yukar\u0131s\u0131na ya\u015fl\u0131 dersek, \u015fu an y\u00fczde 11&#8217;i, 2050&#8217;de y\u00fczde 20&#8217;si yani her be\u015f ki\u015fiden biri ya\u015fl\u0131 bir toplum haline gelece\u011fiz. Bu toplumun sa\u011fl\u0131kl\u0131 ya\u015flanmas\u0131 laz\u0131m. Sa\u011fl\u0131kl\u0131 ya\u015flanan yani i\u015f g\u00fcc\u00fcne katk\u0131s\u0131 ve sa\u011fl\u0131\u011fa olan y\u00fck\u00fc az bir toplum, ya\u015fl\u0131 toplum haline gelmesi laz\u0131m. E\u011fer sa\u011fl\u0131ks\u0131z ya\u015flanan bir y\u00fczde 20&#8217;lik toplumla kar\u015f\u0131la\u015f\u0131rsak bunun \u00fclkemize olan ekonomik maliyeti kar\u015f\u0131lanmayacak kadar zor olur. Daha bug\u00fcnden \u00e7ocuklara sa\u011fl\u0131k okuryazarl\u0131\u011f\u0131n\u0131 \u00f6\u011fretmemiz gerekiyor.&#8221;<\/p>\n<p>&#8211; &#8220;\u00d6zel sekt\u00f6rle i\u015fbirli\u011fi yap\u0131lmas\u0131 gerekiyor&#8221;<\/p>\n<p>Raporda vurgulanan stratejilerden birinin de veri y\u00f6netimi oldu\u011funu kaydeden Eren, &#8220;\u00dclkemizde iyi bir veri birikimi var. Bu verileri sa\u011fl\u0131kl\u0131 bir \u015fekilde bir ya\u015flanma i\u00e7in, do\u011fru politikalarla y\u00f6netebilmemiz laz\u0131m.&#8221; dedi.<\/p>\n<p>Eren, Roche&#8217;un, rapora sponsor olarak inovasyona katk\u0131da bulunmay\u0131 ve s\u00fcrd\u00fcr\u00fclebilir bir sa\u011fl\u0131k sistemiyle sa\u011fl\u0131kl\u0131 bir toplum olu\u015fturmay\u0131 ama\u00e7lad\u0131\u011f\u0131n\u0131 ifade etti.<\/p>\n<p>Firman\u0131n erken te\u015fhis, ki\u015fisel sa\u011fl\u0131\u011fa y\u00f6nelik bir\u00e7ok yenili\u011fe destek verdi\u011fini belirten Eren, &#8220;Bunlar aras\u0131nda Roche&#8217;un \u00fcretti\u011fi birtak\u0131m laboratuvar cihazlar\u0131 var, erken te\u015fhis i\u00e7in gerekli olan ila\u00e7lar\u0131 var, geli\u015fmi\u015f ila\u00e7lar\u0131 var, inovatif ila\u00e7lar\u0131 var. B\u00fct\u00fcn bu inovasyonlar\u0131 s\u00fcrd\u00fcr\u00fclebilir ve de\u011fer bazl\u0131 sa\u011fl\u0131k i\u00e7in \u00fcretip sisteme katmaya \u00e7al\u0131\u015f\u0131yor. Firma, sa\u011fl\u0131\u011f\u0131n s\u00fcrd\u00fcr\u00fclebilir hale getirilebilmesi amac\u0131yla raporlar, istatistikler \u00e7al\u0131\u015farak ilgili y\u00f6neticileri, birimleri, kamu payda\u015flar\u0131n\u0131 bilgilendirmeyi hedefliyor.&#8221; diye konu\u015ftu. <\/p>\n<p>Eren, firman\u0131n ayn\u0131 zamanda sa\u011fl\u0131k teknolojilerine de destek vermeyi ama\u00e7lad\u0131\u011f\u0131n\u0131 kaydederek, &#8220;Takt\u0131\u011f\u0131n\u0131z saatler, y\u00fcz\u00fckler ve baz\u0131 k\u0131yafetler sizin sa\u011fl\u0131kla ilgili veya sizin metabolizman\u0131zla ilgili verileri durmadan \u00f6l\u00e7\u00fcp buluta g\u00f6nderip sizinle ilgili analizler yapacak. Siz daha hasta olmadan, herhangi bir semptom daha \u00e7\u0131kmadan sizi uyaracak bu ak\u0131ll\u0131 sistemler. Bunlar yapay zekayla uyumlu ak\u0131ll\u0131 sistemler.&#8221; ifadelerini kulland\u0131. <\/p>\n<p>Sa\u011fl\u0131k sistemini s\u00fcrd\u00fcr\u00fclebilir hale getirmede kamu-\u00f6zel sekt\u00f6r i\u015fbirli\u011finin \u00f6nemli oldu\u011funa dikkati \u00e7eken Eren, \u015f\u00f6yle devam etti:<\/p>\n<p>&#8220;Bunun topyekun bir hareket olmas\u0131 gerekiyor. Halk sa\u011fl\u0131\u011f\u0131 kamunun sorumlulu\u011fundad\u0131r ancak \u00f6zel sekt\u00f6rle i\u015fbirli\u011fi yap\u0131lmas\u0131 gerekmekte. \u00dclkemizin gelecekte ekonomi, geli\u015fme ve b\u00fcy\u00fcme olarak ba\u015far\u0131ya imza atmas\u0131n\u0131 istiyorsak, halk\u0131m\u0131z\u0131 sa\u011fl\u0131kl\u0131 ya\u015fland\u0131rmam\u0131z laz\u0131m. Sa\u011fl\u0131kl\u0131 ya\u015fland\u0131rma da e\u011fitim, davran\u0131\u015f de\u011fi\u015fikli\u011fi ve teknoloji inovasyonundan ge\u00e7iyor.&#8221;<\/p>\n<p>                            <span class=\"detay-foto-editor\">&#13;<br \/>\n                                <a href=\"https:\/\/www.aa.com.tr\/tr\/p\/abonelik-talep-formu\/1001\" target=\"_blank\" style=\"font-size:12px; color:#444; text-decoration:none;\" rel=\"noopener\">&#13;<br \/>\n                                    Anadolu Ajans\u0131 web sitesinde, AA Haber Ak\u0131\u015f Sistemi (HAS) \u00fczerinden abonelere sunulan haberler, \u00f6zetlenerek yay\u0131mlanmaktad\u0131r. <b style=\"color:#1897F7\">Abonelik i\u00e7in l\u00fctfen ileti\u015fime ge\u00e7iniz.<\/b>&#13;<br \/>\n                                <\/a>&#13;<br \/>\n                            <\/span>\n                        <\/div>\n<p><script>\n\t  window.fbAsyncInit = function() {\n\t\tFB.init({\n\t\t  appId: '1855843514662870',\n\t\t  status : true, \/\/ check login status\n\t\t  cookie : true, \/\/ enable cookies to allow the server to access the session\n\t\t  xfbml  : true  \/\/ parse XFBML\n\t\t});\n\t  };<\/p>\n<p>\t  (function() {\n\t\tvar e = document.createElement('script');\n\t\te.src=\"https:\/\/connect.facebook.net\/tr_TR\/all.js\";\n\t\te.async = true;\n\t\tdocument.getElementById('fb-root').appendChild(e);\n\t  }());\n    <\/script><\/p>\n","protected":false},"excerpt":{"rendered":"<p>\u0130STANBUL (AA) -\u00d6zel Hastaneler ve Sa\u011fl\u0131k Kurulu\u015flar\u0131 Derne\u011fi (OHSAD) ve T\u00fcrkiye Sa\u011fl\u0131k Platformu (T\u00dcSAP) i\u015fbirli\u011fiyle d\u00fczenlenen &#8220;Sa\u011fl\u0131k Hizmetlerinde Gelecek Vizyon Toplant\u0131s\u0131&#8221; Ba\u015fak\u015fehir \u00c7am ve Sakura \u015eehir Hastanesi&#8217;nde ger\u00e7ekle\u015ftirildi. Toplant\u0131da, Roche T\u00fcrkiye&#8217;nin sponsor oldu\u011fu, Volitan Global&#8217;in y\u00fcr\u00fctt\u00fc\u011f\u00fc 2030 Sa\u011fl\u0131k Hareketi Projesi kapsam\u0131nda haz\u0131rlanan &#8220;T\u00fcrkiye\u2019nin S\u00fcrd\u00fcr\u00fclebilir Sa\u011fl\u0131k Yolculu\u011funda 2030 Vizyonu ve Eylem Plan\u0131: Erken Te\u015fhis, Koruyucu Sa\u011fl\u0131k [&hellip;]<\/p>\n","protected":false},"author":1,"featured_media":28022,"comment_status":"","ping_status":"","sticky":false,"template":"","format":"standard","meta":[],"categories":[46],"tags":[],"_links":{"self":[{"href":"https:\/\/kraios.app\/news\/wp-json\/wp\/v2\/posts\/28021"}],"collection":[{"href":"https:\/\/kraios.app\/news\/wp-json\/wp\/v2\/posts"}],"about":[{"href":"https:\/\/kraios.app\/news\/wp-json\/wp\/v2\/types\/post"}],"author":[{"embeddable":true,"href":"https:\/\/kraios.app\/news\/wp-json\/wp\/v2\/users\/1"}],"replies":[{"embeddable":true,"href":"https:\/\/kraios.app\/news\/wp-json\/wp\/v2\/comments?post=28021"}],"version-history":[{"count":0,"href":"https:\/\/kraios.app\/news\/wp-json\/wp\/v2\/posts\/28021\/revisions"}],"wp:featuredmedia":[{"embeddable":true,"href":"https:\/\/kraios.app\/news\/wp-json\/wp\/v2\/media\/28022"}],"wp:attachment":[{"href":"https:\/\/kraios.app\/news\/wp-json\/wp\/v2\/media?parent=28021"}],"wp:term":[{"taxonomy":"category","embeddable":true,"href":"https:\/\/kraios.app\/news\/wp-json\/wp\/v2\/categories?post=28021"},{"taxonomy":"post_tag","embeddable":true,"href":"https:\/\/kraios.app\/news\/wp-json\/wp\/v2\/tags?post=28021"}],"curies":[{"name":"wp","href":"https:\/\/api.w.org\/{rel}","templated":true}]}}