{"id":28019,"date":"2024-09-14T15:41:33","date_gmt":"2024-09-14T15:41:33","guid":{"rendered":"https:\/\/kraios.app\/news\/saglik\/2024\/09\/14\/prostat-kanserinde-erken-teshis-hayati-onem-tasiyor\/"},"modified":"2024-09-14T15:41:33","modified_gmt":"2024-09-14T15:41:33","slug":"prostat-kanserinde-erken-teshis-hayati-onem-tasiyor","status":"publish","type":"post","link":"https:\/\/kraios.app\/news\/saglik\/2024\/09\/14\/prostat-kanserinde-erken-teshis-hayati-onem-tasiyor\/","title":{"rendered":"Prostat kanserinde erken te\u015fhis hayati \u00f6nem ta\u015f\u0131yor"},"content":{"rendered":"<p><\/p>\n<div>\n<p>Ba\u015far, 15 Eyl\u00fcl Prostat Kanseri Fark\u0131ndal\u0131k G\u00fcn\u00fc dolay\u0131s\u0131yla AA&#8217;ya yapt\u0131\u011f\u0131 a\u00e7\u0131klamada, prostat kanserinin genellikle prostat bezinin kaps\u00fcl\u00fcnden kaynaklanan k\u00f6t\u00fc huylu bir t\u00fcm\u00f6rden kaynakland\u0131\u011f\u0131n\u0131 anlatt\u0131.<\/p>\n<p>Prostat kanserinin g\u00f6r\u00fcld\u00fc\u011f\u00fc ya\u015flar\u0131n genellikle 50 ila 70 aras\u0131nda oldu\u011funu belirten Ba\u015far, &#8220;Prostat kanseri vakalar\u0131n\u0131n y\u00fczde 70&#8217;ten fazlas\u0131n\u0131 65 ya\u015f ve \u00fczeri erkeklerde g\u00f6r\u00fcyoruz. E\u011fer ailede prostat kanseri \u00f6yk\u00fcs\u00fc varsa bu ya\u015f 40&#8217;lara kadar d\u00fc\u015febiliyor.&#8221; dedi.<\/p>\n<p><img decoding=\"async\" alt=\"\" src=\"https:\/\/www.aa.com.tr\/uploads\/userFiles\/4f62407a-abf2-4464-9690-b6acbca575b5\/07_2024%2F00_AGUSTOS%2F03%2F20240914_2_65514078_104732031.jpg\"\/><\/p>\n<p>Global Kanser G\u00f6zlemevinin 2022 y\u0131l\u0131 prostat kanseri raporuna g\u00f6re d\u00fcnyada her y\u0131l 1,3 milyon yeni prostat kanseri vakas\u0131 te\u015fhisi konuldu\u011funu, 300 bin ki\u015finin ise prostat kanserinden hayat\u0131n\u0131 kaybetti\u011fini aktaran Ba\u015far, T\u00fcrkiye&#8217;de ise y\u0131lda 30-35 bin yeni prostat kanseri vakas\u0131 oldu\u011funun tahmin edildi\u011fini bildirdi.<\/p>\n<p>Prostat kanserinde ya\u015f\u0131n ba\u015fl\u0131 ba\u015f\u0131na bir fakt\u00f6r oldu\u011funu, genetik, a\u015f\u0131r\u0131 kilo, hareketsizlik ve sigaran\u0131n da fakt\u00f6rler aras\u0131nda yer ald\u0131\u011f\u0131n\u0131 anlatan Ba\u015far, prostat kanserinden korunmak i\u00e7in sigara ve alkolden uzak durulmas\u0131n\u0131 ve spor yap\u0131lmas\u0131n\u0131 \u00f6nerdi.<\/p>\n<h3>&#8220;Prostat kanseri zaten \u00e7ok yava\u015f seyirli bir hastal\u0131k&#8221;<\/h3>\n<p>Prostat kanserinde erken taraman\u0131n \u00f6nemine dikkati \u00e7eken Ba\u015far, kolay ula\u015f\u0131labilir olan Prostat Spesifik Antijen (PSA) kan testi ile prostat kanserinin k\u0131sa s\u00fcrede tespit edilebilece\u011fini ifade etti.<\/p>\n<p>Hastal\u0131kla m\u00fccadelede erken te\u015fhisinin hayati \u00f6neme sahip oldu\u011funu dile getiren Ba\u015far, &#8220;Prostat kanseri zaten \u00e7ok yava\u015f seyirli bir hastal\u0131k. Erken tan\u0131 konuldu\u011funda kanser prostat d\u0131\u015f\u0131na ta\u015fmadan tedavi uygulanabilir oldu\u011fundan hastalar\u0131m\u0131z\u0131n y\u00fczde 90-95&#8217;ini hastal\u0131ktan tamamen ar\u0131nd\u0131rma \u015fans\u0131na sahibiz.&#8221; \u015feklinde konu\u015ftu.<\/p>\n<h3>&#8220;L\u00fctfen PSA&#8217;n\u0131za bakt\u0131r\u0131n&#8221;<\/h3>\n<p>G\u00f6rev yapt\u0131\u011f\u0131 hastanede be\u015f y\u0131ld\u0131r 15 Eyl\u00fcl Prostat Kanseri Fark\u0131ndal\u0131k G\u00fcn\u00fc dolay\u0131s\u0131yla \u00e7e\u015fitli etkinlikler d\u00fczenlendi\u011fini bildiren Ba\u015far, bu y\u0131l g\u00fcn\u00fcn \u00f6tesine ge\u00e7ilerek, t\u00fcm ay\u0131n &#8220;Mavi Eyl\u00fcl Prostat Kanseri Fark\u0131ndal\u0131k Ay\u0131&#8221; olarak an\u0131ld\u0131\u011f\u0131n\u0131 kaydetti.<\/p>\n<p>Ba\u015far, bu sebeple bu y\u0131l Ankara \u0130l Sa\u011fl\u0131k M\u00fcd\u00fcrl\u00fc\u011f\u00fc ve Sa\u011fl\u0131k Bakanl\u0131\u011f\u0131 Halk Sa\u011fl\u0131\u011f\u0131 Genel M\u00fcd\u00fcrl\u00fc\u011f\u00fcyle birlikte K\u0131z\u0131lay&#8217;da fark\u0131ndal\u0131k stand\u0131 a\u00e7acaklar\u0131n\u0131, sempozyum d\u00fczenleyeceklerini ve prostat kanseri tedavisi g\u00f6rm\u00fc\u015f ki\u015filerle bir araya geleceklerini bildirdi.<\/p>\n<p>Ba\u015far, s\u00f6zlerini, &#8220;L\u00fctfen PSA&#8217;n\u0131za bakt\u0131r\u0131n.&#8221; diyerek tamamlad\u0131.<\/p>\n<p>                            <span class=\"detay-foto-editor\">&#13;<br \/>\n                                <a href=\"https:\/\/www.aa.com.tr\/tr\/p\/abonelik-talep-formu\/1001\" target=\"_blank\" style=\"font-size:12px; color:#444; text-decoration:none;\" rel=\"noopener\">&#13;<br \/>\n                                    Anadolu Ajans\u0131 web sitesinde, AA Haber Ak\u0131\u015f Sistemi (HAS) \u00fczerinden abonelere sunulan haberler, \u00f6zetlenerek yay\u0131mlanmaktad\u0131r. <b style=\"color:#1897F7\">Abonelik i\u00e7in l\u00fctfen ileti\u015fime ge\u00e7iniz.<\/b>&#13;<br \/>\n                                <\/a>&#13;<br \/>\n                            <\/span>\n                        <\/div>\n<p><script>\n\t  window.fbAsyncInit = function() {\n\t\tFB.init({\n\t\t  appId: '1855843514662870',\n\t\t  status : true, \/\/ check login status\n\t\t  cookie : true, \/\/ enable cookies to allow the server to access the session\n\t\t  xfbml  : true  \/\/ parse XFBML\n\t\t});\n\t  };<\/p>\n<p>\t  (function() {\n\t\tvar e = document.createElement('script');\n\t\te.src=\"https:\/\/connect.facebook.net\/tr_TR\/all.js\";\n\t\te.async = true;\n\t\tdocument.getElementById('fb-root').appendChild(e);\n\t  }());\n    <\/script><\/p>\n","protected":false},"excerpt":{"rendered":"<p>Ba\u015far, 15 Eyl\u00fcl Prostat Kanseri Fark\u0131ndal\u0131k G\u00fcn\u00fc dolay\u0131s\u0131yla AA&#8217;ya yapt\u0131\u011f\u0131 a\u00e7\u0131klamada, prostat kanserinin genellikle prostat bezinin kaps\u00fcl\u00fcnden kaynaklanan k\u00f6t\u00fc huylu bir t\u00fcm\u00f6rden kaynakland\u0131\u011f\u0131n\u0131 anlatt\u0131. Prostat kanserinin g\u00f6r\u00fcld\u00fc\u011f\u00fc ya\u015flar\u0131n genellikle 50 ila 70 aras\u0131nda oldu\u011funu belirten Ba\u015far, &#8220;Prostat kanseri vakalar\u0131n\u0131n y\u00fczde 70&#8217;ten fazlas\u0131n\u0131 65 ya\u015f ve \u00fczeri erkeklerde g\u00f6r\u00fcyoruz. E\u011fer ailede prostat kanseri \u00f6yk\u00fcs\u00fc varsa bu [&hellip;]<\/p>\n","protected":false},"author":1,"featured_media":28020,"comment_status":"","ping_status":"","sticky":false,"template":"","format":"standard","meta":[],"categories":[46],"tags":[],"_links":{"self":[{"href":"https:\/\/kraios.app\/news\/wp-json\/wp\/v2\/posts\/28019"}],"collection":[{"href":"https:\/\/kraios.app\/news\/wp-json\/wp\/v2\/posts"}],"about":[{"href":"https:\/\/kraios.app\/news\/wp-json\/wp\/v2\/types\/post"}],"author":[{"embeddable":true,"href":"https:\/\/kraios.app\/news\/wp-json\/wp\/v2\/users\/1"}],"replies":[{"embeddable":true,"href":"https:\/\/kraios.app\/news\/wp-json\/wp\/v2\/comments?post=28019"}],"version-history":[{"count":0,"href":"https:\/\/kraios.app\/news\/wp-json\/wp\/v2\/posts\/28019\/revisions"}],"wp:featuredmedia":[{"embeddable":true,"href":"https:\/\/kraios.app\/news\/wp-json\/wp\/v2\/media\/28020"}],"wp:attachment":[{"href":"https:\/\/kraios.app\/news\/wp-json\/wp\/v2\/media?parent=28019"}],"wp:term":[{"taxonomy":"category","embeddable":true,"href":"https:\/\/kraios.app\/news\/wp-json\/wp\/v2\/categories?post=28019"},{"taxonomy":"post_tag","embeddable":true,"href":"https:\/\/kraios.app\/news\/wp-json\/wp\/v2\/tags?post=28019"}],"curies":[{"name":"wp","href":"https:\/\/api.w.org\/{rel}","templated":true}]}}