{"id":28017,"date":"2024-09-14T13:47:20","date_gmt":"2024-09-14T13:47:20","guid":{"rendered":"https:\/\/kraios.app\/news\/saglik\/2024\/09\/14\/turkiyede-her-yil-10-bin-kisiye-lenfoma-tanisi-konuluyor\/"},"modified":"2024-09-14T13:47:20","modified_gmt":"2024-09-14T13:47:20","slug":"turkiyede-her-yil-10-bin-kisiye-lenfoma-tanisi-konuluyor","status":"publish","type":"post","link":"https:\/\/kraios.app\/news\/saglik\/2024\/09\/14\/turkiyede-her-yil-10-bin-kisiye-lenfoma-tanisi-konuluyor\/","title":{"rendered":"T\u00fcrkiye&#8217;de her y\u0131l 10 bin ki\u015fiye lenfoma tan\u0131s\u0131 konuluyor"},"content":{"rendered":"<p><\/p>\n<div>\n<p>Geriatrik Hematoloji Derne\u011fi Y\u00f6netim Kurulu Ba\u015fkan\u0131 Prof. Dr. Osman \u0130lhan, &#8220;15 Eyl\u00fcl D\u00fcnya Lenfoma Fark\u0131ndal\u0131k G\u00fcn\u00fc&#8221; dolay\u0131s\u0131yla AA muhabirine a\u00e7\u0131klama yapt\u0131.<\/p>\n<p>V\u00fccudun ba\u011f\u0131\u015f\u0131kl\u0131k sisteminin \u00f6nemli bir par\u00e7as\u0131 olan lenf bezlerinin yap\u0131s\u0131n\u0131n \u00e7e\u015fitli sebeplerle bozulmas\u0131yla lenfoma hastal\u0131\u011f\u0131n\u0131n ortaya \u00e7\u0131kt\u0131\u011f\u0131n\u0131 anlatan \u0130lhan, hastal\u0131kta genellikle halsizlik, terleme, ate\u015f, zay\u0131flama ve lenf bezlerinde b\u00fcy\u00fcmenin ana belirtiler oldu\u011funu, lenf bezi b\u00fcy\u00fcmesinin boyun, koltuk alt\u0131 ve kas\u0131\u011f\u0131n yan\u0131 s\u0131ra kar\u0131n i\u00e7erisinde ve akci\u011ferde de olabilece\u011fini ifade etti.<\/p>\n<p>T\u00fcrkiye&#8217;de her y\u0131l yakla\u015f\u0131k 10 bin ki\u015fiye lenf kanseri te\u015fhisi konuldu\u011funu bildiren \u0130lhan, hastal\u0131\u011f\u0131n, tedavi edilebilir oldu\u011funu s\u00f6yledi.<\/p>\n<p>Lenfoman\u0131n &#8220;hodgkin lenfoma&#8221; ve &#8220;hodgkin d\u0131\u015f\u0131 lenfoma&#8221; olarak iki t\u00fcr\u00fc bulundu\u011funu belirten \u0130lhan, hodgkin d\u0131\u015f\u0131 lenfoman\u0131n daha s\u0131k g\u00f6r\u00fcld\u00fc\u011f\u00fcn\u00fc aktard\u0131.<\/p>\n<p>\u0130lhan, &#8220;Hodgkin, lenfoman\u0131n y\u00fczde 20&#8217;sini, hodgkin d\u0131\u015f\u0131 lenfoma ise y\u00fczde 80&#8217;ini olu\u015fturmaktad\u0131r. Bu lenfomalar\u0131n tedavileri ve yakla\u015f\u0131mlar\u0131 de\u011fi\u015fiktir. \u00d6rne\u011fin, hodgkin lenfoma gen\u00e7lerde tek bir b\u00f6lgede ba\u015flay\u0131p sonra yay\u0131l\u0131yor. Hodgkin d\u0131\u015f\u0131 lenfoma ise ileri ya\u015fta ba\u015fl\u0131yor ve birden fazla b\u00f6lgeden yay\u0131l\u0131yor. Hodgkin hastal\u0131\u011f\u0131n\u0131 genelde erken evrede buluyoruz hodgkin d\u0131\u015f\u0131 lenfoma ise ileri evrede olabiliyor.&#8221; diye konu\u015ftu.<\/p>\n<p><img decoding=\"async\" alt=\"\" src=\"https:\/\/www.aa.com.tr\/uploads\/userFiles\/a54ea27f-6036-4f79-88c6-6bc9ba19a35d\/07%2F18%2F04%2FAA-35639388.jpg\"\/><\/p>\n<h3>&#8220;Cerrahi i\u015flemleri, lenfomada s\u0131n\u0131rl\u0131 uygular\u0131z&#8221;<\/h3>\n<p>Tan\u0131 koymak i\u00e7in lenf bezlerinin al\u0131narak biyopsi yap\u0131lmas\u0131 gerekti\u011fini s\u00f6yleyen \u0130lhan, hastal\u0131\u011f\u0131n evrelenmesi i\u00e7in de ileri tetkiklerin uyguland\u0131\u011f\u0131n\u0131 dile getiren Prof. Dr. \u0130lhan, \u015f\u00f6yle devam etti:<\/p>\n<p>&#8220;Erken evrede radyoterapi uyguluyoruz ama e\u011fer ileri evre s\u00f6z konusuysa kemoterapi yap\u0131yoruz. Cerrahi i\u015flemleri lenfomada s\u0131n\u0131rl\u0131 uygular\u0131z. \u00c7\u00fcnk\u00fc lenfoma kemoterapiye cevap veren bir hastal\u0131kt\u0131r. Sadece tan\u0131 i\u00e7in lenf bezine gerek var. Tedavi \u015femas\u0131 olarak, ABD ve Avrupa&#8217;da ne uygulan\u0131yorsa T\u00fcrkiye&#8217;de ayn\u0131s\u0131n\u0131 yap\u0131yoruz ve tedaviler de \u00fccretsizdir.&#8221;<\/p>\n<p>\u0130lhan, erken tan\u0131n\u0131n lenfomada \u00e7ok \u00f6nem ta\u015f\u0131d\u0131\u011f\u0131n\u0131, dolay\u0131s\u0131yla bu konuda fark\u0131ndal\u0131k olmas\u0131 gerekti\u011fini belirtti.<\/p>\n<p>T\u00fcrkiye&#8217;de hematolojinin \u00e7ok geli\u015fti\u011fini vurgulayan \u0130lhan, b\u00fct\u00fcn \u015fehirlerde hematologlar\u0131n erken tan\u0131 koyup, hastalar\u0131 tedavi edebileceklerini ifade etti.<\/p>\n<p>\u0130lhan, &#8220;Onun i\u00e7in ben hastalara &#8216;Ankara ya da \u0130stanbul&#8217;a gelmenize gerek yok. Oradaki hematolog arkada\u015flar\u0131m\u0131z da gerekli tedaviyi yap\u0131yor.&#8217; diyorum.&#8221; ifadelerini kulland\u0131.<\/p>\n<p>Lenfoman\u0131n n\u00fcksetmesi durumunda tedavinin hastan\u0131n kendisinden veya g\u00f6n\u00fcll\u00fclerden k\u00f6k h\u00fccre nakliyle yap\u0131labilece\u011fini anlatan \u0130lhan, hastal\u0131\u011f\u0131n k\u00f6kten \u00e7\u00f6z\u00fclmesi i\u00e7in de h\u00fccresel tedavi y\u00f6nteminin geli\u015ftirilmesine y\u00f6nelik \u00e7al\u0131\u015fmalar\u0131n s\u00fcrd\u00fc\u011f\u00fcn\u00fc bildirdi.<\/p>\n<p>Erken te\u015fhisle k\u0131sa d\u00f6nemde lenfomay\u0131 yenen hastalar\u0131n\u0131n oldu\u011funu belirten \u0130lhan, &#8220;Lenfoma sinsi bir hastal\u0131kt\u0131r. Her ya\u015fta g\u00f6r\u00fclmektedir. Mutlak olarak erken tan\u0131 koyarsan\u0131z tedavisi m\u00fcmk\u00fcnd\u00fcr.&#8221; diye konu\u015ftu.<\/p>\n<h3>4 bu\u00e7uk ayda sa\u011fl\u0131\u011f\u0131na kavu\u015ftu<\/h3>\n<p>Erken te\u015fhis sonucu lenfomay\u0131 yenen ki\u015filerden birisi de 39 ya\u015f\u0131ndaki iki \u00e7ocuk annesi Melike S\u00fcrmen.<\/p>\n<p>S\u00fcrmen de AA muhabirine, lenfoma oldu\u011funu \u00f6\u011frenmeden \u00f6nce 3 bu\u00e7uk ay boyunca ya\u015fad\u0131\u011f\u0131 terleme, y\u00fcksek ate\u015f, kilo kayb\u0131 ve bel a\u011fr\u0131s\u0131 \u015fikayetlerini basit sebeplere indirgedi\u011fini belirtti.<\/p>\n<p>Bel a\u011fr\u0131s\u0131n\u0131n artmas\u0131yla gitti\u011fi doktorunun iste\u011fi \u00fczerine MR taramas\u0131 yapt\u0131rd\u0131\u011f\u0131n\u0131 ifade eden S\u00fcrmen, &#8220;Kar\u0131ndaki ve boyundaki lenf bezlerimde b\u00fcy\u00fcme \u00e7\u0131kt\u0131. Boynumdan biyopsi yap\u0131ld\u0131, inceleme sonucunda te\u015fhis konuldu.&#8221; dedi.<\/p>\n<p><img decoding=\"async\" alt=\"\" src=\"https:\/\/www.aa.com.tr\/uploads\/userFiles\/a54ea27f-6036-4f79-88c6-6bc9ba19a35d\/07%2F18%2F04%2FAA-35639389.jpg\"\/><\/p>\n<p>Te\u015fhis konulduktan sonraki g\u00fcn tedaviye ba\u015flad\u0131klar\u0131n\u0131 aktaran S\u00fcrmen, \u015f\u00f6yle devam etti:<\/p>\n<p>&#8220;Tedavim toplamda 4 bu\u00e7uk ay kadar s\u00fcrd\u00fc. 8 seans ak\u0131ll\u0131 ila\u00e7, 6 seans da kemoterapiyle hastal\u0131\u011f\u0131 yendim. Tedavim hi\u00e7 aksamad\u0131. Ben bu hastal\u0131\u011f\u0131 kendime hi\u00e7 yak\u0131\u015ft\u0131rmad\u0131m. Sa\u011fl\u0131kl\u0131 ya\u015fayan bir insan oldu\u011fum i\u00e7in b\u00f6yle bir hastal\u0131\u011f\u0131n benim ba\u015f\u0131ma hi\u00e7bir zaman gelmeyece\u011fini d\u00fc\u015f\u00fcnd\u00fcm. &#8216;Benim ba\u015f\u0131ma gelmez&#8217; demeyelim. E\u011fer bir belirtiniz var ise mutlaka gecikmeden doktora ba\u015fvurman\u0131zda fayda var. \u00d6nemli olan bu te\u015fhisleri ihmal etmemek. Daha ileri evrelerde \u00e7\u0131ksayd\u0131 bunlar\u0131n sonu\u00e7lar\u0131 daha a\u011f\u0131r olacak. Belki aralarda farkl\u0131 enfeksiyonlara yakalanacakt\u0131m. Ba\u011f\u0131\u015f\u0131kl\u0131\u011f\u0131m \u00e7ok daha d\u00fc\u015f\u00fck olacakt\u0131. Erken te\u015fhis ile her zaman daha g\u00fc\u00e7l\u00fc bir v\u00fccutla bu hastal\u0131\u011fa girdi\u011finiz i\u00e7in atlatmas\u0131 daha kolay oluyor.&#8221;<\/p>\n<p>Prof. Dr. \u0130lhan da S\u00fcrmen&#8217;in hastal\u0131k s\u00fcrecine ili\u015fkin \u015funlar\u0131 s\u00f6yledi:<\/p>\n<p>&#8220;Biyopsi yapt\u0131\u011f\u0131m\u0131zda hodgkin d\u0131\u015f\u0131 lenfoma tan\u0131s\u0131n\u0131 koyduk. Onun onay\u0131n\u0131 ald\u0131ktan sonra tedaviyi planlad\u0131k. Melike Han\u0131m&#8217;\u0131n ya\u015f\u0131na, hastal\u0131\u011f\u0131n\u0131n tipine ve patolojisine g\u00f6re planlama yaparak tedavileri ilerlettik. Bu benim i\u00e7in \u00e7ok mutluluk vericiydi. Biz klasik olarak tedavileri 6 seansta yap\u0131yoruz. Erken d\u00f6nemde ba\u015far\u0131l\u0131 olmas\u0131na ra\u011fmen hastal\u0131\u011f\u0131 engellemek i\u00e7in 6 k\u00fcr\u00fc de tamamlad\u0131k. \u015eu anda kendisi ger\u00e7ekten sa\u011fl\u0131kl\u0131, kendi i\u015fine bakan ve \u00e7ok ba\u015far\u0131l\u0131 bir anne olarak hayat\u0131na devam ediyor.&#8221;<\/p>\n<p>                            <span class=\"detay-foto-editor\">&#13;<br \/>\n                                <a href=\"https:\/\/www.aa.com.tr\/tr\/p\/abonelik-talep-formu\/1001\" target=\"_blank\" style=\"font-size:12px; color:#444; text-decoration:none;\" rel=\"noopener\">&#13;<br \/>\n                                    Anadolu Ajans\u0131 web sitesinde, AA Haber Ak\u0131\u015f Sistemi (HAS) \u00fczerinden abonelere sunulan haberler, \u00f6zetlenerek yay\u0131mlanmaktad\u0131r. <b style=\"color:#1897F7\">Abonelik i\u00e7in l\u00fctfen ileti\u015fime ge\u00e7iniz.<\/b>&#13;<br \/>\n                                <\/a>&#13;<br \/>\n                            <\/span>\n                        <\/div>\n<p><script>\n\t  window.fbAsyncInit = function() {\n\t\tFB.init({\n\t\t  appId: '1855843514662870',\n\t\t  status : true, \/\/ check login status\n\t\t  cookie : true, \/\/ enable cookies to allow the server to access the session\n\t\t  xfbml  : true  \/\/ parse XFBML\n\t\t});\n\t  };<\/p>\n<p>\t  (function() {\n\t\tvar e = document.createElement('script');\n\t\te.src=\"https:\/\/connect.facebook.net\/tr_TR\/all.js\";\n\t\te.async = true;\n\t\tdocument.getElementById('fb-root').appendChild(e);\n\t  }());\n    <\/script><\/p>\n","protected":false},"excerpt":{"rendered":"<p>Geriatrik Hematoloji Derne\u011fi Y\u00f6netim Kurulu Ba\u015fkan\u0131 Prof. Dr. Osman \u0130lhan, &#8220;15 Eyl\u00fcl D\u00fcnya Lenfoma Fark\u0131ndal\u0131k G\u00fcn\u00fc&#8221; dolay\u0131s\u0131yla AA muhabirine a\u00e7\u0131klama yapt\u0131. V\u00fccudun ba\u011f\u0131\u015f\u0131kl\u0131k sisteminin \u00f6nemli bir par\u00e7as\u0131 olan lenf bezlerinin yap\u0131s\u0131n\u0131n \u00e7e\u015fitli sebeplerle bozulmas\u0131yla lenfoma hastal\u0131\u011f\u0131n\u0131n ortaya \u00e7\u0131kt\u0131\u011f\u0131n\u0131 anlatan \u0130lhan, hastal\u0131kta genellikle halsizlik, terleme, ate\u015f, zay\u0131flama ve lenf bezlerinde b\u00fcy\u00fcmenin ana belirtiler oldu\u011funu, lenf bezi [&hellip;]<\/p>\n","protected":false},"author":1,"featured_media":28018,"comment_status":"","ping_status":"","sticky":false,"template":"","format":"standard","meta":[],"categories":[46],"tags":[],"_links":{"self":[{"href":"https:\/\/kraios.app\/news\/wp-json\/wp\/v2\/posts\/28017"}],"collection":[{"href":"https:\/\/kraios.app\/news\/wp-json\/wp\/v2\/posts"}],"about":[{"href":"https:\/\/kraios.app\/news\/wp-json\/wp\/v2\/types\/post"}],"author":[{"embeddable":true,"href":"https:\/\/kraios.app\/news\/wp-json\/wp\/v2\/users\/1"}],"replies":[{"embeddable":true,"href":"https:\/\/kraios.app\/news\/wp-json\/wp\/v2\/comments?post=28017"}],"version-history":[{"count":0,"href":"https:\/\/kraios.app\/news\/wp-json\/wp\/v2\/posts\/28017\/revisions"}],"wp:featuredmedia":[{"embeddable":true,"href":"https:\/\/kraios.app\/news\/wp-json\/wp\/v2\/media\/28018"}],"wp:attachment":[{"href":"https:\/\/kraios.app\/news\/wp-json\/wp\/v2\/media?parent=28017"}],"wp:term":[{"taxonomy":"category","embeddable":true,"href":"https:\/\/kraios.app\/news\/wp-json\/wp\/v2\/categories?post=28017"},{"taxonomy":"post_tag","embeddable":true,"href":"https:\/\/kraios.app\/news\/wp-json\/wp\/v2\/tags?post=28017"}],"curies":[{"name":"wp","href":"https:\/\/api.w.org\/{rel}","templated":true}]}}