{"id":28009,"date":"2024-09-13T16:17:03","date_gmt":"2024-09-13T16:17:03","guid":{"rendered":"https:\/\/kraios.app\/news\/saglik\/2024\/09\/13\/dunyada-15-milyondan-fazla-kisi-omurilik-hasariyla-yasiyor\/"},"modified":"2024-09-13T16:17:03","modified_gmt":"2024-09-13T16:17:03","slug":"dunyada-15-milyondan-fazla-kisi-omurilik-hasariyla-yasiyor","status":"publish","type":"post","link":"https:\/\/kraios.app\/news\/saglik\/2024\/09\/13\/dunyada-15-milyondan-fazla-kisi-omurilik-hasariyla-yasiyor\/","title":{"rendered":"D\u00fcnyada 15 milyondan fazla ki\u015fi omurilik hasar\u0131yla ya\u015f\u0131yor"},"content":{"rendered":"<p><\/p>\n<div>\n<p>Y\u0131lmaz, AA muhabirine yapt\u0131\u011f\u0131 a\u00e7\u0131klamada, omurilik felcinin, insan\u0131n ya\u015fayabilece\u011fi en a\u011f\u0131r travmalardan biri oldu\u011funu vurgulad\u0131.<\/p>\n<p>Omurili\u011fin v\u00fccuttaki b\u00fct\u00fcn kaslar\u0131 kontrol eden sinirlerin merkezi oldu\u011funu, hasar g\u00f6rd\u00fc\u011f\u00fcnde kollar, bacaklar ve g\u00f6vdede hareket kayb\u0131n\u0131n ortaya \u00e7\u0131kt\u0131\u011f\u0131n\u0131 anlatan Y\u0131lmaz, omurilik felci nedeniyle \u00e7ok say\u0131da ki\u015finin, bir ba\u015fkas\u0131n\u0131n bak\u0131m\u0131na muhta\u00e7 hale geldi\u011fine dikkati \u00e7ekti.<\/p>\n<p><img decoding=\"async\" alt=\"\" src=\"https:\/\/www.aa.com.tr\/uploads\/userFiles\/a54ea27f-6036-4f79-88c6-6bc9ba19a35d\/07%2F18%2F05%2FAA-35631028-1-.jpg\"\/><\/p>\n<p>Prof. Dr. Y\u0131lmaz, \u015fu bilgileri payla\u015ft\u0131:<\/p>\n<p>&#8220;D\u00fcnyada yakla\u015f\u0131k 15 milyonun \u00fczerinde insan\u0131n omurilik hasar\u0131yla ya\u015fad\u0131\u011f\u0131n\u0131 biliyoruz. \u00dclkemizde yap\u0131lan istatistiksel \u00e7al\u0131\u015fmalara g\u00f6re, her y\u0131l milyonda 12,7 ile 40 aras\u0131nda bireyin omurilik yaralanmas\u0131 ge\u00e7irdi\u011fi tahmin ediliyor. Yaralanmalar\u0131n en \u00f6nemli nedeni trafik kazalar\u0131. Bunu \u015fiddet olaylar\u0131, spor kazalar\u0131, s\u0131\u011f suya atlamak ve ate\u015fli silah yaralanmalar\u0131 takip ediyor. Bunun d\u0131\u015f\u0131nda t\u00fcm\u00f6r olu\u015fumlar\u0131 veya v\u00fccuttaki ba\u015fka t\u00fcm\u00f6rlerin metastaz\u0131 da omurilik felcine neden olabiliyor.&#8221;<\/p>\n<p><img decoding=\"async\" alt=\"\" src=\"https:\/\/www.aa.com.tr\/uploads\/userFiles\/a54ea27f-6036-4f79-88c6-6bc9ba19a35d\/07%2F18%2F05%2FAA-35631029.jpg\"\/><\/p>\n<h3>&#8220;16-30 ya\u015f aral\u0131\u011f\u0131nda \u00e7ok daha s\u0131k g\u00f6r\u00fcl\u00fcyor&#8221;<\/h3>\n<p>Omurilik yaralanmalar\u0131n\u0131n bireyin sadece hareket yetene\u011fini kaybetmesi anlam\u0131na gelmedi\u011fine i\u015faret eden Y\u0131lmaz, &#8220;Maalesef omurilik yaralanmas\u0131 sonras\u0131nda bireylerde idrar yapma, d\u0131\u015fk\u0131lama yetene\u011fi bozuluyor, i\u00e7 organ fonksiyonlar\u0131nda da \u00f6nemli kay\u0131plar ortaya \u00e7\u0131k\u0131yor. Yani ki\u015finin b\u00fct\u00fcn hayat\u0131n\u0131 etkileyen \u00f6nemli bir yaralanma.&#8221; dedi.<\/p>\n<p>Omurilik yaralanmalar\u0131n\u0131n daha \u00e7ok gen\u00e7lerde g\u00f6r\u00fcld\u00fc\u011f\u00fcn\u00fc belirten Y\u0131lmaz, &#8220;\u00d6zellikle ortalama 16-30 ya\u015f aral\u0131\u011f\u0131ndaki gen\u00e7 eri\u015fkin pop\u00fclasyonda \u00e7ok daha s\u0131k g\u00f6r\u00fcl\u00fcyor. En az\u0131ndan yaralanmalar\u0131n y\u00fczde 50&#8217;den fazlas\u0131n\u0131n bu grupta oldu\u011funu biliyoruz.&#8221; a\u00e7\u0131klamas\u0131nda bulundu.<\/p>\n<p>&#8220;Omurilik yaralanmalar\u0131n\u0131n en iyi tedavisi korunmak.&#8221; diyen Y\u0131lmaz, bu nedenle her y\u0131l toplumsal fark\u0131ndal\u0131k yaratmak \u00fczere \u00e7al\u0131\u015fmalar y\u00fcr\u00fctt\u00fcklerini, \u00f6zellikle 5 Eyl\u00fcl D\u00fcnya Omurilik Fel\u00e7lileri G\u00fcn\u00fc&#8217;nde bu konuda kapsaml\u0131 faaliyetler ger\u00e7ekle\u015ftirdiklerini, bu y\u0131l\u0131n temas\u0131n\u0131n da &#8220;\u015eiddete dur de, omurili\u011fini koru&#8221; olarak belirlendi\u011fini anlatt\u0131.<\/p>\n<p><img decoding=\"async\" alt=\"\" src=\"https:\/\/www.aa.com.tr\/uploads\/userFiles\/a54ea27f-6036-4f79-88c6-6bc9ba19a35d\/07%2F18%2F05%2FAA-35631035.jpg\"\/><\/p>\n<h3>&#8220;Herkes suya atlamaktan uzak durmal\u0131&#8221;<\/h3>\n<p>Prof. Dr. Y\u0131lmaz, omurilik yaralanmalar\u0131ndan korunmak i\u00e7in ki\u015filere \u015fu uyar\u0131larda bulundu:<\/p>\n<p>&#8220;Omurilik yaralanmalar\u0131n\u0131n en yayg\u0131n nedeni, trafik kazalar\u0131. \u0130ster \u00f6nde ister arkada oturun, emniyet kemerinin mutlaka tak\u0131lmas\u0131 gerekiyor. E\u011fer ki\u015filer buna uyarsa, bir kaza durumunda yaralanma \u015fekilleri en az\u0131ndan tedavi edilebilir olacakt\u0131r. L\u00fctfen trafik kurallar\u0131na uyun. Y\u00fcksekten d\u00fc\u015fme bir ba\u015fka s\u0131k g\u00f6rd\u00fc\u011f\u00fcm\u00fcz neden, uygun i\u015f g\u00fcvenli\u011fi \u00f6nlemleri al\u0131n\u0131rsa bu kazalar\u0131n say\u0131s\u0131 da azalacakt\u0131r.<\/p>\n<p><img decoding=\"async\" alt=\"\" src=\"https:\/\/www.aa.com.tr\/uploads\/userFiles\/a54ea27f-6036-4f79-88c6-6bc9ba19a35d\/07%2F18%2F06%2FAA-35631034.jpg\"\/><\/p>\n<p>Yaz aylar\u0131nda en s\u0131k g\u00f6rd\u00fc\u011f\u00fcm\u00fcz nedenlerden biri s\u0131\u011f suya dalmak. L\u00fctfen suya atlamay\u0131n. Bal\u0131klaman\u0131n yan\u0131nda sadece d\u00fc\u015fme \u015feklinde atlamada bile ortaya \u00e7\u0131kabilen omurilik yaralanmalar\u0131 var. Bu nedenle herkes suya atlamaktan uzak durmal\u0131. Yap\u0131lan \u00e7al\u0131\u015fmalar, s\u0131\u011f suya dalman\u0131n y\u00fczde 10&#8217;lara varan oranda omurilik yaralanmas\u0131na sebebiyet verdi\u011fini g\u00f6steriyor.&#8221;<\/p>\n<p>Y\u0131lmaz, hastanede, omurilik felci olanlara uygulad\u0131klar\u0131 tedavilerle hastalar\u0131n ba\u011f\u0131ms\u0131z bireyler olarak ya\u015famlar\u0131n\u0131 s\u00fcrd\u00fcrebilmesine destek olmay\u0131 ama\u00e7lad\u0131klar\u0131n\u0131, verilen tedaviler ve e\u011fitimlerle ki\u015filerin evde her t\u00fcrl\u00fc faaliyeti kendisi yapabilir hale geldi\u011fini, ya\u015fayabilecekleri komplikasyonlar hakk\u0131nda bilgilendirildiklerini s\u00f6yledi.<\/p>\n<p><img decoding=\"async\" alt=\"\" src=\"https:\/\/www.aa.com.tr\/uploads\/userFiles\/a54ea27f-6036-4f79-88c6-6bc9ba19a35d\/07%2F18%2F06%2FAA-35631032.jpg\"\/><\/p>\n<h3>&#8220;Her suya atlamamak gerekiyormu\u015f&#8221;<\/h3>\n<p>Gaziler Fizik Tedavi ve Rehabilitasyon E\u011fitim ve Ara\u015ft\u0131rma Hastanesinde tedavisi s\u00fcren 18 ya\u015f\u0131ndaki Mahmut Kayas\u0131z da \u015e\u0131rnak&#8217;ta ya\u015fad\u0131\u011f\u0131n\u0131 ve 9 karde\u015fin en k\u00fc\u00e7\u00fc\u011f\u00fc oldu\u011funu dile getirdi.<\/p>\n<p>\u00c7al\u0131\u015fmak i\u00e7in Bodrum&#8217;a gitti\u011fini anlatan Kayas\u0131z, \u015f\u00f6yle konu\u015ftu:<\/p>\n<p>&#8220;7 Temmuz&#8217;da arkada\u015flar\u0131mla denize girmek istedik. \u0130skeleden suya atlad\u0131m, oras\u0131 s\u0131\u011f oldu\u011fu i\u00e7in yere \u00e7arp\u0131p boynumu k\u0131rd\u0131m. Olay b\u00f6yle oldu. Sonras\u0131nda hastaneye kald\u0131r\u0131ld\u0131m, ameliyat oldum, fizik tedavi g\u00f6rmeye ba\u015flad\u0131m. 1,5 ayd\u0131r tedavi g\u00f6r\u00fcyorum, olduk\u00e7a yarar\u0131 oldu bana. Oras\u0131n\u0131 derin zannetmi\u015ftim, dibi g\u00f6z\u00fckm\u00fcyordu ama derin de\u011filmi\u015f, fark edemedim. Her suya atlamamak gerekiyormu\u015f.&#8221;<\/p>\n<p><img decoding=\"async\" alt=\"\" src=\"https:\/\/www.aa.com.tr\/uploads\/userFiles\/a54ea27f-6036-4f79-88c6-6bc9ba19a35d\/07%2F18%2F06%2FAA-35631031.jpg\"\/><\/p>\n<h3>&#8220;Bana bir \u015fey olmaz demeyin&#8221;<\/h3>\n<p>\u0130zmir&#8217;de 2018&#8217;de \u00e7al\u0131\u015ft\u0131\u011f\u0131 in\u015faat\u0131n 4. kat\u0131ndan d\u00fc\u015ferek omurilik felci olan Mesut K\u0131r\u0131ml\u0131 ise bu s\u00fcre\u00e7te \u00fc\u00e7 ay boyunca yo\u011fun bak\u0131mda kald\u0131\u011f\u0131n\u0131, \u00e7ok zor zamanlar ge\u00e7irdi\u011fini belirtti.<\/p>\n<p>Hastanedeki fizik tedavi s\u00fcrecinde olumlu faydalar g\u00f6rd\u00fc\u011f\u00fcn\u00fc, v\u00fccut direncinin artt\u0131\u011f\u0131n\u0131 ve d\u00f6nemsel olarak hastaneye gelmeye devam etti\u011fini vurgulayan K\u0131r\u0131ml\u0131, &#8220;7 ya\u015f\u0131nda bir o\u011flum ve 5,5 ya\u015f\u0131nda bir k\u0131z\u0131m var. \u0130n\u015faatta \u00e7al\u0131\u015fanlar her t\u00fcrl\u00fc riskle kar\u015f\u0131 kar\u015f\u0131ya. Burada \u00f6nlemlerin al\u0131nmas\u0131 \u00e7ok \u00f6nemli. \u00c7al\u0131\u015fanlar\u0131n da mutlaka bireysel \u00f6nlemlerini almas\u0131 gerekiyor, &#8216;Bana bir \u015fey olmaz.&#8217; dememeliler.&#8221; ifadelerini kulland\u0131.<\/p>\n<p>                            <span class=\"detay-foto-editor\">&#13;<br \/>\n                                <a href=\"https:\/\/www.aa.com.tr\/tr\/p\/abonelik-talep-formu\/1001\" target=\"_blank\" style=\"font-size:12px; color:#444; text-decoration:none;\" rel=\"noopener\">&#13;<br \/>\n                                    Anadolu Ajans\u0131 web sitesinde, AA Haber Ak\u0131\u015f Sistemi (HAS) \u00fczerinden abonelere sunulan haberler, \u00f6zetlenerek yay\u0131mlanmaktad\u0131r. <b style=\"color:#1897F7\">Abonelik i\u00e7in l\u00fctfen ileti\u015fime ge\u00e7iniz.<\/b>&#13;<br \/>\n                                <\/a>&#13;<br \/>\n                            <\/span>\n                        <\/div>\n<p><script>\n\t  window.fbAsyncInit = function() {\n\t\tFB.init({\n\t\t  appId: '1855843514662870',\n\t\t  status : true, \/\/ check login status\n\t\t  cookie : true, \/\/ enable cookies to allow the server to access the session\n\t\t  xfbml  : true  \/\/ parse XFBML\n\t\t});\n\t  };<\/p>\n<p>\t  (function() {\n\t\tvar e = document.createElement('script');\n\t\te.src=\"https:\/\/connect.facebook.net\/tr_TR\/all.js\";\n\t\te.async = true;\n\t\tdocument.getElementById('fb-root').appendChild(e);\n\t  }());\n    <\/script><\/p>\n","protected":false},"excerpt":{"rendered":"<p>Y\u0131lmaz, AA muhabirine yapt\u0131\u011f\u0131 a\u00e7\u0131klamada, omurilik felcinin, insan\u0131n ya\u015fayabilece\u011fi en a\u011f\u0131r travmalardan biri oldu\u011funu vurgulad\u0131. Omurili\u011fin v\u00fccuttaki b\u00fct\u00fcn kaslar\u0131 kontrol eden sinirlerin merkezi oldu\u011funu, hasar g\u00f6rd\u00fc\u011f\u00fcnde kollar, bacaklar ve g\u00f6vdede hareket kayb\u0131n\u0131n ortaya \u00e7\u0131kt\u0131\u011f\u0131n\u0131 anlatan Y\u0131lmaz, omurilik felci nedeniyle \u00e7ok say\u0131da ki\u015finin, bir ba\u015fkas\u0131n\u0131n bak\u0131m\u0131na muhta\u00e7 hale geldi\u011fine dikkati \u00e7ekti. Prof. Dr. Y\u0131lmaz, \u015fu bilgileri [&hellip;]<\/p>\n","protected":false},"author":1,"featured_media":28010,"comment_status":"","ping_status":"","sticky":false,"template":"","format":"standard","meta":[],"categories":[46],"tags":[],"_links":{"self":[{"href":"https:\/\/kraios.app\/news\/wp-json\/wp\/v2\/posts\/28009"}],"collection":[{"href":"https:\/\/kraios.app\/news\/wp-json\/wp\/v2\/posts"}],"about":[{"href":"https:\/\/kraios.app\/news\/wp-json\/wp\/v2\/types\/post"}],"author":[{"embeddable":true,"href":"https:\/\/kraios.app\/news\/wp-json\/wp\/v2\/users\/1"}],"replies":[{"embeddable":true,"href":"https:\/\/kraios.app\/news\/wp-json\/wp\/v2\/comments?post=28009"}],"version-history":[{"count":0,"href":"https:\/\/kraios.app\/news\/wp-json\/wp\/v2\/posts\/28009\/revisions"}],"wp:featuredmedia":[{"embeddable":true,"href":"https:\/\/kraios.app\/news\/wp-json\/wp\/v2\/media\/28010"}],"wp:attachment":[{"href":"https:\/\/kraios.app\/news\/wp-json\/wp\/v2\/media?parent=28009"}],"wp:term":[{"taxonomy":"category","embeddable":true,"href":"https:\/\/kraios.app\/news\/wp-json\/wp\/v2\/categories?post=28009"},{"taxonomy":"post_tag","embeddable":true,"href":"https:\/\/kraios.app\/news\/wp-json\/wp\/v2\/tags?post=28009"}],"curies":[{"name":"wp","href":"https:\/\/api.w.org\/{rel}","templated":true}]}}