{"id":28005,"date":"2024-09-13T13:15:02","date_gmt":"2024-09-13T13:15:02","guid":{"rendered":"https:\/\/kraios.app\/news\/saglik\/2024\/09\/13\/saglik-bakani-memisoglu-turkiyeyi-saglik-bilimi-ve-teknolojisinin-uretilmesinde-de-lider-ulkelerden-biri-yapacagiz\/"},"modified":"2024-09-13T13:15:02","modified_gmt":"2024-09-13T13:15:02","slug":"saglik-bakani-memisoglu-turkiyeyi-saglik-bilimi-ve-teknolojisinin-uretilmesinde-de-lider-ulkelerden-biri-yapacagiz","status":"publish","type":"post","link":"https:\/\/kraios.app\/news\/saglik\/2024\/09\/13\/saglik-bakani-memisoglu-turkiyeyi-saglik-bilimi-ve-teknolojisinin-uretilmesinde-de-lider-ulkelerden-biri-yapacagiz\/","title":{"rendered":"Sa\u011fl\u0131k Bakan\u0131 Memi\u015fo\u011flu: T\u00fcrkiye&#039;yi sa\u011fl\u0131k bilimi ve teknolojisinin \u00fcretilmesinde de lider \u00fclkelerden biri yapaca\u011f\u0131z"},"content":{"rendered":"<p>Sa\u011fl\u0131k Bakan\u0131 Kemal Memi\u015fo\u011flu, &#8220;T\u00fcrkiye&#8217;yi sa\u011fl\u0131k hizmeti sunumunda oldu\u011fu gibi sa\u011fl\u0131k biliminin ve teknolojisinin \u00fcretilmesi bak\u0131m\u0131ndan da d\u00fcnyan\u0131n lider \u00fclkelerinden biri yapmaya \u00e7al\u0131\u015f\u0131yoruz&#8221; dedi.<\/p>\n","protected":false},"excerpt":{"rendered":"<p>Sa\u011fl\u0131k Bakan\u0131 Kemal Memi\u015fo\u011flu, &#8220;T\u00fcrkiye&#8217;yi sa\u011fl\u0131k hizmeti sunumunda oldu\u011fu gibi sa\u011fl\u0131k biliminin ve teknolojisinin \u00fcretilmesi bak\u0131m\u0131ndan da d\u00fcnyan\u0131n lider \u00fclkelerinden biri yapmaya \u00e7al\u0131\u015f\u0131yoruz&#8221; dedi.<\/p>\n","protected":false},"author":1,"featured_media":28006,"comment_status":"","ping_status":"","sticky":false,"template":"","format":"standard","meta":[],"categories":[46],"tags":[],"_links":{"self":[{"href":"https:\/\/kraios.app\/news\/wp-json\/wp\/v2\/posts\/28005"}],"collection":[{"href":"https:\/\/kraios.app\/news\/wp-json\/wp\/v2\/posts"}],"about":[{"href":"https:\/\/kraios.app\/news\/wp-json\/wp\/v2\/types\/post"}],"author":[{"embeddable":true,"href":"https:\/\/kraios.app\/news\/wp-json\/wp\/v2\/users\/1"}],"replies":[{"embeddable":true,"href":"https:\/\/kraios.app\/news\/wp-json\/wp\/v2\/comments?post=28005"}],"version-history":[{"count":0,"href":"https:\/\/kraios.app\/news\/wp-json\/wp\/v2\/posts\/28005\/revisions"}],"wp:featuredmedia":[{"embeddable":true,"href":"https:\/\/kraios.app\/news\/wp-json\/wp\/v2\/media\/28006"}],"wp:attachment":[{"href":"https:\/\/kraios.app\/news\/wp-json\/wp\/v2\/media?parent=28005"}],"wp:term":[{"taxonomy":"category","embeddable":true,"href":"https:\/\/kraios.app\/news\/wp-json\/wp\/v2\/categories?post=28005"},{"taxonomy":"post_tag","embeddable":true,"href":"https:\/\/kraios.app\/news\/wp-json\/wp\/v2\/tags?post=28005"}],"curies":[{"name":"wp","href":"https:\/\/api.w.org\/{rel}","templated":true}]}}