{"id":27993,"date":"2024-09-11T10:14:15","date_gmt":"2024-09-11T10:14:15","guid":{"rendered":"https:\/\/kraios.app\/news\/saglik\/2024\/09\/11\/ambulans-helikopter-ic-anadoludaki-acil-hastalarin-imdadina-yetisiyor\/"},"modified":"2024-09-11T10:14:15","modified_gmt":"2024-09-11T10:14:15","slug":"ambulans-helikopter-ic-anadoludaki-acil-hastalarin-imdadina-yetisiyor","status":"publish","type":"post","link":"https:\/\/kraios.app\/news\/saglik\/2024\/09\/11\/ambulans-helikopter-ic-anadoludaki-acil-hastalarin-imdadina-yetisiyor\/","title":{"rendered":"Ambulans helikopter \u0130\u00e7 Anadolu&#8217;daki acil hastalar\u0131n imdad\u0131na yeti\u015fiyor"},"content":{"rendered":"<p><\/p>\n<div>\n<p>Melikgazi il\u00e7esindeki Hava Ambulans Merkezi&#8217;nde g\u00f6revli 3 doktor, 2 sa\u011fl\u0131k teknikeri, 5 pilot ve 1 yer personeli, tam donan\u0131ml\u0131 helikopterle hastalar\u0131n hayat\u0131n\u0131 kurtarmak i\u00e7in zamanla yar\u0131\u015f\u0131yor.<\/p>\n<p>Sorumluluk sahas\u0131ndaki il ve il\u00e7elerdeki sa\u011fl\u0131k kurulu\u015flar\u0131ndan gelen ihbar \u00fczerine \u00f6nce meteorolojik \u015fartlara bakan ekipler, gerekli izinleri alarak u\u00e7u\u015f rotas\u0131n\u0131 belirliyor.<\/p>\n<p><img decoding=\"async\" alt=\"\" src=\"https:\/\/www.aa.com.tr\/uploads\/userFiles\/caec1b32-8257-4f58-87b0-6657c62b92b3\/New%20folder%2FNew%20folder%2FNew%20folder%20(3)%2FAA-35616145.jpg\"\/><\/p>\n<p>Bilgi alarak g\u00f6reve \u00e7\u0131kan hava ambulans\u0131 ekibi, hasta ya da yaral\u0131y\u0131 zaman kaybetmeden sa\u011fl\u0131k kurulu\u015flar\u0131na g\u00f6t\u00fcr\u00fcyor.<\/p>\n<p>Zorlu arazi ve do\u011fa \u015fartlar\u0131na ra\u011fmen acil tedaviye ihtiya\u00e7 duyan ya da \u00e7e\u015fitli nedenlerle yaralananlar\u0131n imdad\u0131na yeti\u015fen ekip, bu y\u0131l\u0131n ilk 8 ay\u0131nda helikopterle 126 ki\u015finin hastaneye ula\u015ft\u0131r\u0131lmas\u0131n\u0131 sa\u011flad\u0131.<\/p>\n<p>Hava ambulans ekibi, hasta ta\u015f\u0131man\u0131n yan\u0131 s\u0131ra organ nakli gibi zamanla yar\u0131\u015f\u0131lan olaylarda da h\u0131zla hareket ediyor.<\/p>\n<p><img decoding=\"async\" alt=\"\" src=\"https:\/\/www.aa.com.tr\/uploads\/userFiles\/caec1b32-8257-4f58-87b0-6657c62b92b3\/New%20folder%2FNew%20folder%2FNew%20folder%20(3)%2FAA-35616154.jpg\"\/><\/p>\n<p>\u0130l Sa\u011fl\u0131k M\u00fcd\u00fcr\u00fc Mehmet Er\u015fan AA muhabirine, 13 bin sa\u011fl\u0131k \u00e7al\u0131\u015fan\u0131n\u0131n g\u00f6rev yapt\u0131\u011f\u0131 Kayseri&#8217;de 59 istasyonda 87 ambulans ve 726 personelle vatanda\u015flara acil sa\u011fl\u0131k hizmeti sunduklar\u0131n\u0131 dile getirdi.<\/p>\n<p>2024 y\u0131l\u0131n\u0131n ilk 8 ay\u0131nda Acil \u00c7a\u011fr\u0131 Merkezi&#8217;ne 257 bin \u00e7a\u011fr\u0131 geldi\u011fini ifade eden Er\u015fan, g\u00fcnl\u00fck ortalama 486 vakaya ambulansla m\u00fcdahale ettiklerini s\u00f6yledi.<\/p>\n<p>\u0130hbar edilen vakaya en h\u0131zl\u0131 \u015fekilde m\u00fcdahale etmek ad\u0131na t\u00fcm ekiplerin gayret g\u00f6sterdi\u011fini ifade eden Er\u015fan, kentsel vaka ula\u015f\u0131m s\u00fcresinin ortalama 7,5 dakika, k\u0131rsal vakalarda 16 dakika oldu\u011funu belirtti.<\/p>\n<p><img decoding=\"async\" alt=\"\" src=\"https:\/\/www.aa.com.tr\/uploads\/userFiles\/caec1b32-8257-4f58-87b0-6657c62b92b3\/New%20folder%2FNew%20folder%2FNew%20folder%20(3)%2FAA-35616156.jpg\"\/><\/p>\n<p>Sa\u011fl\u0131k Bakanl\u0131\u011f\u0131 taraf\u0131ndan co\u011frafi \u015fartlar, stratejik alanlar ve n\u00fcfus yo\u011funlu\u011fu gibi hususlar dikkate al\u0131narak T\u00fcrkiye&#8217;nin 7 b\u00f6lgesinde 14 \u015fehre ambulans helikopter konu\u015fland\u0131r\u0131ld\u0131\u011f\u0131n\u0131 ifade eden Er\u015fan, bu iller aras\u0131nda Kayseri&#8217;nin de bulundu\u011funu s\u00f6yledi.<\/p>\n<p><img decoding=\"async\" alt=\"\" src=\"https:\/\/www.aa.com.tr\/uploads\/userFiles\/caec1b32-8257-4f58-87b0-6657c62b92b3\/New%20folder%2FNew%20folder%2FNew%20folder%20(3)%2FAA-35616161.jpg\"\/><\/p>\n<h3>&#8220;\u0130htiya\u00e7 duyulan her an vatanda\u015flar\u0131m\u0131z\u0131n yan\u0131nday\u0131z&#8221;<\/h3>\n<p>Vatanda\u015flar\u0131n sa\u011fl\u0131k hizmetlerine en h\u0131zl\u0131 \u015fekilde ula\u015fmas\u0131 i\u00e7in ellerinden gelen b\u00fct\u00fcn gayreti g\u00f6sterdiklerini ifade eden Er\u015fan, \u015funlar\u0131 kaydetti:<\/p>\n<p>&#8220;\u015eu anda 7 b\u00f6lgede 14 ambulans helikopter hizmet vermekte. \u0130limizin bulundu\u011fu b\u00f6lge itibariyle Kayseri&#8217;nin d\u0131\u015f\u0131nda ambulans helikopterimizle Nev\u015fehir, K\u0131r\u015fehir, Yozgat&#8217;\u0131n tamam\u0131na, Ni\u011fde ve Adana&#8217;n\u0131n ilimize yak\u0131n il\u00e7elerine hizmet vermekteyiz. 2024 y\u0131l\u0131n\u0131n ilk 8 ayl\u0131k periyodunda ambulans helikopterimizle 13&#8217;\u00fc yeni do\u011fan olmak \u00fczere 126 vatanda\u015f\u0131m\u0131za hizmet vermi\u015f olduk. Ambulans helikopterimiz toplam 255 saatlik u\u00e7u\u015f s\u00fcresine ula\u015fm\u0131\u015f durumda. Ambulans helikopterimiz g\u00fcn do\u011fumu ve g\u00fcn bat\u0131m\u0131 aras\u0131nda hizmet verdi\u011finden il d\u0131\u015f\u0131na gidecek nakiller i\u00e7in Sa\u011fl\u0131k Bakanl\u0131\u011f\u0131m\u0131z koordinasyonunda \u00e7al\u0131\u015fan u\u00e7ak ambulanslarla bu vakalar gidecekleri hastanelere nakledilmekte. Bu y\u0131l i\u00e7inde 5 hastam\u0131z\u0131n da u\u00e7ak ambulansla hastanelere nakli ger\u00e7ekle\u015ftirildi. \u0130limizde acil sa\u011fl\u0131k hizmetleri ile ilgili ara\u00e7 gere\u00e7, t\u0131bbi donan\u0131m ve personel noktas\u0131nda herhangi bir eksi\u011fimiz olmay\u0131p, t\u00fcm unsurlar\u0131m\u0131zla ihtiya\u00e7 duyulan her an vatanda\u015flar\u0131m\u0131z\u0131n yan\u0131nday\u0131z.&#8221;<\/p>\n<p>Er\u015fan, hastalar\u0131n acil sa\u011fl\u0131k hizmetine en k\u0131sa s\u00fcrede ula\u015fmalar\u0131n\u0131 sa\u011flayan, hastalar\u0131n iyile\u015fmesi i\u00e7in gayret g\u00f6steren t\u00fcm sa\u011fl\u0131k \u00e7al\u0131\u015fanlar\u0131na te\u015fekk\u00fcr etti.<\/p>\n<p>                            <span class=\"detay-foto-editor\">&#13;<br \/>\n                                <a href=\"https:\/\/www.aa.com.tr\/tr\/p\/abonelik-talep-formu\/1001\" target=\"_blank\" style=\"font-size:12px; color:#444; text-decoration:none;\" rel=\"noopener\">&#13;<br \/>\n                                    Anadolu Ajans\u0131 web sitesinde, AA Haber Ak\u0131\u015f Sistemi (HAS) \u00fczerinden abonelere sunulan haberler, \u00f6zetlenerek yay\u0131mlanmaktad\u0131r. <b style=\"color:#1897F7\">Abonelik i\u00e7in l\u00fctfen ileti\u015fime ge\u00e7iniz.<\/b>&#13;<br \/>\n                                <\/a>&#13;<br \/>\n                            <\/span>\n                        <\/div>\n<p><script>\n\t  window.fbAsyncInit = function() {\n\t\tFB.init({\n\t\t  appId: '1855843514662870',\n\t\t  status : true, \/\/ check login status\n\t\t  cookie : true, \/\/ enable cookies to allow the server to access the session\n\t\t  xfbml  : true  \/\/ parse XFBML\n\t\t});\n\t  };<\/p>\n<p>\t  (function() {\n\t\tvar e = document.createElement('script');\n\t\te.src=\"https:\/\/connect.facebook.net\/tr_TR\/all.js\";\n\t\te.async = true;\n\t\tdocument.getElementById('fb-root').appendChild(e);\n\t  }());\n    <\/script><\/p>\n","protected":false},"excerpt":{"rendered":"<p>Melikgazi il\u00e7esindeki Hava Ambulans Merkezi&#8217;nde g\u00f6revli 3 doktor, 2 sa\u011fl\u0131k teknikeri, 5 pilot ve 1 yer personeli, tam donan\u0131ml\u0131 helikopterle hastalar\u0131n hayat\u0131n\u0131 kurtarmak i\u00e7in zamanla yar\u0131\u015f\u0131yor. Sorumluluk sahas\u0131ndaki il ve il\u00e7elerdeki sa\u011fl\u0131k kurulu\u015flar\u0131ndan gelen ihbar \u00fczerine \u00f6nce meteorolojik \u015fartlara bakan ekipler, gerekli izinleri alarak u\u00e7u\u015f rotas\u0131n\u0131 belirliyor. Bilgi alarak g\u00f6reve \u00e7\u0131kan hava ambulans\u0131 ekibi, hasta [&hellip;]<\/p>\n","protected":false},"author":1,"featured_media":27994,"comment_status":"","ping_status":"","sticky":false,"template":"","format":"standard","meta":[],"categories":[46],"tags":[],"_links":{"self":[{"href":"https:\/\/kraios.app\/news\/wp-json\/wp\/v2\/posts\/27993"}],"collection":[{"href":"https:\/\/kraios.app\/news\/wp-json\/wp\/v2\/posts"}],"about":[{"href":"https:\/\/kraios.app\/news\/wp-json\/wp\/v2\/types\/post"}],"author":[{"embeddable":true,"href":"https:\/\/kraios.app\/news\/wp-json\/wp\/v2\/users\/1"}],"replies":[{"embeddable":true,"href":"https:\/\/kraios.app\/news\/wp-json\/wp\/v2\/comments?post=27993"}],"version-history":[{"count":0,"href":"https:\/\/kraios.app\/news\/wp-json\/wp\/v2\/posts\/27993\/revisions"}],"wp:featuredmedia":[{"embeddable":true,"href":"https:\/\/kraios.app\/news\/wp-json\/wp\/v2\/media\/27994"}],"wp:attachment":[{"href":"https:\/\/kraios.app\/news\/wp-json\/wp\/v2\/media?parent=27993"}],"wp:term":[{"taxonomy":"category","embeddable":true,"href":"https:\/\/kraios.app\/news\/wp-json\/wp\/v2\/categories?post=27993"},{"taxonomy":"post_tag","embeddable":true,"href":"https:\/\/kraios.app\/news\/wp-json\/wp\/v2\/tags?post=27993"}],"curies":[{"name":"wp","href":"https:\/\/api.w.org\/{rel}","templated":true}]}}