{"id":27987,"date":"2024-09-10T16:46:07","date_gmt":"2024-09-10T16:46:07","guid":{"rendered":"https:\/\/kraios.app\/news\/saglik\/2024\/09\/10\/balikesirde-premature-dogan-bebek-istanbuldan-gelen-kalp-cerrahinin-operasyonuyla-sagligina-kavustu\/"},"modified":"2024-09-10T16:46:07","modified_gmt":"2024-09-10T16:46:07","slug":"balikesirde-premature-dogan-bebek-istanbuldan-gelen-kalp-cerrahinin-operasyonuyla-sagligina-kavustu","status":"publish","type":"post","link":"https:\/\/kraios.app\/news\/saglik\/2024\/09\/10\/balikesirde-premature-dogan-bebek-istanbuldan-gelen-kalp-cerrahinin-operasyonuyla-sagligina-kavustu\/","title":{"rendered":"Bal\u0131kesir&#8217;de premat\u00fcre do\u011fan bebek \u0130stanbul&#8217;dan gelen kalp cerrah\u0131n\u0131n operasyonuyla sa\u011fl\u0131\u011f\u0131na kavu\u015ftu"},"content":{"rendered":"<p><\/p>\n<div>\n<p>Bal\u0131kesir Atat\u00fcrk \u015eehir Hastanesinde hem\u015fire olarak g\u00f6rev yapan Ye\u015fim Serpen Bilen ve e\u015fi Abdulbaki Bilen&#8217;in yakla\u015f\u0131k 36 g\u00fcn \u00f6nce 1150 gram a\u011f\u0131rl\u0131\u011f\u0131nda 26 haftal\u0131k bebekleri d\u00fcnyaya geldi.<\/p>\n<p>Yap\u0131lan tetkiklerde, Alp Ege ad\u0131 verilen bebe\u011fin kalbinden \u00e7\u0131kan iki b\u00fcy\u00fck atar damar\u0131n aras\u0131nda a\u00e7\u0131kl\u0131k bulundu\u011fu belirlendi.<\/p>\n<p><img decoding=\"async\" alt=\"\" src=\"https:\/\/www.aa.com.tr\/uploads\/userFiles\/7fc6ad83-e801-4dd2-b1c1-974abd5a6af0\/2024%2Fa%2FAA-35607223.jpg\"\/><\/p>\n<p>Alp Ege&#8217;nin, uygulanan tedavilerle normale d\u00f6nmemesi \u00fczerine ameliyat edilmesine karar verildi.<\/p>\n<p>Bebe\u011fin ba\u015fka bir hastaneye sevkinin riskli olaca\u011f\u0131n\u0131 g\u00f6z \u00f6n\u00fcnde bulunduran Yenido\u011fan Uzman Doktoru Atike \u00c7a\u011flar, hastane ve il sa\u011fl\u0131k m\u00fcd\u00fcrl\u00fc\u011f\u00fc y\u00f6netimi, Alp Ege bebe\u011fin kuv\u00f6z\u00fcnde ameliyat edilmesi gerekti\u011fi kanaatine vard\u0131.<\/p>\n<p>Bunun \u00fczerine resmi izin al\u0131narak ileti\u015fime ge\u00e7ilen \u0130stanbul Cemil Ta\u015f\u00e7\u0131o\u011flu \u015eehir Hastanesi \u00c7ocuk Kalp ve Damar Cerrah\u0131 Prof. Dr. Ali R\u0131za Karaci, Bal\u0131kesir&#8217;e davet edildi.<\/p>\n<p>Alp Ege bebek, Karaci taraf\u0131ndan yakla\u015f\u0131k 1 saat s\u00fcren ba\u015far\u0131l\u0131 bir ameliyatla yeniden hayata tutundu.<\/p>\n<p>Bebeklerinin iyile\u015fmesine sevinen Ye\u015fim Serpen ve Abdulbaki Bilen \u00e7ifti ise yo\u011fun bak\u0131m \u00fcnitesinde tedavisi s\u00fcren Alp Ege&#8217;yi kucaklar\u0131na almak i\u00e7in g\u00fcn say\u0131yor.<\/p>\n<p><img decoding=\"async\" alt=\"\" src=\"https:\/\/www.aa.com.tr\/uploads\/userFiles\/7fc6ad83-e801-4dd2-b1c1-974abd5a6af0\/2024%2Fa%2FAA-35607224.jpg\"\/><\/p>\n<h3>&#8220;\u0130n\u015fallah 3-5 g\u00fcn sonrada solunum cihaz\u0131ndan ayr\u0131labilecek&#8221;<\/h3>\n<p>Ger\u00e7ekle\u015ftirdi\u011fi operasyon hakk\u0131nda gazetecilere bilgi veren Prof. Dr. Ali R\u0131za Karaci, k\u00fc\u00e7\u00fck bebeklerde ambulansla ba\u015fka bir hastaneye sevk edilerek ameliyat yap\u0131lmas\u0131n\u0131n b\u00fcy\u00fck risk ta\u015f\u0131d\u0131\u011f\u0131n\u0131 s\u00f6yledi.<\/p>\n<p>Karaci, kalp ile akci\u011fer aras\u0131ndaki damarlar\u0131n normal \u015fartlarda bebe\u011fin d\u00fcnyaya geldikten sonra kendili\u011finden kapanmas\u0131 gerekti\u011fini fakat Alp Ege&#8217;de bu durumun ger\u00e7ekle\u015fmedi\u011fi bilgisini vererek, \u015f\u00f6yle konu\u015ftu:<\/p>\n<p>&#8220;Bu tip vakalarda en iyi sonu\u00e7lar\u0131 hastan\u0131n kendi yata\u011f\u0131nda, kendi hastanesinde opere edilmesiyle al\u0131yoruz. Bulundu\u011fumuz hastanede yatt\u0131\u011f\u0131 yo\u011fun bak\u0131m, ameliyathane \u015fartlar\u0131na d\u00f6n\u00fc\u015ft\u00fcr\u00fcld\u00fc. Burada bu \u015fartlar m\u00fcsait oldu\u011fu i\u00e7in buraya geldim ve ameliyat\u0131n\u0131 da ger\u00e7ekle\u015ftirdik. Kalple akci\u011fer aras\u0131nda bir damar var. Bu damar\u0131n normalde kapanmas\u0131 gerekiyor. Anne karn\u0131ndayken bu damar genelde a\u00e7\u0131kt\u0131r. Onunla \u00e7ocuk ya\u015far ama erken do\u011fdu\u011fu i\u00e7in bir \u015fekilde hala anne karn\u0131ndaki hayat devam ediyor \u015feklinde olmu\u015f. Kalpte basit bir \u015fekilde g\u00f6\u011f\u00fcs bo\u015flu\u011fundan girerek bu damar\u0131 bir metal kliple kapat\u0131yoruz. Solunum cihaz\u0131na ba\u011fl\u0131yd\u0131 uzun s\u00fcredir. \u0130n\u015fallah 3-5 g\u00fcn sonrada solunum cihaz\u0131ndan ayr\u0131labilecek.&#8221;<\/p>\n<p><img decoding=\"async\" alt=\"\" src=\"https:\/\/www.aa.com.tr\/uploads\/userFiles\/7fc6ad83-e801-4dd2-b1c1-974abd5a6af0\/2024%2Fa%2FAA-35607225.jpg\"\/><\/p>\n<p>Yenido\u011fan Uzman Doktoru Atika \u00c7a\u011flar ise premat\u00fcre bebeklerde bu durumla ara ara kar\u015f\u0131la\u015ft\u0131klar\u0131n\u0131 fakat ila\u00e7 tedavisiyle bir\u00e7o\u011funun iyile\u015fti\u011fini ifade etti.<\/p>\n<p>Alp Ege&#8217;nin ila\u00e7 tedavisiyle sa\u011fl\u0131\u011f\u0131na kavu\u015famad\u0131\u011f\u0131n\u0131 anlatan \u00c7a\u011flar, &#8220;Ali R\u0131za hocam\u0131zla irtibata ge\u00e7tik ve sonras\u0131nda da hocam\u0131z\u0131n \u00e7al\u0131\u015ft\u0131\u011f\u0131 hastaneden izinlerin al\u0131nmas\u0131 ile ilgili il sa\u011fl\u0131k m\u00fcd\u00fcr\u00fcm\u00fcz, kamu hastaneler ba\u015fkan\u0131m\u0131z, ba\u015fhekimimizin katk\u0131lar\u0131yla buraya transferini sa\u011flad\u0131k. Yakla\u015f\u0131k 1 saat s\u00fcren operasyon sonucunda bebe\u011fimiz sa\u011fl\u0131\u011f\u0131na kavu\u015ftu. Ben Ali R\u0131za hocaya ve bunlar\u0131 sa\u011flayan b\u00fcy\u00fcklerimize te\u015fekk\u00fcr ediyorum.&#8221; dedi.<\/p>\n<h3>&#8220;Bebekten ayr\u0131 kalmak, s\u00fcrekli durumunu sorgulamak \u00e7ok zor bir durum&#8221;<\/h3>\n<p>Anne Ye\u015fim Serpen Bilen de 34 g\u00fcnd\u00fcr yo\u011fun bak\u0131mda olan bebe\u011finin tedavisi s\u00fcrecinde \u00e7ok stresli g\u00fcnler ya\u015fad\u0131klar\u0131n\u0131 dile getirdi.<\/p>\n<p><img decoding=\"async\" alt=\"\" src=\"https:\/\/www.aa.com.tr\/uploads\/userFiles\/7fc6ad83-e801-4dd2-b1c1-974abd5a6af0\/2024%2Fa%2FAA-35607221.jpg\"\/><\/p>\n<p>\u00c7ocuklar\u0131n\u0131n ba\u015far\u0131l\u0131 bir ameliyat ge\u00e7irmesine \u00e7ok sevindiklerini belirten Bilen, \u015funlar\u0131 kaydetti:<\/p>\n<p>&#8220;Ara\u015ft\u0131rd\u0131k, doktor beyin daha \u00f6nce gitti\u011fi illere bakt\u0131k, ba\u015far\u0131l\u0131 ameliyatlar\u0131n\u0131 g\u00f6rd\u00fck, \u00e7ok mutlu olduk. Tekrardan b\u00f6yle bir avantaj\u0131, b\u00f6yle bir imkan\u0131 bize sundu\u011fu i\u00e7in Atike Han\u0131m&#8217;a, doktor beye, ba\u015fhekimimize, hem\u015firelerimize ve t\u00fcm personellerimize teker teker te\u015fekk\u00fcr ediyoruz. Bebekten ayr\u0131 kalmak, s\u00fcrekli durumunu sorgulamak a\u00e7\u0131k\u00e7as\u0131 \u00e7ok zor bir durum. Bebek i\u00e7in de bizim i\u00e7in de ailelerimiz i\u00e7in de \u00e7ok zor ve y\u0131prat\u0131c\u0131 bir durum. Doktorumuz buraya gelmeyip nakille bebe\u011fimiz gitseydi belki yolda hayat\u0131ndan olabilirdi. Ba\u015fka bir ilde kalmak i\u00e7in bizim a\u00e7\u0131m\u0131zdan da zor olabilirdi. Burada hem kendi evimizde hem bebe\u011fimiz hareket etmeden kuv\u00f6z\u00fcn ba\u015f\u0131nda b\u00f6yle bir imkan sa\u011fland\u0131. Bu konuda ger\u00e7ekten \u00e7ok mutluyum.&#8221;<\/p>\n<p>                            <span class=\"detay-foto-editor\">&#13;<br \/>\n                                <a href=\"https:\/\/www.aa.com.tr\/tr\/p\/abonelik-talep-formu\/1001\" target=\"_blank\" style=\"font-size:12px; color:#444; text-decoration:none;\" rel=\"noopener\">&#13;<br \/>\n                                    Anadolu Ajans\u0131 web sitesinde, AA Haber Ak\u0131\u015f Sistemi (HAS) \u00fczerinden abonelere sunulan haberler, \u00f6zetlenerek yay\u0131mlanmaktad\u0131r. <b style=\"color:#1897F7\">Abonelik i\u00e7in l\u00fctfen ileti\u015fime ge\u00e7iniz.<\/b>&#13;<br \/>\n                                <\/a>&#13;<br \/>\n                            <\/span>\n                        <\/div>\n<p><script>\n\t  window.fbAsyncInit = function() {\n\t\tFB.init({\n\t\t  appId: '1855843514662870',\n\t\t  status : true, \/\/ check login status\n\t\t  cookie : true, \/\/ enable cookies to allow the server to access the session\n\t\t  xfbml  : true  \/\/ parse XFBML\n\t\t});\n\t  };<\/p>\n<p>\t  (function() {\n\t\tvar e = document.createElement('script');\n\t\te.src=\"https:\/\/connect.facebook.net\/tr_TR\/all.js\";\n\t\te.async = true;\n\t\tdocument.getElementById('fb-root').appendChild(e);\n\t  }());\n    <\/script><\/p>\n","protected":false},"excerpt":{"rendered":"<p>Bal\u0131kesir Atat\u00fcrk \u015eehir Hastanesinde hem\u015fire olarak g\u00f6rev yapan Ye\u015fim Serpen Bilen ve e\u015fi Abdulbaki Bilen&#8217;in yakla\u015f\u0131k 36 g\u00fcn \u00f6nce 1150 gram a\u011f\u0131rl\u0131\u011f\u0131nda 26 haftal\u0131k bebekleri d\u00fcnyaya geldi. Yap\u0131lan tetkiklerde, Alp Ege ad\u0131 verilen bebe\u011fin kalbinden \u00e7\u0131kan iki b\u00fcy\u00fck atar damar\u0131n aras\u0131nda a\u00e7\u0131kl\u0131k bulundu\u011fu belirlendi. Alp Ege&#8217;nin, uygulanan tedavilerle normale d\u00f6nmemesi \u00fczerine ameliyat edilmesine karar verildi. [&hellip;]<\/p>\n","protected":false},"author":1,"featured_media":27988,"comment_status":"","ping_status":"","sticky":false,"template":"","format":"standard","meta":[],"categories":[46],"tags":[],"_links":{"self":[{"href":"https:\/\/kraios.app\/news\/wp-json\/wp\/v2\/posts\/27987"}],"collection":[{"href":"https:\/\/kraios.app\/news\/wp-json\/wp\/v2\/posts"}],"about":[{"href":"https:\/\/kraios.app\/news\/wp-json\/wp\/v2\/types\/post"}],"author":[{"embeddable":true,"href":"https:\/\/kraios.app\/news\/wp-json\/wp\/v2\/users\/1"}],"replies":[{"embeddable":true,"href":"https:\/\/kraios.app\/news\/wp-json\/wp\/v2\/comments?post=27987"}],"version-history":[{"count":0,"href":"https:\/\/kraios.app\/news\/wp-json\/wp\/v2\/posts\/27987\/revisions"}],"wp:featuredmedia":[{"embeddable":true,"href":"https:\/\/kraios.app\/news\/wp-json\/wp\/v2\/media\/27988"}],"wp:attachment":[{"href":"https:\/\/kraios.app\/news\/wp-json\/wp\/v2\/media?parent=27987"}],"wp:term":[{"taxonomy":"category","embeddable":true,"href":"https:\/\/kraios.app\/news\/wp-json\/wp\/v2\/categories?post=27987"},{"taxonomy":"post_tag","embeddable":true,"href":"https:\/\/kraios.app\/news\/wp-json\/wp\/v2\/tags?post=27987"}],"curies":[{"name":"wp","href":"https:\/\/api.w.org\/{rel}","templated":true}]}}