{"id":27985,"date":"2024-09-10T14:05:16","date_gmt":"2024-09-10T14:05:16","guid":{"rendered":"https:\/\/kraios.app\/news\/saglik\/2024\/09\/10\/dunyadaki-metan-saliniminin-yaklasik-ucte-ikisi-insan-aktivitelerinden-kaynaklaniyor\/"},"modified":"2024-09-10T14:05:16","modified_gmt":"2024-09-10T14:05:16","slug":"dunyadaki-metan-saliniminin-yaklasik-ucte-ikisi-insan-aktivitelerinden-kaynaklaniyor","status":"publish","type":"post","link":"https:\/\/kraios.app\/news\/saglik\/2024\/09\/10\/dunyadaki-metan-saliniminin-yaklasik-ucte-ikisi-insan-aktivitelerinden-kaynaklaniyor\/","title":{"rendered":"D\u00fcnyadaki metan sal\u0131n\u0131m\u0131n\u0131n yakla\u015f\u0131k \u00fc\u00e7te ikisi insan aktivitelerinden kaynaklan\u0131yor"},"content":{"rendered":"<p><\/p>\n<div>\n<p>K\u00fcresel Karbon Projesi kapsam\u0131nda haz\u0131rlanan ve 66 ara\u015ft\u0131rma merkezinin \u00e7al\u0131\u015fmalar\u0131n\u0131n katk\u0131lar\u0131yla yap\u0131ld\u0131\u011f\u0131 ara\u015ft\u0131rmada, d\u00fcnya genelindeki karbon sal\u0131n\u0131m\u0131n\u0131n nedenleri ve etkileri incelendi.<\/p>\n<p>Ara\u015ft\u0131rmada, pek \u00e7ok \u00fclkenin sera gaz\u0131 sal\u0131n\u0131mlar\u0131n\u0131 azaltma \u00f6nlemlerine ra\u011fmen metan sal\u0131n\u0131m\u0131n\u0131n h\u0131zla artmaya devam etti\u011fi belirlendi.<\/p>\n<p>Besicilik, k\u00f6m\u00fcr madencili\u011fi, do\u011fal gaz \u00e7\u0131kar\u0131m\u0131 ve i\u015flenmesi, pirin\u00e7 yeti\u015ftiricili\u011fi ve organik at\u0131klar\u0131n \u00e7\u00f6p sahas\u0131na bo\u015falt\u0131lmas\u0131 gibi insan faaliyetlerinin atmosfere sal\u0131nan metan sal\u0131n\u0131m\u0131n\u0131n y\u00fczde 65&#8217;ine neden oldu\u011fu g\u00f6r\u00fcld\u00fc.<\/p>\n<p>Ara\u015ft\u0131rmada, fosil yak\u0131t kullan\u0131m\u0131n\u0131n azalmas\u0131 ve atmosferin metan\u0131 yok etme kapasitesindeki kimyasal de\u011fi\u015fiklikler nedeniyle 2000&#8217;li y\u0131llar\u0131n ba\u015flar\u0131ndan ortalar\u0131na kadar metan emisyonlar\u0131n\u0131n d\u00fc\u015f\u00fc\u015f e\u011filimi g\u00f6sterdi\u011fi vurguland\u0131.<\/p>\n<p>&#8211; Her y\u0131l 60 milyon ton art\u0131\u015f g\u00f6r\u00fcl\u00fcyor<\/p>\n<p>D\u00fcnya genelinde son yirmi y\u0131lda ise insan faaliyetlerinden kaynaklanan metan emisyonlar\u0131n\u0131n y\u00fczde 15-20&#8217;lik bir art\u0131\u015f g\u00f6sterdi\u011fi dile getirilen ara\u015ft\u0131rmada, metan gaz\u0131 sal\u0131n\u0131m\u0131n\u0131n y\u0131lda 50-60 milyon ton artt\u0131\u011f\u0131na i\u015faret edildi.<\/p>\n<p>Ara\u015ft\u0131rmada, ayr\u0131ca metan\u0131n emisyonunun 2020&#8217;li y\u0131llar\u0131n ba\u015f\u0131ndan bu yana \u00e7ok daha h\u0131zl\u0131 yay\u0131lmaya ba\u015flad\u0131\u011f\u0131 ve s\u00f6z konusu art\u0131\u015f\u0131n daha \u00f6nce g\u00f6zlemlenenlere k\u0131yasla \u00e7ok daha y\u00fcksek oldu\u011fu g\u00f6zler \u00f6n\u00fcne serildi.<\/p>\n<p>Sadece 2020 y\u0131l\u0131nda 370 ila 384 milyon ton aras\u0131 metan gaz\u0131n\u0131n insan faaliyetleri nedeniyle atmosfere sal\u0131nd\u0131\u011f\u0131 ara\u015ft\u0131rmaya konu oldu.<\/p>\n<p>\u00d6te yandan, fosil yak\u0131tlar nedeniyle atmosfere sal\u0131nan metan emisyonlar\u0131n\u0131n, besicilikten kaynaklanan metan gaz\u0131 ile k\u0131yaslanabilecek boyuta geldi\u011fine i\u015faret edilen ara\u015ft\u0131rmada, tar\u0131m faaliyetleri ve \u00e7\u00f6p sahalar\u0131 nedeniyle sal\u0131nan metan gaz\u0131n\u0131n ise fosil yak\u0131tlardan yay\u0131landan yakla\u015f\u0131k iki kat fazla oldu\u011funa dikkat \u00e7ekildi.<\/p>\n<p>Ara\u015ft\u0131rma, &#8220;Environmental Research Letters&#8221; dergisinde yay\u0131mland\u0131.<\/p>\n<p>                            <span class=\"detay-foto-editor\">&#13;<br \/>\n                                <a href=\"https:\/\/www.aa.com.tr\/tr\/p\/abonelik-talep-formu\/1001\" target=\"_blank\" style=\"font-size:12px; color:#444; text-decoration:none;\" rel=\"noopener\">&#13;<br \/>\n                                    Anadolu Ajans\u0131 web sitesinde, AA Haber Ak\u0131\u015f Sistemi (HAS) \u00fczerinden abonelere sunulan haberler, \u00f6zetlenerek yay\u0131mlanmaktad\u0131r. <b style=\"color:#1897F7\">Abonelik i\u00e7in l\u00fctfen ileti\u015fime ge\u00e7iniz.<\/b>&#13;<br \/>\n                                <\/a>&#13;<br \/>\n                            <\/span>\n                        <\/div>\n<p><script>\n\t  window.fbAsyncInit = function() {\n\t\tFB.init({\n\t\t  appId: '1855843514662870',\n\t\t  status : true, \/\/ check login status\n\t\t  cookie : true, \/\/ enable cookies to allow the server to access the session\n\t\t  xfbml  : true  \/\/ parse XFBML\n\t\t});\n\t  };<\/p>\n<p>\t  (function() {\n\t\tvar e = document.createElement('script');\n\t\te.src=\"https:\/\/connect.facebook.net\/tr_TR\/all.js\";\n\t\te.async = true;\n\t\tdocument.getElementById('fb-root').appendChild(e);\n\t  }());\n    <\/script><\/p>\n","protected":false},"excerpt":{"rendered":"<p>K\u00fcresel Karbon Projesi kapsam\u0131nda haz\u0131rlanan ve 66 ara\u015ft\u0131rma merkezinin \u00e7al\u0131\u015fmalar\u0131n\u0131n katk\u0131lar\u0131yla yap\u0131ld\u0131\u011f\u0131 ara\u015ft\u0131rmada, d\u00fcnya genelindeki karbon sal\u0131n\u0131m\u0131n\u0131n nedenleri ve etkileri incelendi. Ara\u015ft\u0131rmada, pek \u00e7ok \u00fclkenin sera gaz\u0131 sal\u0131n\u0131mlar\u0131n\u0131 azaltma \u00f6nlemlerine ra\u011fmen metan sal\u0131n\u0131m\u0131n\u0131n h\u0131zla artmaya devam etti\u011fi belirlendi. Besicilik, k\u00f6m\u00fcr madencili\u011fi, do\u011fal gaz \u00e7\u0131kar\u0131m\u0131 ve i\u015flenmesi, pirin\u00e7 yeti\u015ftiricili\u011fi ve organik at\u0131klar\u0131n \u00e7\u00f6p sahas\u0131na bo\u015falt\u0131lmas\u0131 gibi [&hellip;]<\/p>\n","protected":false},"author":1,"featured_media":27986,"comment_status":"","ping_status":"","sticky":false,"template":"","format":"standard","meta":[],"categories":[46],"tags":[],"_links":{"self":[{"href":"https:\/\/kraios.app\/news\/wp-json\/wp\/v2\/posts\/27985"}],"collection":[{"href":"https:\/\/kraios.app\/news\/wp-json\/wp\/v2\/posts"}],"about":[{"href":"https:\/\/kraios.app\/news\/wp-json\/wp\/v2\/types\/post"}],"author":[{"embeddable":true,"href":"https:\/\/kraios.app\/news\/wp-json\/wp\/v2\/users\/1"}],"replies":[{"embeddable":true,"href":"https:\/\/kraios.app\/news\/wp-json\/wp\/v2\/comments?post=27985"}],"version-history":[{"count":0,"href":"https:\/\/kraios.app\/news\/wp-json\/wp\/v2\/posts\/27985\/revisions"}],"wp:featuredmedia":[{"embeddable":true,"href":"https:\/\/kraios.app\/news\/wp-json\/wp\/v2\/media\/27986"}],"wp:attachment":[{"href":"https:\/\/kraios.app\/news\/wp-json\/wp\/v2\/media?parent=27985"}],"wp:term":[{"taxonomy":"category","embeddable":true,"href":"https:\/\/kraios.app\/news\/wp-json\/wp\/v2\/categories?post=27985"},{"taxonomy":"post_tag","embeddable":true,"href":"https:\/\/kraios.app\/news\/wp-json\/wp\/v2\/tags?post=27985"}],"curies":[{"name":"wp","href":"https:\/\/api.w.org\/{rel}","templated":true}]}}