{"id":27969,"date":"2024-09-08T13:02:05","date_gmt":"2024-09-08T13:02:05","guid":{"rendered":"https:\/\/kraios.app\/news\/saglik\/2024\/09\/08\/saglik-bakani-memisoglu-grip-asisini-eczanelere-ilettik\/"},"modified":"2024-09-08T13:02:05","modified_gmt":"2024-09-08T13:02:05","slug":"saglik-bakani-memisoglu-grip-asisini-eczanelere-ilettik","status":"publish","type":"post","link":"https:\/\/kraios.app\/news\/saglik\/2024\/09\/08\/saglik-bakani-memisoglu-grip-asisini-eczanelere-ilettik\/","title":{"rendered":"Sa\u011fl\u0131k Bakan\u0131 Memi\u015fo\u011flu: Grip a\u015f\u0131s\u0131n\u0131 eczanelere ilettik"},"content":{"rendered":"<p><\/p>\n<div>\n<p>Sa\u011fl\u0131k Bakan\u0131 Kemal Memi\u015fo\u011flu, \u00dcmraniye Belediyesi taraf\u0131ndan &#8220;Halk Sa\u011fl\u0131\u011f\u0131 Haftas\u0131&#8221; kapsam\u0131nda \u00dcmraniye Millet Bah\u00e7esi&#8217;nde ger\u00e7ekle\u015ftirilen y\u00fcr\u00fcy\u00fc\u015f ve spor etkinli\u011fine kat\u0131ld\u0131.<\/p>\n<p>Bakan Memi\u015fo\u011flu, burada yapt\u0131\u011f\u0131 a\u00e7\u0131klamada, toplum sa\u011fl\u0131\u011f\u0131 a\u00e7\u0131s\u0131ndan en b\u00fcy\u00fck sorunun riskli kilo, hareketsizlik ve ba\u011f\u0131ml\u0131l\u0131klar oldu\u011funu dile getirerek, &#8220;Kilolu oldu\u011funuz zaman e\u011fer sigara ba\u011f\u0131ml\u0131l\u0131\u011f\u0131n\u0131z varsa veya hareketsizseniz her t\u00fcrl\u00fc hastal\u0131k riskiyle kar\u015f\u0131 kar\u015f\u0131ya kalabiliyorsunuz. Kalp yetmezlikleri, eklem bozukluklar\u0131, beyin kanamalar\u0131, beyninde p\u0131ht\u0131 atma gibi her t\u00fcrl\u00fc riski ta\u015f\u0131yorsunuz. Onun i\u00e7in hastalanmadan bedenimizi korumam\u0131z gerekiyor. Bunun i\u00e7in d\u00fczenli spor yapmam\u0131z gerekiyor. Her g\u00fcn y\u00fcr\u00fcy\u00fc\u015f, her g\u00fcn y\u00fczme, her g\u00fcn bir spor aktivitesinde bulunmam\u0131z gerekiyor. Bunun d\u00fczenli hale gelmesi gerekiyor.&#8221; diye konu\u015ftu.<\/p>\n<p><img decoding=\"async\" alt=\"\" src=\"https:\/\/www.aa.com.tr\/uploads\/userFiles\/88e4063b-7018-4331-b06e-f0cb513ac64c\/2024%2F09%2Fmemisoglu8-1.jpg\"\/><\/p>\n<p>T\u00fcrk toplumunun y\u00fczde 60&#8217;\u0131na yak\u0131n\u0131nda kilo problemi bulundu\u011funa dikkati \u00e7eken Memi\u015fo\u011flu, h\u0131zl\u0131 ve \u00e7abuk yeme al\u0131\u015fkanl\u0131\u011f\u0131n\u0131n yayg\u0131n oldu\u011funu s\u00f6yledi. Memi\u015fo\u011flu, karbonhidrat a\u011f\u0131rl\u0131kl\u0131 beslenilmemesi, meyve ve sebze t\u00fcketilmesi, bunun yan\u0131nda hareket edilmesi gerekti\u011fini vurgulad\u0131.<\/p>\n<h3>&#8220;Amac\u0131m\u0131z tedavi hizmetinden \u00e7ok koruyucu hizmeti \u00f6n planda tutmak&#8221;<\/h3>\n<p>Memi\u015fo\u011flu, sporun sa\u011fl\u0131k anlam\u0131na geldi\u011fini, ya\u011fmur, kar fark etmeksizin b\u00fct\u00fcn zamanlarda yap\u0131lmas\u0131 gerekti\u011fini belirterek, &#8220;Hastalanmadan bedenimize bakmal\u0131, bunu bir emanet olarak g\u00f6rmeliyiz. \u00d6zellikle sigara, alkol gibi kendimize ve \u00e7evremize zarar verecek al\u0131\u015fkanl\u0131klardan \u00e7ok uzak durmal\u0131y\u0131z. Sadece yasaklarla veya engellemelerle de\u011fil, insanlar\u0131n kendi bedenine dikkat ederek bu problemleri \u00e7\u00f6zmesi gerekiyor. Biz de bu hafta arkada\u015flarla beraber \u00dcmraniye Belediyemizin tesislerinde y\u00fcr\u00fcy\u00fc\u015f yaparak insanlara g\u00f6stermeye, fark\u0131ndal\u0131k olu\u015fturmaya \u00e7al\u0131\u015f\u0131yoruz.&#8221; ifadelerini kuland\u0131.<\/p>\n<p><img decoding=\"async\" alt=\"\" src=\"https:\/\/admin.aa.com.tr\/uploads\/userFiles\/88e4063b-7018-4331-b06e-f0cb513ac64c\/2024%2F09%2Fmemisoglu8-2.jpg\"\/><\/p>\n<p>T\u00fcrkiye&#8217;nin sa\u011fl\u0131k sisteminin, Cumhurba\u015fkan\u0131 Recep Tayyip Erdo\u011fan liderli\u011finde \u00e7ok b\u00fcy\u00fck bir de\u011fi\u015fimle d\u00fcnyaya \u00f6rnek oldu\u011funu vurgulayan Memi\u015fo\u011flu, &#8220;Hizmet anlam\u0131nda \u00e7ok iyi yerlerdeyiz. Amac\u0131m\u0131z tedavi hizmetinden \u00e7ok koruyucu hizmeti \u00f6n planda tutmak. Tabii ki hastaland\u0131\u011f\u0131 zaman insanlar\u0131n en iyi tedavilerini yapabilecek altyap\u0131m\u0131z, insan g\u00fcc\u00fcm\u00fcz de var. Ama hastalanmadan kendilerine bakmalar\u0131n\u0131, bize yard\u0131mc\u0131 olmalar\u0131n\u0131, daha do\u011frusu kendilerine yard\u0131mc\u0131 olmalar\u0131n\u0131 bekliyoruz.&#8221; \u015feklinde konu\u015ftu.<\/p>\n<p><img decoding=\"async\" alt=\"\" src=\"https:\/\/admin.aa.com.tr\/uploads\/userFiles\/88e4063b-7018-4331-b06e-f0cb513ac64c\/2024%2F09%2Fmemisoglu8-3.jpg\"\/><\/p>\n<p>Memi\u015fo\u011flu, vatanda\u015flar\u0131n aile hekimli\u011fi, sa\u011fl\u0131kl\u0131 hayat merkezleri gibi yerlerde, diyetisyenlere, psikologlara, fizyoterapistlere giderek, spor ve diyeti nas\u0131l yapacaklar\u0131n\u0131 dan\u0131\u015fabileceklerini aktararak, insanlar\u0131n kendilerine y\u00fck olan fazla kilolar\u0131ndan kurtulmas\u0131 gerekti\u011fini s\u00f6yledi.<\/p>\n<h3>Kanser taramalar\u0131 50 ya\u015f\u0131n \u00fczerindeki belirli gruplarda \u00fccretsiz<\/h3>\n<p>Kanser taramalar\u0131 ve \u00fccretsiz hizmetler hakk\u0131nda bilgiler payla\u015fan Memi\u015fo\u011flu, 50 ya\u015f\u0131n \u00fczerinde belli gruplarda bu hizmetlerin \u00fccretsiz oldu\u011funu an\u0131msatarak, &#8220;Hem serviks hem meme hem de ba\u011f\u0131rsak kanseri gibi taramalar \u00fccretsiz. Hatta bu taramalar yap\u0131ld\u0131ktan sonra hastanelerdeki randevular\u0131 da al\u0131yoruz. B\u00f6ylece hastalar, hastal\u0131kla ilgili kontrol\u00fcn\u00fc daha kolay yapabilirler.&#8221; dedi.<\/p>\n<p><img decoding=\"async\" alt=\"\" src=\"https:\/\/admin.aa.com.tr\/uploads\/userFiles\/88e4063b-7018-4331-b06e-f0cb513ac64c\/2024%2F09%2Fmemisoglu8-4.jpg\"\/><\/p>\n<p>Memi\u015fo\u011flu, vatanda\u015flar\u0131n, Kanser Erken Te\u015fhis, Tarama ve E\u011fitim Merkezleri&#8217;nde, \u00fccretsiz meme filmini de \u00e7ektirebileceklerini belirtti.<\/p>\n<p>Bakan Memi\u015fo\u011flu, grip a\u015f\u0131s\u0131 zaman\u0131n\u0131n geldi\u011finin hat\u0131rlat\u0131lmas\u0131 \u00fczerine, eczanelerden grip a\u015f\u0131s\u0131 al\u0131nabildi\u011fini dile getirerek, &#8220;Eczanelere ilettik, rahatl\u0131kla oradan temin edebilecekler. \u00d6zellikle belli risk gruplar\u0131na a\u015f\u0131 olmalar\u0131n\u0131 \u00f6neriyoruz.&#8221; ifadelerini kulland\u0131.<\/p>\n<p><img decoding=\"async\" alt=\"\" src=\"https:\/\/admin.aa.com.tr\/uploads\/userFiles\/88e4063b-7018-4331-b06e-f0cb513ac64c\/2024%2F09%2Fmemisoglu8-5.jpg\"\/><\/p>\n<p>\u00dcmraniye Belediye Ba\u015fkan\u0131 \u0130smet Y\u0131ld\u0131r\u0131m da sa\u011fl\u0131kl\u0131 ya\u015fam\u0131n \u00f6nemini vurgulayarak, vatanda\u015flar\u0131n hasta olmadan \u00f6nce spor ve sa\u011fl\u0131kl\u0131 beslenme ile kendilerine bakmalar\u0131 gerekti\u011fini s\u00f6yledi.<\/p>\n<p>T\u00fcrkiye&#8217;de her t\u00fcrl\u00fc sporun yap\u0131labilece\u011fi tesislerin Cumhurba\u015fkan\u0131 Erdo\u011fan&#8217;\u0131n liderli\u011finde yap\u0131ld\u0131\u011f\u0131n\u0131 belirten Y\u0131ld\u0131r\u0131m, \u00dcmraniye&#8217;de de sporun yayg\u0131nla\u015ft\u0131r\u0131ld\u0131\u011f\u0131n\u0131, kendisinin de d\u00fczenli olarak spor yapt\u0131\u011f\u0131n\u0131 dile getirdi. Y\u0131ld\u0131r\u0131m, vatanda\u015flar\u0131 sa\u011fl\u0131kl\u0131 ya\u015fam i\u00e7in spora davet etti.<\/p>\n<p>Bakan Memi\u015fo\u011flu, y\u00fcr\u00fcy\u00fc\u015f etkinli\u011finin ard\u0131ndan \u00e7ocuklarla futbol ma\u00e7\u0131 yapt\u0131, \u00dcmraniye Belediye Ba\u015fkan\u0131 Y\u0131ld\u0131r\u0131m ile masa tenisi oynad\u0131.<\/p>\n<p>                            <span class=\"detay-foto-editor\">&#13;<br \/>\n                                <a href=\"https:\/\/www.aa.com.tr\/tr\/p\/abonelik-talep-formu\/1001\" target=\"_blank\" style=\"font-size:12px; color:#444; text-decoration:none;\" rel=\"noopener\">&#13;<br \/>\n                                    Anadolu Ajans\u0131 web sitesinde, AA Haber Ak\u0131\u015f Sistemi (HAS) \u00fczerinden abonelere sunulan haberler, \u00f6zetlenerek yay\u0131mlanmaktad\u0131r. <b style=\"color:#1897F7\">Abonelik i\u00e7in l\u00fctfen ileti\u015fime ge\u00e7iniz.<\/b>&#13;<br \/>\n                                <\/a>&#13;<br \/>\n                            <\/span>\n                        <\/div>\n<p><script>\n\t  window.fbAsyncInit = function() {\n\t\tFB.init({\n\t\t  appId: '1855843514662870',\n\t\t  status : true, \/\/ check login status\n\t\t  cookie : true, \/\/ enable cookies to allow the server to access the session\n\t\t  xfbml  : true  \/\/ parse XFBML\n\t\t});\n\t  };<\/p>\n<p>\t  (function() {\n\t\tvar e = document.createElement('script');\n\t\te.src=\"https:\/\/connect.facebook.net\/tr_TR\/all.js\";\n\t\te.async = true;\n\t\tdocument.getElementById('fb-root').appendChild(e);\n\t  }());\n    <\/script><\/p>\n","protected":false},"excerpt":{"rendered":"<p>Sa\u011fl\u0131k Bakan\u0131 Kemal Memi\u015fo\u011flu, \u00dcmraniye Belediyesi taraf\u0131ndan &#8220;Halk Sa\u011fl\u0131\u011f\u0131 Haftas\u0131&#8221; kapsam\u0131nda \u00dcmraniye Millet Bah\u00e7esi&#8217;nde ger\u00e7ekle\u015ftirilen y\u00fcr\u00fcy\u00fc\u015f ve spor etkinli\u011fine kat\u0131ld\u0131. Bakan Memi\u015fo\u011flu, burada yapt\u0131\u011f\u0131 a\u00e7\u0131klamada, toplum sa\u011fl\u0131\u011f\u0131 a\u00e7\u0131s\u0131ndan en b\u00fcy\u00fck sorunun riskli kilo, hareketsizlik ve ba\u011f\u0131ml\u0131l\u0131klar oldu\u011funu dile getirerek, &#8220;Kilolu oldu\u011funuz zaman e\u011fer sigara ba\u011f\u0131ml\u0131l\u0131\u011f\u0131n\u0131z varsa veya hareketsizseniz her t\u00fcrl\u00fc hastal\u0131k riskiyle kar\u015f\u0131 kar\u015f\u0131ya kalabiliyorsunuz. [&hellip;]<\/p>\n","protected":false},"author":1,"featured_media":27970,"comment_status":"","ping_status":"","sticky":false,"template":"","format":"standard","meta":[],"categories":[46],"tags":[],"_links":{"self":[{"href":"https:\/\/kraios.app\/news\/wp-json\/wp\/v2\/posts\/27969"}],"collection":[{"href":"https:\/\/kraios.app\/news\/wp-json\/wp\/v2\/posts"}],"about":[{"href":"https:\/\/kraios.app\/news\/wp-json\/wp\/v2\/types\/post"}],"author":[{"embeddable":true,"href":"https:\/\/kraios.app\/news\/wp-json\/wp\/v2\/users\/1"}],"replies":[{"embeddable":true,"href":"https:\/\/kraios.app\/news\/wp-json\/wp\/v2\/comments?post=27969"}],"version-history":[{"count":0,"href":"https:\/\/kraios.app\/news\/wp-json\/wp\/v2\/posts\/27969\/revisions"}],"wp:featuredmedia":[{"embeddable":true,"href":"https:\/\/kraios.app\/news\/wp-json\/wp\/v2\/media\/27970"}],"wp:attachment":[{"href":"https:\/\/kraios.app\/news\/wp-json\/wp\/v2\/media?parent=27969"}],"wp:term":[{"taxonomy":"category","embeddable":true,"href":"https:\/\/kraios.app\/news\/wp-json\/wp\/v2\/categories?post=27969"},{"taxonomy":"post_tag","embeddable":true,"href":"https:\/\/kraios.app\/news\/wp-json\/wp\/v2\/tags?post=27969"}],"curies":[{"name":"wp","href":"https:\/\/api.w.org\/{rel}","templated":true}]}}