{"id":27967,"date":"2024-09-08T11:45:46","date_gmt":"2024-09-08T11:45:46","guid":{"rendered":"https:\/\/kraios.app\/news\/saglik\/2024\/09\/08\/serebral-palsili-deniz-fizik-tedaviyle-ilk-adimini-7-yasinda-atti\/"},"modified":"2024-09-08T11:45:46","modified_gmt":"2024-09-08T11:45:46","slug":"serebral-palsili-deniz-fizik-tedaviyle-ilk-adimini-7-yasinda-atti","status":"publish","type":"post","link":"https:\/\/kraios.app\/news\/saglik\/2024\/09\/08\/serebral-palsili-deniz-fizik-tedaviyle-ilk-adimini-7-yasinda-atti\/","title":{"rendered":"Serebral palsili Deniz, fizik tedaviyle ilk ad\u0131m\u0131n\u0131 7 ya\u015f\u0131nda att\u0131"},"content":{"rendered":"<p><\/p>\n<div>\n<p>Adana&#8217;da serebral palsi (beyin felci) rahats\u0131zl\u0131\u011f\u0131 bulunan Deniz G\u00fcvercin, uzun s\u00fcren fizik tedavinin ard\u0131ndan ilk ad\u0131mlar\u0131n\u0131 7 ya\u015f\u0131nda att\u0131.<\/p>\n<p>Derya ve Harun G\u00fcvercin \u00e7iftinin o\u011flu Deniz, do\u011fum esnas\u0131nda oksijensiz kalmas\u0131 nedeniyle 37 g\u00fcn\u00fcn\u00fc kuv\u00f6zde ge\u00e7irdi.<\/p>\n<p>G\u00fcvercin \u00e7ifti, aradan ge\u00e7en s\u00fcrede evlatlar\u0131n\u0131n durumunda farkl\u0131l\u0131k oldu\u011funu g\u00f6zlemledi.<\/p>\n<p><img decoding=\"async\" alt=\"\" src=\"https:\/\/www.aa.com.tr\/uploads\/userFiles\/88e4063b-7018-4331-b06e-f0cb513ac64c\/2024%2F09%2Ffizik8-1.jpg\"\/><\/p>\n<p>G\u00f6t\u00fcrd\u00fckleri hastanede o\u011fullar\u0131na serebral palsi te\u015fhisi konulmas\u0131yla G\u00fcvercin \u00e7ifti, hemen tedavi s\u00fcreciyle ilgili ara\u015ft\u0131rma yapt\u0131.<\/p>\n<p>\u00c7ift, evlatlar\u0131n\u0131n bir an \u00f6nce aya\u011fa kalkabilmesi i\u00e7in yakla\u015f\u0131k 2 y\u0131l \u00f6nce ya\u015fad\u0131klar\u0131 Osmaniye&#8217;den Adana&#8217;ya ta\u015f\u0131nd\u0131. Yo\u011fun bir fizik tedavi s\u00fcrecinin ard\u0131ndan Deniz, ailesinin de m\u00fccadelesiyle ilk ad\u0131mlar\u0131n\u0131 7 ya\u015f\u0131nda att\u0131.<\/p>\n<p>Yakla\u015f\u0131k 10 ad\u0131m atabilen Deniz, AA muhabirine, y\u00fcr\u00fcmeye ba\u015flad\u0131\u011f\u0131 i\u00e7in mutlu oldu\u011funu s\u00f6yledi.<\/p>\n<p>Okula ba\u015flayacak olman\u0131n da heyecan\u0131n\u0131 ya\u015fad\u0131\u011f\u0131n\u0131 belirten Deniz, &#8220;\u00d6\u011fretmenlerimi ve arkada\u015flar\u0131m\u0131 merak ediyorum. B\u00fcy\u00fcy\u00fcnce tiyatrocu olmak istiyorum.&#8221; dedi.<\/p>\n<p><img decoding=\"async\" alt=\"\" src=\"https:\/\/admin.aa.com.tr\/uploads\/userFiles\/88e4063b-7018-4331-b06e-f0cb513ac64c\/2024%2F09%2Ffizik8-2.jpg\"\/><\/p>\n<p>Baba Harun G\u00fcvercin de Deniz&#8217;in y\u00fcr\u00fcyebilmesi i\u00e7in b\u00fcy\u00fck m\u00fccadele verdiklerini anlatt\u0131.<\/p>\n<p>Yakla\u015f\u0131k 4-5 y\u0131ll\u0131k tedavi s\u00fcreciyle o\u011flunun aya\u011fa kalkt\u0131\u011f\u0131n\u0131 belirten baba G\u00fcvercin, &#8220;Deniz&#8217;in bize \u00e7ok yard\u0131mc\u0131 olmas\u0131yla ilerledik. Tedavilerle ve 2 ay \u00f6nce kas gev\u015fetme ameliyat\u0131yla \u015fu anda fiziki duru\u015f olarak \u00e7ok iyi durumda. Deniz&#8217;in mental bir problemi yok. Sadece fiziki olarak y\u00fcr\u00fcmekle ilgili bir problemi var. Yakla\u015f\u0131k 10 ad\u0131m atabiliyor. Zaten y\u00fcr\u00fcme problemini a\u015ft\u0131\u011f\u0131m\u0131zda normal \u00e7ocuklardan hi\u00e7bir fark\u0131m\u0131z kalmayacak.&#8221; diye konu\u015ftu.<\/p>\n<p>Harun G\u00fcvercin, o\u011flunun okula ba\u015flayacak olmas\u0131n\u0131n mutlulu\u011funu ya\u015fad\u0131\u011f\u0131n\u0131 anlatt\u0131.<\/p>\n<h3>&#8220;Ayakta ba\u011f\u0131ms\u0131z durmaya ba\u015flad\u0131&#8221;<\/h3>\n<p>\u00d6zel bir merkezde g\u00f6rev yapan fizyoterapist Turhan Ayy\u0131ld\u0131z da Deniz&#8217;e egzersiz uygulad\u0131\u011f\u0131n\u0131 ve \u00e7ok yol katettiklerini dile getirdi.<\/p>\n<p><img decoding=\"async\" alt=\"\" src=\"https:\/\/admin.aa.com.tr\/uploads\/userFiles\/88e4063b-7018-4331-b06e-f0cb513ac64c\/2024%2F09%2Ffizik8-3.jpg\"\/><\/p>\n<p>Deniz&#8217;in her zaman \u00e7ok istekli oldu\u011funa dikkati \u00e7eken Ayy\u0131ld\u0131z, \u015funlar\u0131 kaydetti:<\/p>\n<p>&#8220;Fizik tedavi s\u00fcre\u00e7lerinde bize \u00e7ok yard\u0131mc\u0131 oluyor, \u00e7ok destek veriyor. G\u00fcnde 2 defa \u00fcst \u00fcste seans al\u0131yor. Her zaman \u00e7ok heyecanl\u0131, istekli geliyor. Y\u00fcr\u00fcme konusunda \u00e7ok hevesli ve son zamanlarda bunun i\u00e7in iyi yol katetti. Art\u0131k yeni yeni ad\u0131mlamaya ve ayakta ba\u011f\u0131ms\u0131z durmaya ba\u015flad\u0131, \u00e7ok mutluyuz.&#8221;<\/p>\n<p>                            <span class=\"detay-foto-editor\">&#13;<br \/>\n                                <a href=\"https:\/\/www.aa.com.tr\/tr\/p\/abonelik-talep-formu\/1001\" target=\"_blank\" style=\"font-size:12px; color:#444; text-decoration:none;\" rel=\"noopener\">&#13;<br \/>\n                                    Anadolu Ajans\u0131 web sitesinde, AA Haber Ak\u0131\u015f Sistemi (HAS) \u00fczerinden abonelere sunulan haberler, \u00f6zetlenerek yay\u0131mlanmaktad\u0131r. <b style=\"color:#1897F7\">Abonelik i\u00e7in l\u00fctfen ileti\u015fime ge\u00e7iniz.<\/b>&#13;<br \/>\n                                <\/a>&#13;<br \/>\n                            <\/span>\n                        <\/div>\n<p><script>\n\t  window.fbAsyncInit = function() {\n\t\tFB.init({\n\t\t  appId: '1855843514662870',\n\t\t  status : true, \/\/ check login status\n\t\t  cookie : true, \/\/ enable cookies to allow the server to access the session\n\t\t  xfbml  : true  \/\/ parse XFBML\n\t\t});\n\t  };<\/p>\n<p>\t  (function() {\n\t\tvar e = document.createElement('script');\n\t\te.src=\"https:\/\/connect.facebook.net\/tr_TR\/all.js\";\n\t\te.async = true;\n\t\tdocument.getElementById('fb-root').appendChild(e);\n\t  }());\n    <\/script><\/p>\n","protected":false},"excerpt":{"rendered":"<p>Adana&#8217;da serebral palsi (beyin felci) rahats\u0131zl\u0131\u011f\u0131 bulunan Deniz G\u00fcvercin, uzun s\u00fcren fizik tedavinin ard\u0131ndan ilk ad\u0131mlar\u0131n\u0131 7 ya\u015f\u0131nda att\u0131. Derya ve Harun G\u00fcvercin \u00e7iftinin o\u011flu Deniz, do\u011fum esnas\u0131nda oksijensiz kalmas\u0131 nedeniyle 37 g\u00fcn\u00fcn\u00fc kuv\u00f6zde ge\u00e7irdi. G\u00fcvercin \u00e7ifti, aradan ge\u00e7en s\u00fcrede evlatlar\u0131n\u0131n durumunda farkl\u0131l\u0131k oldu\u011funu g\u00f6zlemledi. G\u00f6t\u00fcrd\u00fckleri hastanede o\u011fullar\u0131na serebral palsi te\u015fhisi konulmas\u0131yla G\u00fcvercin \u00e7ifti, hemen [&hellip;]<\/p>\n","protected":false},"author":1,"featured_media":27968,"comment_status":"","ping_status":"","sticky":false,"template":"","format":"standard","meta":[],"categories":[46],"tags":[],"_links":{"self":[{"href":"https:\/\/kraios.app\/news\/wp-json\/wp\/v2\/posts\/27967"}],"collection":[{"href":"https:\/\/kraios.app\/news\/wp-json\/wp\/v2\/posts"}],"about":[{"href":"https:\/\/kraios.app\/news\/wp-json\/wp\/v2\/types\/post"}],"author":[{"embeddable":true,"href":"https:\/\/kraios.app\/news\/wp-json\/wp\/v2\/users\/1"}],"replies":[{"embeddable":true,"href":"https:\/\/kraios.app\/news\/wp-json\/wp\/v2\/comments?post=27967"}],"version-history":[{"count":0,"href":"https:\/\/kraios.app\/news\/wp-json\/wp\/v2\/posts\/27967\/revisions"}],"wp:featuredmedia":[{"embeddable":true,"href":"https:\/\/kraios.app\/news\/wp-json\/wp\/v2\/media\/27968"}],"wp:attachment":[{"href":"https:\/\/kraios.app\/news\/wp-json\/wp\/v2\/media?parent=27967"}],"wp:term":[{"taxonomy":"category","embeddable":true,"href":"https:\/\/kraios.app\/news\/wp-json\/wp\/v2\/categories?post=27967"},{"taxonomy":"post_tag","embeddable":true,"href":"https:\/\/kraios.app\/news\/wp-json\/wp\/v2\/tags?post=27967"}],"curies":[{"name":"wp","href":"https:\/\/api.w.org\/{rel}","templated":true}]}}