{"id":27965,"date":"2024-09-07T16:59:16","date_gmt":"2024-09-07T16:59:16","guid":{"rendered":"https:\/\/kraios.app\/news\/saglik\/2024\/09\/07\/aile-sagligi-ve-temel-saglik-hizmetlerini-daha-iyi-ve-etkin-hale-getirecegiz\/"},"modified":"2024-09-07T16:59:16","modified_gmt":"2024-09-07T16:59:16","slug":"aile-sagligi-ve-temel-saglik-hizmetlerini-daha-iyi-ve-etkin-hale-getirecegiz","status":"publish","type":"post","link":"https:\/\/kraios.app\/news\/saglik\/2024\/09\/07\/aile-sagligi-ve-temel-saglik-hizmetlerini-daha-iyi-ve-etkin-hale-getirecegiz\/","title":{"rendered":"Aile sa\u011fl\u0131\u011f\u0131 ve temel sa\u011fl\u0131k hizmetlerini daha iyi ve etkin hale getirece\u011fiz"},"content":{"rendered":"<p><\/p>\n<div>\n<p>Cumhurba\u015fkan\u0131 Recep Tayyip Erdo\u011fan&#8217;\u0131n kat\u0131l\u0131m\u0131yla G\u00f6lc\u00fck il\u00e7esinde d\u00fczenlenen &#8220;Kocaeli G\u00f6lc\u00fck Devlet Hastanesi, TOK\u0130 Konutlar\u0131, Teleferik ve Yap\u0131m\u0131 Tamamlanan Di\u011fer Projelerin Toplu A\u00e7\u0131l\u0131\u015f T\u00f6reni&#8221;nde konu\u015fan Memi\u015fo\u011flu, sa\u011fl\u0131k alan\u0131nda \u00f6nemli bir ad\u0131m daha atman\u0131n gururunu ya\u015fad\u0131klar\u0131n\u0131 dile getirdi.<\/p>\n<p>Bakan Memi\u015fo\u011flu, Kocaeli&#8217;nin sa\u011fl\u0131k hizmetlerine b\u00fcy\u00fck katk\u0131 sa\u011flayacak olan sa\u011fl\u0131k tesislerinin a\u00e7\u0131l\u0131\u015f i\u00e7in bir araya geldiklerini belirterek, Cumhurba\u015fkan\u0131 Erdo\u011fan liderli\u011finde 21 y\u0131lda Kocaeli&#8217;ye 95 sa\u011fl\u0131k yat\u0131r\u0131m\u0131 yapt\u0131klar\u0131n\u0131 bildirdi.<\/p>\n<p>Kente yap\u0131lan sa\u011fl\u0131k yat\u0131r\u0131mlar\u0131n\u0131n detaylar\u0131n\u0131 payla\u015fan Memi\u015fo\u011flu, s\u00f6zlerini \u015f\u00f6yle s\u00fcrd\u00fcrd\u00fc:<\/p>\n<p>&#8220;71 adet birinci basamak, \u00fc\u00e7\u00fcnc\u00fc basamak 1 adet, 23 adet ikinci basamak olmak \u00fczere sa\u011fl\u0131k tesisleri merkezleri in\u015fa ettik. Say\u0131n Cumhurba\u015fkan\u0131m\u0131z\u0131n &#8216;hayalim&#8217; dedi\u011fi, \u015fehir hastanelerimizden biri olan 1200 yatakl\u0131 Kocaeli \u015eehir Hastanesini 4 Nisan 2023&#8217;te sizlerin hizmetine sunduk. Kocaeli&#8217;mizde 300 yatakl\u0131 G\u00f6lc\u00fck Necati \u00c7elik Devlet Hastanemizi, \u0130zmit&#8217;te 50 yatakl\u0131 AMATEM&#8217;i ve 30 yatakl\u0131 \u00c7AMATEM&#8217;i, Gebze \u0130lyas Bey Dar\u0131ca, G\u00f6lc\u00fck ve \u0130zmit G\u00fcndo\u011fdu Aile Sa\u011fl\u0131\u011f\u0131 merkezlerimizi de bug\u00fcn itibariyle milletimizin hizmetine sunuyoruz. Huzurlar\u0131n\u0131zda sa\u011fl\u0131k alan\u0131ndaki b\u00fcy\u00fck de\u011fi\u015fime liderlik eden Say\u0131n Cumhurba\u015fkan\u0131m\u0131za \u015f\u00fckranlar\u0131m\u0131z\u0131 arz ediyorum. Eme\u011fi ge\u00e7en herkese te\u015fekk\u00fcrlerimi sunuyorum.&#8221;<\/p>\n<h3>&#8220;\u015eehrimize 250 hekimin daha atamas\u0131n\u0131 yapm\u0131\u015f bulunmaktay\u0131z&#8221;<\/h3>\n<p>Bakan Memi\u015fo\u011flu, kentte toplam 2 bin 188&#8217;i uzman hekim olmak \u00fczere 29 bin 714 sa\u011fl\u0131k \u00e7al\u0131\u015fan\u0131yla hizmet verdiklerini aktararak, &#8220;Son atamalarda, \u015fehrimize 250 hekimin daha atamas\u0131n\u0131 yapm\u0131\u015f bulunmaktay\u0131z. \u00d6zverili ve fedakar \u00e7al\u0131\u015fmalar\u0131 i\u00e7in t\u00fcm hekimlerimize ve sa\u011fl\u0131k \u00e7al\u0131\u015fanlar\u0131m\u0131za te\u015fekk\u00fcr ediyorum.&#8221; dedi.<\/p>\n<p>Halk Sa\u011fl\u0131\u011f\u0131 Haftas\u0131 kapsam\u0131nda toplumun 3 sa\u011fl\u0131k riskine dikkati \u00e7ekmek istedi\u011fini, bu risklerin fazla kilo, hareketsiz ya\u015fam ve ba\u011f\u0131ml\u0131l\u0131k oldu\u011funu anlatan Memi\u015fo\u011flu, &#8220;Bu 3 temel mesele, sadece sa\u011fl\u0131k\u00e7\u0131lar\u0131n de\u011fil b\u00fct\u00fcn toplumun beraber \u00e7\u00f6zmesi gereken meselelerdir. Bunlarla m\u00fccadele etmeliyiz.&#8221; \u015feklinde konu\u015ftu.<\/p>\n<p>Memi\u015fo\u011flu, sigara i\u00e7ilmemesi, sa\u011fl\u0131kl\u0131 beslenilmesi ve d\u00fczenli hareket edilmesi tavsiyesinde bulunarak, s\u00f6zlerini \u015f\u00f6yle s\u00fcrd\u00fcrd\u00fc:<\/p>\n<p>&#8220;Kendinize iyi bak\u0131n istiyorum. Atalar\u0131m\u0131z\u0131n, &#8216;D\u00f6k\u00fclen bal kab\u0131n\u0131 doldurmaz&#8217; diye \u00e7ok g\u00fczel bir s\u00f6z\u00fc var. Kaybedilen sa\u011fl\u0131\u011f\u0131 yeniden eski hale getirmek \u00e7ok zor. Hastalanmadan sa\u011fl\u0131\u011f\u0131m\u0131z\u0131 ve bedenimizi korumal\u0131y\u0131z. Bu nedenle temel sa\u011fl\u0131k ve koruyucu sa\u011fl\u0131\u011f\u0131 \u00f6nemsememiz laz\u0131m. Hedefimiz, g\u00fc\u00e7l\u00fc aile hekimli\u011fi. Onun i\u00e7in sizlerden bedenlerinizi koruman\u0131z\u0131 istiyorum. Aile sa\u011fl\u0131\u011f\u0131 ve temel sa\u011fl\u0131k hizmetlerini daha iyi ve etkin hale getirece\u011fiz. Amac\u0131m\u0131z do\u011fru yerde ve do\u011fru zamanda etkin tedavi hizmetleri sunmakt\u0131r. En \u00f6nemli hedeflerimizden biri de \u00fcreten sa\u011fl\u0131k. Sadece sa\u011fl\u0131k hizmetini de\u011fil bilimini de teknolojisini de bu \u00fclkeye getirece\u011fiz. Ve sizlere 300 yatakl\u0131 bu hastaneni hay\u0131rl\u0131 olmas\u0131n\u0131, milletimize iyi hizmetler vermesini diliyorum.&#8221;<\/p>\n<p>                            <span class=\"detay-foto-editor\">&#13;<br \/>\n                                <a href=\"https:\/\/www.aa.com.tr\/tr\/p\/abonelik-talep-formu\/1001\" target=\"_blank\" style=\"font-size:12px; color:#444; text-decoration:none;\" rel=\"noopener\">&#13;<br \/>\n                                    Anadolu Ajans\u0131 web sitesinde, AA Haber Ak\u0131\u015f Sistemi (HAS) \u00fczerinden abonelere sunulan haberler, \u00f6zetlenerek yay\u0131mlanmaktad\u0131r. <b style=\"color:#1897F7\">Abonelik i\u00e7in l\u00fctfen ileti\u015fime ge\u00e7iniz.<\/b>&#13;<br \/>\n                                <\/a>&#13;<br \/>\n                            <\/span>\n                        <\/div>\n<p><script>\n\t  window.fbAsyncInit = function() {\n\t\tFB.init({\n\t\t  appId: '1855843514662870',\n\t\t  status : true, \/\/ check login status\n\t\t  cookie : true, \/\/ enable cookies to allow the server to access the session\n\t\t  xfbml  : true  \/\/ parse XFBML\n\t\t});\n\t  };<\/p>\n<p>\t  (function() {\n\t\tvar e = document.createElement('script');\n\t\te.src=\"https:\/\/connect.facebook.net\/tr_TR\/all.js\";\n\t\te.async = true;\n\t\tdocument.getElementById('fb-root').appendChild(e);\n\t  }());\n    <\/script><\/p>\n","protected":false},"excerpt":{"rendered":"<p>Cumhurba\u015fkan\u0131 Recep Tayyip Erdo\u011fan&#8217;\u0131n kat\u0131l\u0131m\u0131yla G\u00f6lc\u00fck il\u00e7esinde d\u00fczenlenen &#8220;Kocaeli G\u00f6lc\u00fck Devlet Hastanesi, TOK\u0130 Konutlar\u0131, Teleferik ve Yap\u0131m\u0131 Tamamlanan Di\u011fer Projelerin Toplu A\u00e7\u0131l\u0131\u015f T\u00f6reni&#8221;nde konu\u015fan Memi\u015fo\u011flu, sa\u011fl\u0131k alan\u0131nda \u00f6nemli bir ad\u0131m daha atman\u0131n gururunu ya\u015fad\u0131klar\u0131n\u0131 dile getirdi. Bakan Memi\u015fo\u011flu, Kocaeli&#8217;nin sa\u011fl\u0131k hizmetlerine b\u00fcy\u00fck katk\u0131 sa\u011flayacak olan sa\u011fl\u0131k tesislerinin a\u00e7\u0131l\u0131\u015f i\u00e7in bir araya geldiklerini belirterek, Cumhurba\u015fkan\u0131 Erdo\u011fan [&hellip;]<\/p>\n","protected":false},"author":1,"featured_media":27966,"comment_status":"","ping_status":"","sticky":false,"template":"","format":"standard","meta":[],"categories":[46],"tags":[],"_links":{"self":[{"href":"https:\/\/kraios.app\/news\/wp-json\/wp\/v2\/posts\/27965"}],"collection":[{"href":"https:\/\/kraios.app\/news\/wp-json\/wp\/v2\/posts"}],"about":[{"href":"https:\/\/kraios.app\/news\/wp-json\/wp\/v2\/types\/post"}],"author":[{"embeddable":true,"href":"https:\/\/kraios.app\/news\/wp-json\/wp\/v2\/users\/1"}],"replies":[{"embeddable":true,"href":"https:\/\/kraios.app\/news\/wp-json\/wp\/v2\/comments?post=27965"}],"version-history":[{"count":0,"href":"https:\/\/kraios.app\/news\/wp-json\/wp\/v2\/posts\/27965\/revisions"}],"wp:featuredmedia":[{"embeddable":true,"href":"https:\/\/kraios.app\/news\/wp-json\/wp\/v2\/media\/27966"}],"wp:attachment":[{"href":"https:\/\/kraios.app\/news\/wp-json\/wp\/v2\/media?parent=27965"}],"wp:term":[{"taxonomy":"category","embeddable":true,"href":"https:\/\/kraios.app\/news\/wp-json\/wp\/v2\/categories?post=27965"},{"taxonomy":"post_tag","embeddable":true,"href":"https:\/\/kraios.app\/news\/wp-json\/wp\/v2\/tags?post=27965"}],"curies":[{"name":"wp","href":"https:\/\/api.w.org\/{rel}","templated":true}]}}