{"id":27957,"date":"2024-09-06T10:31:56","date_gmt":"2024-09-06T10:31:56","guid":{"rendered":"https:\/\/kraios.app\/news\/saglik\/2024\/09\/06\/cozgem-ile-ozel-cocuklarin-ihtiyac-duydugu-tum-hizmetler-tek-cati-altinda\/"},"modified":"2024-09-06T10:31:56","modified_gmt":"2024-09-06T10:31:56","slug":"cozgem-ile-ozel-cocuklarin-ihtiyac-duydugu-tum-hizmetler-tek-cati-altinda","status":"publish","type":"post","link":"https:\/\/kraios.app\/news\/saglik\/2024\/09\/06\/cozgem-ile-ozel-cocuklarin-ihtiyac-duydugu-tum-hizmetler-tek-cati-altinda\/","title":{"rendered":"\u00c7\u00d6ZGEM ile &#8220;\u00f6zel&#8221; \u00e7ocuklar\u0131n ihtiya\u00e7 duydu\u011fu t\u00fcm hizmetler tek \u00e7at\u0131 alt\u0131nda"},"content":{"rendered":"<p><\/p>\n<div>\n<p>Otizm ba\u015fta olmak \u00fczere, \u00f6zel gereksinimli \u00e7ocuklar\u0131n erken tan\u0131 ve tedavi hizmetlerine daha kolay eri\u015febilmesi, bu alanda multidisipliner bir anlay\u0131\u015fla kamuda hizmet sunulabilmesi i\u00e7in ge\u00e7en y\u0131ldan itibaren hastanelerde \u00c7\u00d6ZGEM&#8217;lerin a\u00e7\u0131lmas\u0131na y\u00f6nelik d\u00fczenlemeye giden Bakanl\u0131k, halihaz\u0131rda 9 olan merkez say\u0131s\u0131n\u0131n 81 ilde yayg\u0131nla\u015ft\u0131r\u0131lmas\u0131 i\u00e7in \u00e7al\u0131\u015fmalar\u0131n\u0131 s\u00fcrd\u00fcr\u00fcyor.<\/p>\n<p>T\u00fcrkiye&#8217;nin ilk \u00c7\u00d6ZGEM&#8217;leri i\u00e7erisinde yer alan ve bu alandaki en b\u00fcy\u00fck merkezlerden biri olan Ankara Etlik \u015eehir Hastanesi b\u00fcnyesindeki \u00c7\u00d6ZGEM de yakla\u015f\u0131k 3 ay \u00f6nce \u00e7ocuk hastalar\u0131na hizmet sunmaya ba\u015flad\u0131.<\/p>\n<p><img decoding=\"async\" alt=\"\" src=\"https:\/\/www.aa.com.tr\/uploads\/userFiles\/4f62407a-abf2-4464-9690-b6acbca575b5\/07_2024%2F00_AGUSTOS%2F03%2F20240906_2_65410142_104511978.jpg\"\/><\/p>\n<p>AA ekibine kap\u0131lar\u0131na a\u00e7an merkez, renkli duvarlar\u0131, e\u011flenceli duvar yaz\u0131lar\u0131 ve resimlerle hastalar\u0131n\u0131 kar\u015f\u0131l\u0131yor.<\/p>\n<p>Tan\u0131, tedavi, ya\u015fam boyu takip, ailelere rehberlik gibi t\u00fcm hizmetlerin sunuldu\u011fu, farkl\u0131 disiplinlerden uzmanlar\u0131n g\u00f6rev yapt\u0131\u011f\u0131 merkezde, ergoterapinin ger\u00e7ekle\u015ftirildi\u011fi spor alanlar\u0131ndan oyun alanlar\u0131na kadar bir\u00e7ok olanak yer al\u0131yor.<\/p>\n<h3>Kamusal, \u00fccretsiz ve multidisipliner ruh sa\u011fl\u0131\u011f\u0131 hizmeti<\/h3>\n<p>Merkezin faaliyetlerine ili\u015fkin bilgi veren \u00c7ocuk-Ergen Ruh Sa\u011fl\u0131\u011f\u0131 ve Hastal\u0131klar\u0131 Klini\u011fi \u0130dari, E\u011fitim Sorumlusu ve \u00c7\u00d6ZGEM Sorumlusu Do\u00e7. Dr. Ay\u015feg\u00fcl Efe, \u00c7\u00d6ZGEM&#8217;lerle birlikte tamamen kamusal ve \u00fccretsiz, multidisipliner anlay\u0131\u015fla hareket eden ruh sa\u011fl\u0131\u011f\u0131 hizmetinin sunulmaya ba\u015flad\u0131\u011f\u0131na dikkati \u00e7ekti.<\/p>\n<p><img decoding=\"async\" alt=\"\" src=\"https:\/\/www.aa.com.tr\/uploads\/userFiles\/4f62407a-abf2-4464-9690-b6acbca575b5\/07_2024%2F00_AGUSTOS%2F03%2F20240906_2_65410142_104511973.jpg\"\/><\/p>\n<p>Etlik \u015eehir Hastanesi&#8217;ndeki \u00c7\u00d6ZGEM&#8217;in \u015fu anda bu alandaki en b\u00fcy\u00fck merkez oldu\u011funu aktaran Efe, &#8220;\u00dclkemizde \u015fu an 9 merkez bulunuyor. Merkezimiz, ba\u015fta otizm spektrum bozukluklar\u0131 olmak \u00fczere, \u00f6zel gereksinimi bulunan 0-6 ya\u015f aras\u0131ndaki t\u00fcm \u00e7ocuklar\u0131m\u0131za, birinci basamak sa\u011fl\u0131k kurulu\u015flar\u0131nda tespit edildi\u011fi veya ailenin \u015f\u00fcphe duydu\u011fu andan itibaren ba\u015fvuracaklar\u0131 ilk sistem olarak hizmet veriyor.&#8221; dedi.<\/p>\n<h3>Aile hekimleri otizm \u015f\u00fcphesi olan \u00e7ocuklar\u0131 do\u011frudan \u00c7\u00d6ZGEM&#8217;e y\u00f6nlendiriyor<\/h3>\n<p>\u00c7\u00d6ZGEM&#8217;e isteyen herkesin belirlenen telefon numaralar\u0131ndan randevu alarak ba\u015fvurabilece\u011fini anlatan Efe, \u00e7ocuklara \u00f6n de\u011ferlendirmenin ard\u0131ndan &#8220;alt\u0131n standart&#8221; ad\u0131 verilen tan\u0131lama y\u00f6ntemlerinin uyguland\u0131\u011f\u0131n\u0131 anlatt\u0131.<\/p>\n<p>Aile hekimlikleri ile entegre edildikleri yeni bir uygulamaya da ba\u015flad\u0131klar\u0131n\u0131 bildiren Efe, &#8220;Aile hekimlerimizin tamam\u0131 \u00e7ocuklar i\u00e7in 5 maddeli bir otizm tarama sistemini uyguluyor. Bu \u00e7er\u00e7evede otizm \u015f\u00fcphesi olu\u015fturduklar\u0131 b\u00fct\u00fcn hastalar\u0131, hi\u00e7bir ara mekanizmaya tak\u0131lmadan direkt merkezimize y\u00f6nlendiriyorlar.&#8221; diye konu\u015ftu.<\/p>\n<p><img decoding=\"async\" alt=\"\" src=\"https:\/\/www.aa.com.tr\/uploads\/userFiles\/4f62407a-abf2-4464-9690-b6acbca575b5\/07_2024%2F00_AGUSTOS%2F03%2F20240906_2_65410142_104511974.jpg\"\/><\/p>\n<p>Bu \u00e7er\u00e7evede Ankara \u0130l Sa\u011fl\u0131k M\u00fcd\u00fcrl\u00fc\u011f\u00fcyle bir protokol olu\u015fturuldu\u011funu, Ankara&#8217;daki t\u00fcm aile hekimliklerine bilgilendirme yap\u0131ld\u0131\u011f\u0131n\u0131 anlatan Efe, \u015f\u00f6yle devam etti:<\/p>\n<p>&#8220;Bu \u015fekilde bize y\u00f6nlendirilen hastalar\u0131, randevular\u0131n\u0131 olu\u015fturarak hemen \u00f6n de\u011ferlendirmeye al\u0131yoruz. \u00c7ocuklar bu sisteme dahil oldu\u011funda, \u00e7ocuk ve ergen psikiyatristi, ard\u0131ndan \u00e7ocuk psikolo\u011fu, bireysel hizmet dan\u0131\u015fman\u0131, \u00e7ocuk geli\u015fim uzman\u0131, ergoterapist, dil ve konu\u015fma terapisti, sosyal hizmet uzman\u0131 ve gerekli durumlarda diyetisyen, \u00e7ocuk metabolizma, n\u00f6roloji, \u00e7ocuk genetik, i\u015fitme-g\u00f6rme testleri gibi gereksinimlerinin tamam\u0131n\u0131 burada planlayarak kar\u015f\u0131l\u0131yoruz.<\/p>\n<p>15 Eyl\u00fcl itibar\u0131yla randevular\u0131m\u0131z\u0131 aktif olarak vermeye ba\u015flayaca\u011f\u0131z, hastalar\u0131m\u0131z direkt bu \u015fekilde geldi\u011finde burada bu hizmetten tamamen kamusal \u015fekilde faydalanabilecek. Ayr\u0131ca aileler direkt olarak aray\u0131p randevu da alabiliyorlar. Bunun yan\u0131nda MHRS&#8217;den al\u0131nan randevuyla \u00c7ocuk ve Ergen Psikiyatrisi Polikliniklerine ba\u015fvuran ve muayenede \u015f\u00fcphe olu\u015fan \u00e7ocuklar\u0131n da do\u011frudan merkezimize y\u00f6nlendirmesi yap\u0131l\u0131yor.&#8221;<\/p>\n<h3>Otizmde erken tan\u0131 ve tedavi \u00e7ok \u00f6nemli<\/h3>\n<p>Otizm spektrum bozuklu\u011funu ilk duyan ailelerin ciddi bir \u015fok ya\u015fad\u0131\u011f\u0131n\u0131, bazen durumu kabullenemedi\u011fini, \u00e7e\u015fitli kayg\u0131larla sa\u011fl\u0131k kurulu\u015flar\u0131na ba\u015fvurmad\u0131\u011f\u0131n\u0131 anlatan Efe, internetten duyduklar\u0131 bilgilerle bilimsel olmayan \u00e7e\u015fitli y\u00f6ntemleri deneme, s\u00fcreci evde kendi kendine idare etmeye \u00e7al\u0131\u015fma gibi hatal\u0131 yollara ba\u015fvuran ailelerin de oldu\u011funu s\u00f6yledi.<\/p>\n<p>\u00c7\u00d6ZGEM&#8217;de ailelere t\u00fcm a\u015famalarla ilgili bilgilendirme ve rehberlik yap\u0131ld\u0131\u011f\u0131n\u0131 vurgulayan Efe, &#8220;Otizm spektrum bozuklu\u011funda erken tan\u0131 ve tedavi, belirtilerin kaybolmas\u0131, \u00e7ocu\u011fun \u00f6m\u00fcr boyu ya\u015fam kalitesi, sosyal kat\u0131l\u0131m\u0131, i\u015flevselli\u011fi \u00fczerinde b\u00fcy\u00fck etkiye sahip. Hastalar\u0131 erken d\u00f6nemde bu tedaviye \u00e7ekememenin s\u0131k\u0131nt\u0131s\u0131n\u0131 \u00e7ekiyorduk ve \u00c7\u00d6ZGEM&#8217;in bunun \u00e7\u00f6z\u00fcm\u00fcn\u00fc getirece\u011fine inan\u0131yoruz. \u00c7\u00d6ZGEM, hastalara birinci basamak hizmetten direkt d\u00f6rd\u00fcnc\u00fc basamak hizmete ba\u015fvurabilme \u015fans\u0131n\u0131 tan\u0131yor.&#8221; dedi.<\/p>\n<h3>Ailelere ciddi k\u00fclfet olu\u015fturan tedaviler, \u00fccretsiz sunuluyor<\/h3>\n<p>\u00c7\u00d6ZGEM&#8217;in geni\u015f ve birbiriyle entegre bir sa\u011fl\u0131k hizmeti sundu\u011funu dile getiren Efe, \u015f\u00f6yle devam etti:<\/p>\n<p>&#8220;Merkezimizde ergoterapist, dil konu\u015fma terapisti, psikologlar, \u00e7ocuk geli\u015fim uzmanlar\u0131yla uygulad\u0131\u011f\u0131m\u0131z b\u00fct\u00fcn psikometrik de\u011ferlendirmeler ve teropatik y\u00f6ntemler, kamu d\u0131\u015f\u0131ndaki \u00f6zel alanlarda olduk\u00e7a y\u00fcksek \u00fccretlerle uygulan\u0131yor. \u00d6m\u00fcr boyu tedavi al\u0131nmas\u0131n\u0131 gerektiren bir rahats\u0131zl\u0131\u011f\u0131 g\u00f6z \u00f6n\u00fcne ald\u0131\u011f\u0131n\u0131zda bunlar aileler i\u00e7in ciddi bir k\u00fclfet olu\u015fturmakta. Kamu alan\u0131na b\u00f6yle bir hizmeti entegre \u015fekilde ta\u015f\u0131yarak, hem personelimizi spesifik bir alanda yeti\u015ftirme hem de hastalar\u0131m\u0131za tam denetimli, kan\u0131t d\u00fczeyi belli, birbiriyle ileti\u015fim halinde olan yap\u0131land\u0131r\u0131lm\u0131\u015f bir tedavi program\u0131n\u0131 sunabilme \u015fans\u0131n\u0131 elde etti\u011fimizi d\u00fc\u015f\u00fcn\u00fcyoruz.&#8221;<\/p>\n<h3>Hastalar i\u00e7in y\u0131ll\u0131k ve \u00f6m\u00fcr boyu planlar olu\u015fturuluyor<\/h3>\n<p>Efe, \u00c7\u00d6ZGEM&#8217;de g\u00f6revli ergoterapistin &#8220;spor salonu&#8221; olarak adland\u0131r\u0131lan odalarda duyu profili uygulamalar\u0131 yapt\u0131\u011f\u0131n\u0131, duyu b\u00fct\u00fcnleme tedavilerini uygulad\u0131\u011f\u0131n\u0131 ve bunun otizmli \u00e7ocuklar a\u00e7\u0131s\u0131ndan \u00f6nemli oldu\u011funu dile getirdi.<\/p>\n<p>Her hasta \u00fczerindeki tedavi planlar\u0131n\u0131n haftal\u0131k olarak ele al\u0131nd\u0131\u011f\u0131n\u0131 aktaran Efe, &#8220;Hastalar\u0131m\u0131z\u0131n her biri i\u00e7in \u00f6ncelikle bir y\u0131ll\u0131k, sonras\u0131nda da \u00f6m\u00fcr boyu planlar olu\u015fturuluyor. B\u00f6ylelikle ailelere hem yol g\u00f6stermi\u015f hem de hi\u00e7bir hastam\u0131z\u0131 takipsiz b\u0131rakmam\u0131\u015f oluyoruz.&#8221; \u015feklinde konu\u015ftu.<\/p>\n<p>                            <span class=\"detay-foto-editor\">&#13;<br \/>\n                                <a href=\"https:\/\/www.aa.com.tr\/tr\/p\/abonelik-talep-formu\/1001\" target=\"_blank\" style=\"font-size:12px; color:#444; text-decoration:none;\" rel=\"noopener\">&#13;<br \/>\n                                    Anadolu Ajans\u0131 web sitesinde, AA Haber Ak\u0131\u015f Sistemi (HAS) \u00fczerinden abonelere sunulan haberler, \u00f6zetlenerek yay\u0131mlanmaktad\u0131r. <b style=\"color:#1897F7\">Abonelik i\u00e7in l\u00fctfen ileti\u015fime ge\u00e7iniz.<\/b>&#13;<br \/>\n                                <\/a>&#13;<br \/>\n                            <\/span>\n                        <\/div>\n<p><script>\n\t  window.fbAsyncInit = function() {\n\t\tFB.init({\n\t\t  appId: '1855843514662870',\n\t\t  status : true, \/\/ check login status\n\t\t  cookie : true, \/\/ enable cookies to allow the server to access the session\n\t\t  xfbml  : true  \/\/ parse XFBML\n\t\t});\n\t  };<\/p>\n<p>\t  (function() {\n\t\tvar e = document.createElement('script');\n\t\te.src=\"https:\/\/connect.facebook.net\/tr_TR\/all.js\";\n\t\te.async = true;\n\t\tdocument.getElementById('fb-root').appendChild(e);\n\t  }());\n    <\/script><\/p>\n","protected":false},"excerpt":{"rendered":"<p>Otizm ba\u015fta olmak \u00fczere, \u00f6zel gereksinimli \u00e7ocuklar\u0131n erken tan\u0131 ve tedavi hizmetlerine daha kolay eri\u015febilmesi, bu alanda multidisipliner bir anlay\u0131\u015fla kamuda hizmet sunulabilmesi i\u00e7in ge\u00e7en y\u0131ldan itibaren hastanelerde \u00c7\u00d6ZGEM&#8217;lerin a\u00e7\u0131lmas\u0131na y\u00f6nelik d\u00fczenlemeye giden Bakanl\u0131k, halihaz\u0131rda 9 olan merkez say\u0131s\u0131n\u0131n 81 ilde yayg\u0131nla\u015ft\u0131r\u0131lmas\u0131 i\u00e7in \u00e7al\u0131\u015fmalar\u0131n\u0131 s\u00fcrd\u00fcr\u00fcyor. T\u00fcrkiye&#8217;nin ilk \u00c7\u00d6ZGEM&#8217;leri i\u00e7erisinde yer alan ve bu alandaki en [&hellip;]<\/p>\n","protected":false},"author":1,"featured_media":27958,"comment_status":"","ping_status":"","sticky":false,"template":"","format":"standard","meta":[],"categories":[46],"tags":[],"_links":{"self":[{"href":"https:\/\/kraios.app\/news\/wp-json\/wp\/v2\/posts\/27957"}],"collection":[{"href":"https:\/\/kraios.app\/news\/wp-json\/wp\/v2\/posts"}],"about":[{"href":"https:\/\/kraios.app\/news\/wp-json\/wp\/v2\/types\/post"}],"author":[{"embeddable":true,"href":"https:\/\/kraios.app\/news\/wp-json\/wp\/v2\/users\/1"}],"replies":[{"embeddable":true,"href":"https:\/\/kraios.app\/news\/wp-json\/wp\/v2\/comments?post=27957"}],"version-history":[{"count":0,"href":"https:\/\/kraios.app\/news\/wp-json\/wp\/v2\/posts\/27957\/revisions"}],"wp:featuredmedia":[{"embeddable":true,"href":"https:\/\/kraios.app\/news\/wp-json\/wp\/v2\/media\/27958"}],"wp:attachment":[{"href":"https:\/\/kraios.app\/news\/wp-json\/wp\/v2\/media?parent=27957"}],"wp:term":[{"taxonomy":"category","embeddable":true,"href":"https:\/\/kraios.app\/news\/wp-json\/wp\/v2\/categories?post=27957"},{"taxonomy":"post_tag","embeddable":true,"href":"https:\/\/kraios.app\/news\/wp-json\/wp\/v2\/tags?post=27957"}],"curies":[{"name":"wp","href":"https:\/\/api.w.org\/{rel}","templated":true}]}}