{"id":27947,"date":"2024-09-05T17:04:55","date_gmt":"2024-09-05T17:04:55","guid":{"rendered":"https:\/\/kraios.app\/news\/saglik\/2024\/09\/05\/kongo-demokratik-cumhuriyetine-99-bin-m-cicegi-asisi-teslim-edildi\/"},"modified":"2024-09-05T17:04:55","modified_gmt":"2024-09-05T17:04:55","slug":"kongo-demokratik-cumhuriyetine-99-bin-m-cicegi-asisi-teslim-edildi","status":"publish","type":"post","link":"https:\/\/kraios.app\/news\/saglik\/2024\/09\/05\/kongo-demokratik-cumhuriyetine-99-bin-m-cicegi-asisi-teslim-edildi\/","title":{"rendered":"Kongo Demokratik Cumhuriyeti&#8217;ne 99 bin M \u00e7i\u00e7e\u011fi a\u015f\u0131s\u0131 teslim edildi"},"content":{"rendered":"<p><\/p>\n<div>\n<p>D\u00fcnya Sa\u011fl\u0131k \u00d6rg\u00fct\u00fc (DS\u00d6) Genel Direkt\u00f6r\u00fc Tedros Adhanom Ghebreyesus, X sosyal medya platformundan, a\u015f\u0131lar\u0131n KDC&#8217;ye ula\u015ft\u0131r\u0131lmas\u0131na ili\u015fkin payla\u015f\u0131mda bulundu.<\/p>\n<p>KDC&#8217;ye 99 bin a\u015f\u0131n\u0131n ula\u015ft\u0131r\u0131ld\u0131\u011f\u0131n\u0131 ve bunun &#8220;\u00e7ok iyi bir geli\u015fme&#8221; oldu\u011funu kaydeden Ghebreyesus, &#8220;Bu hafta sonu 101 bin ilave doz a\u015f\u0131n\u0131n daha KDC&#8217;ye teslim edilmesi bekleniyor.&#8221; ifadelerini kulland\u0131.<\/p>\n<p>Ghebreyesus, DS\u00d6 ve ortaklar\u0131n\u0131n, KDC h\u00fck\u00fcmetinin vaka tespiti, temas takibi, hedefli a\u015f\u0131lama ve toplumun bu m\u00fccadeleye kat\u0131lmas\u0131 y\u00f6n\u00fcnde kapsaml\u0131 &#8220;sa\u011fl\u0131k acil durum m\u00fcdahalesini&#8221; destekledi\u011fini belirterek, dayan\u0131\u015fma ve a\u015f\u0131 payla\u015f\u0131m\u0131 i\u00e7in Avrupa Birli\u011fi&#8217;ne te\u015fekk\u00fcr etti.<\/p>\n<p>&#8211; M \u00e7i\u00e7e\u011fi vir\u00fcs\u00fc<\/p>\n<p>M \u00e7i\u00e7e\u011fi vir\u00fcs\u00fc, fareler ve sincaplar gibi kemirgen hayvanlardan veya enfekte olmu\u015f bireylerden bula\u015f\u0131yor. Vir\u00fcs\u00fcn neden oldu\u011fu v\u00fccut d\u00f6k\u00fcnt\u00fclerine dokunmak, bu d\u00f6k\u00fcnt\u00fclerin bula\u015ft\u0131\u011f\u0131 giysi, \u00e7ar\u015faf, havlu ve benzeri e\u015fyalar\u0131 kullanmak ve v\u00fccut s\u0131v\u0131lar\u0131yla temas etmek en \u00f6nemli bula\u015f nedenleri aras\u0131nda yer al\u0131yor.<\/p>\n<p>\u0130lk belirtiler, vir\u00fcs\u00fc kapt\u0131ktan sonraki 5 ila 21 g\u00fcnde ortaya \u00e7\u0131kabiliyor. Vir\u00fcs, genelde y\u00fcksek ate\u015f, ba\u015f, s\u0131rt ve kas a\u011fr\u0131s\u0131, lenf bezlerinde \u015fi\u015flik, yorgunluk, \u00fc\u015f\u00fcme, titreme ve ciltte su \u00e7i\u00e7e\u011fine benzer kabarc\u0131klara neden oluyor.<\/p>\n<p>\u00d6zel bir tedavi y\u00f6ntemi olmayan hastal\u0131\u011f\u0131n tedavisi antiviral ila\u00e7larla yap\u0131l\u0131yor. Vakalar\u0131n b\u00fcy\u00fck k\u0131sm\u0131 hastal\u0131\u011f\u0131 hafif ge\u00e7iriyor ve birka\u00e7 hafta i\u00e7inde sa\u011fl\u0131\u011f\u0131na kavu\u015fuyor.<\/p>\n<p>DS\u00d6, &#8220;maymun \u00e7i\u00e7e\u011fi hastal\u0131\u011f\u0131 (Monkeypox)&#8221; ismini, 2022&#8217;de \u0131rk\u00e7\u0131l\u0131k ve ayr\u0131mc\u0131l\u0131k kayg\u0131s\u0131yla &#8220;mpox&#8221; olarak de\u011fi\u015ftirmi\u015fti.<\/p>\n<p>M \u00e7i\u00e7e\u011fi vir\u00fcs\u00fc, 14 A\u011fustos&#8217;ta DS\u00d6 taraf\u0131ndan &#8220;uluslararas\u0131 \u00f6neme sahip halk sa\u011fl\u0131\u011f\u0131 acil durumu&#8221; olarak ilan edilmi\u015fti.<\/p>\n<p>                            <span class=\"detay-foto-editor\">&#13;<br \/>\n                                <a href=\"https:\/\/www.aa.com.tr\/tr\/p\/abonelik-talep-formu\/1001\" target=\"_blank\" style=\"font-size:12px; color:#444; text-decoration:none;\" rel=\"noopener\">&#13;<br \/>\n                                    Anadolu Ajans\u0131 web sitesinde, AA Haber Ak\u0131\u015f Sistemi (HAS) \u00fczerinden abonelere sunulan haberler, \u00f6zetlenerek yay\u0131mlanmaktad\u0131r. <b style=\"color:#1897F7\">Abonelik i\u00e7in l\u00fctfen ileti\u015fime ge\u00e7iniz.<\/b>&#13;<br \/>\n                                <\/a>&#13;<br \/>\n                            <\/span>\n                        <\/div>\n<p><script>\n\t  window.fbAsyncInit = function() {\n\t\tFB.init({\n\t\t  appId: '1855843514662870',\n\t\t  status : true, \/\/ check login status\n\t\t  cookie : true, \/\/ enable cookies to allow the server to access the session\n\t\t  xfbml  : true  \/\/ parse XFBML\n\t\t});\n\t  };<\/p>\n<p>\t  (function() {\n\t\tvar e = document.createElement('script');\n\t\te.src=\"https:\/\/connect.facebook.net\/tr_TR\/all.js\";\n\t\te.async = true;\n\t\tdocument.getElementById('fb-root').appendChild(e);\n\t  }());\n    <\/script><\/p>\n","protected":false},"excerpt":{"rendered":"<p>D\u00fcnya Sa\u011fl\u0131k \u00d6rg\u00fct\u00fc (DS\u00d6) Genel Direkt\u00f6r\u00fc Tedros Adhanom Ghebreyesus, X sosyal medya platformundan, a\u015f\u0131lar\u0131n KDC&#8217;ye ula\u015ft\u0131r\u0131lmas\u0131na ili\u015fkin payla\u015f\u0131mda bulundu. KDC&#8217;ye 99 bin a\u015f\u0131n\u0131n ula\u015ft\u0131r\u0131ld\u0131\u011f\u0131n\u0131 ve bunun &#8220;\u00e7ok iyi bir geli\u015fme&#8221; oldu\u011funu kaydeden Ghebreyesus, &#8220;Bu hafta sonu 101 bin ilave doz a\u015f\u0131n\u0131n daha KDC&#8217;ye teslim edilmesi bekleniyor.&#8221; ifadelerini kulland\u0131. Ghebreyesus, DS\u00d6 ve ortaklar\u0131n\u0131n, KDC h\u00fck\u00fcmetinin vaka [&hellip;]<\/p>\n","protected":false},"author":1,"featured_media":27948,"comment_status":"","ping_status":"","sticky":false,"template":"","format":"standard","meta":[],"categories":[46],"tags":[],"_links":{"self":[{"href":"https:\/\/kraios.app\/news\/wp-json\/wp\/v2\/posts\/27947"}],"collection":[{"href":"https:\/\/kraios.app\/news\/wp-json\/wp\/v2\/posts"}],"about":[{"href":"https:\/\/kraios.app\/news\/wp-json\/wp\/v2\/types\/post"}],"author":[{"embeddable":true,"href":"https:\/\/kraios.app\/news\/wp-json\/wp\/v2\/users\/1"}],"replies":[{"embeddable":true,"href":"https:\/\/kraios.app\/news\/wp-json\/wp\/v2\/comments?post=27947"}],"version-history":[{"count":0,"href":"https:\/\/kraios.app\/news\/wp-json\/wp\/v2\/posts\/27947\/revisions"}],"wp:featuredmedia":[{"embeddable":true,"href":"https:\/\/kraios.app\/news\/wp-json\/wp\/v2\/media\/27948"}],"wp:attachment":[{"href":"https:\/\/kraios.app\/news\/wp-json\/wp\/v2\/media?parent=27947"}],"wp:term":[{"taxonomy":"category","embeddable":true,"href":"https:\/\/kraios.app\/news\/wp-json\/wp\/v2\/categories?post=27947"},{"taxonomy":"post_tag","embeddable":true,"href":"https:\/\/kraios.app\/news\/wp-json\/wp\/v2\/tags?post=27947"}],"curies":[{"name":"wp","href":"https:\/\/api.w.org\/{rel}","templated":true}]}}