{"id":27945,"date":"2024-09-05T15:01:01","date_gmt":"2024-09-05T15:01:01","guid":{"rendered":"https:\/\/kraios.app\/news\/saglik\/2024\/09\/05\/kastamonu-saglikli-hayat-merkezinde-8-ayda-14-bin-kisiye-hizmet-verildi\/"},"modified":"2024-09-05T15:01:01","modified_gmt":"2024-09-05T15:01:01","slug":"kastamonu-saglikli-hayat-merkezinde-8-ayda-14-bin-kisiye-hizmet-verildi","status":"publish","type":"post","link":"https:\/\/kraios.app\/news\/saglik\/2024\/09\/05\/kastamonu-saglikli-hayat-merkezinde-8-ayda-14-bin-kisiye-hizmet-verildi\/","title":{"rendered":"Kastamonu Sa\u011fl\u0131kl\u0131 Hayat Merkezinde 8 ayda 14 bin ki\u015fiye hizmet verildi"},"content":{"rendered":"<p><\/p>\n<div>\n<p>\u0130l Sa\u011fl\u0131k M\u00fcd\u00fcrl\u00fc\u011f\u00fc Halk Sa\u011fl\u0131\u011f\u0131 Hizmetleri Ba\u015fkan Yard\u0131mc\u0131s\u0131 Dr. Emire Er, gazetecilere, sa\u011fl\u0131kl\u0131 hayat merkezlerinde birinci basamak sa\u011fl\u0131k hizmeti verildi\u011fini s\u00f6yledi.<\/p>\n<p>Merkezlerin toplumu sa\u011fl\u0131kl\u0131 ya\u015fama te\u015fvik etmek amac\u0131yla kuruldu\u011funa i\u015faret eden Er, &#8220;Amac\u0131m\u0131z, vatanda\u015flar hastal\u0131\u011fa yakalanmadan sa\u011fl\u0131klar\u0131n\u0131 korumay\u0131 \u00f6\u011fretmek. Sa\u011fl\u0131kl\u0131 hayat merkezimizin b\u00fcnyesinde KETEM, ana \u00e7ocuk sa\u011fl\u0131\u011f\u0131 ile a\u011f\u0131z di\u015f sa\u011fl\u0131\u011f\u0131 merkezi, fizyoterapist, diyetisyen, sosyal \u00e7al\u0131\u015fmac\u0131, psikolog, \u00e7ocuk geli\u015fimci, \u00e7ocuk ergen dan\u0131\u015fman\u0131 aktif olarak hizmet vermekte.&#8221; dedi.<\/p>\n<p>Sa\u011fl\u0131kl\u0131 hayat merkezlerinin slogan\u0131n\u0131n, &#8220;Hastal\u0131\u011fa de\u011fil, sa\u011fl\u0131\u011fa yat\u0131r\u0131m yapmak&#8221; oldu\u011funu anlatan Er, randevu sistemiyle \u00e7al\u0131\u015ft\u0131klar\u0131n\u0131, vatanda\u015flar\u0131n &#8220;0366 212 49 00&#8243;\u0131 arayarak randevu alabileceklerini belirtti.<\/p>\n<p><img decoding=\"async\" alt=\"\" src=\"https:\/\/www.aa.com.tr\/uploads\/userFiles\/a54ea27f-6036-4f79-88c6-6bc9ba19a35d\/07%2F18%2F06%2FAA-35570864.jpg\"\/><\/p>\n<p>Sa\u011fl\u0131kl\u0131 hayat merkezi b\u00fcnyesinde KETEM birimi de bulundu\u011funu dile getiren Er, \u015f\u00f6yle devam etti:<\/p>\n<p>&#8220;Kanser \u00e7a\u011f\u0131m\u0131z\u0131n hastal\u0131\u011f\u0131 haline geldi ve erken te\u015fhis \u00e7ok \u00f6nemli. Kanser belirtisi varsa bunlar\u0131 erken evrede tespit ediyoruz. Vatanda\u015flar\u0131m\u0131z 30-65 ya\u015f aras\u0131nda rahim a\u011fz\u0131, 40-69 ya\u015f aras\u0131nda meme kanseri, 50-70 ya\u015f aras\u0131nda hem kad\u0131n hem erkekler kolon kanseri taramas\u0131 yapt\u0131rabilir. Burada verdi\u011fimiz as\u0131l hizmet, dan\u0131\u015fmanl\u0131k. &#8216;Nas\u0131l sa\u011fl\u0131kl\u0131 ya\u015fayabilirim&#8217;in dan\u0131\u015fmanl\u0131k hizmetini veriyoruz. E\u011fer ikinci basama\u011fa sevk etmemiz gerekirse gerekli g\u00f6r\u00fc\u015fmeleri yap\u0131p sevk ka\u011f\u0131d\u0131yla sevkini sa\u011fl\u0131yoruz.&#8221;<\/p>\n<p><img decoding=\"async\" alt=\"\" src=\"https:\/\/www.aa.com.tr\/uploads\/userFiles\/a54ea27f-6036-4f79-88c6-6bc9ba19a35d\/07%2F18%2F06%2FAA-35570858.jpg\"\/><\/p>\n<p>Kastamonu Sa\u011fl\u0131kl\u0131 Hayat Merkezinde y\u0131l\u0131n 8 ay\u0131nda verdikleri hizmetlerden bahseden Er, &#8220;KETEM birimimizde 5 bin 980, \u00fcreme sa\u011fl\u0131\u011f\u0131 biriminde 1160, diyetisyenlik biriminde 3 bin 568, fizyoterapist b\u00f6l\u00fcm\u00fcnde 1378, sosyal \u00e7al\u0131\u015fma hizmeti b\u00f6l\u00fcm\u00fcm\u00fczde 1144, psikolojik dan\u0131\u015fmanl\u0131k olarak da 1076 vatanda\u015f\u0131m\u0131za hizmet vermi\u015f bulunmaktay\u0131z. Amac\u0131m\u0131z bu say\u0131lar\u0131m\u0131z\u0131 art\u0131rmak ve vatanda\u015flar\u0131m\u0131za sa\u011fl\u0131kl\u0131 ya\u015famay\u0131 daha fazla \u00f6\u011fretebilmek.&#8221; diye konu\u015ftu.<\/p>\n<h3>10 ayda 24 kilo verdi<\/h3>\n<p>Sa\u011fl\u0131kl\u0131 Hayat Merkezinden destek alarak 10 ayda 24 kilo veren 44 ya\u015f\u0131ndaki Sebahat Kurum ise ya\u015fad\u0131\u011f\u0131 rahats\u0131zl\u0131k sonucu aile hekiminin \u00f6nerisiyle Sa\u011fl\u0131kl\u0131 Hayat Merkezine geldi\u011fini s\u00f6yledi.<\/p>\n<p>Rahats\u0131zl\u0131\u011f\u0131n\u0131n fazla kilolar\u0131 nedeniyle olu\u015ftu\u011funa dikkati \u00e7eken Kurum, &#8220;Diyetisyen Tuba H\u0131z\u0131ro\u011flu ile tan\u0131\u015ft\u0131k. \u00c7ocukluktan beri kiloluydum ve zay\u0131flamak gibi bir niyetim yoktu. Tuba han\u0131m \u00e7ok g\u00fczel anlatt\u0131. 10 ayda 24 kilo verdim. Bacaklar\u0131m art\u0131k beni daha rahat ta\u015f\u0131yor. Hedefim 60 kiloya kadar d\u00fc\u015fmek ve onu koruyabilmek. \u015eu anda 70 kiloyum. \u0130stedi\u011fim k\u0131yafetin bedenini bulabiliyorum. En g\u00fczeli de bu.&#8221; ifadesini kulland\u0131.<\/p>\n<p><img decoding=\"async\" alt=\"\" src=\"https:\/\/www.aa.com.tr\/uploads\/userFiles\/a54ea27f-6036-4f79-88c6-6bc9ba19a35d\/07%2F18%2F06%2FAA-35570860.jpg\"\/><\/p>\n<p>Emekli \u00f6\u011fretmen Kamile Kader ise mamografi \u00e7ektirmek i\u00e7in Sa\u011fl\u0131kl\u0131 Hayat Merkezine geldi\u011fini dile getirerek, &#8220;Biraz kilom ve baz\u0131 hastal\u0131klar\u0131m vard\u0131. Tuba han\u0131m, beni fizyoterapist Aybuke \u00d6zmen&#8217;e y\u00f6nlendirdi. Buraya geldi\u011fim 3 ayl\u0131k d\u00f6nemde kendimi \u00e7ok iyi hissettim. Hareketleri evde yapabilece\u011fimiz \u015fekilde, ya\u015f\u0131m\u0131za ve rahats\u0131zl\u0131\u011f\u0131m\u0131za uygun olarak yapt\u0131r\u0131yorlar.&#8221; dedi.<\/p>\n<p>                            <span class=\"detay-foto-editor\">&#13;<br \/>\n                                <a href=\"https:\/\/www.aa.com.tr\/tr\/p\/abonelik-talep-formu\/1001\" target=\"_blank\" style=\"font-size:12px; color:#444; text-decoration:none;\" rel=\"noopener\">&#13;<br \/>\n                                    Anadolu Ajans\u0131 web sitesinde, AA Haber Ak\u0131\u015f Sistemi (HAS) \u00fczerinden abonelere sunulan haberler, \u00f6zetlenerek yay\u0131mlanmaktad\u0131r. <b style=\"color:#1897F7\">Abonelik i\u00e7in l\u00fctfen ileti\u015fime ge\u00e7iniz.<\/b>&#13;<br \/>\n                                <\/a>&#13;<br \/>\n                            <\/span>\n                        <\/div>\n<p><script>\n\t  window.fbAsyncInit = function() {\n\t\tFB.init({\n\t\t  appId: '1855843514662870',\n\t\t  status : true, \/\/ check login status\n\t\t  cookie : true, \/\/ enable cookies to allow the server to access the session\n\t\t  xfbml  : true  \/\/ parse XFBML\n\t\t});\n\t  };<\/p>\n<p>\t  (function() {\n\t\tvar e = document.createElement('script');\n\t\te.src=\"https:\/\/connect.facebook.net\/tr_TR\/all.js\";\n\t\te.async = true;\n\t\tdocument.getElementById('fb-root').appendChild(e);\n\t  }());\n    <\/script><\/p>\n","protected":false},"excerpt":{"rendered":"<p>\u0130l Sa\u011fl\u0131k M\u00fcd\u00fcrl\u00fc\u011f\u00fc Halk Sa\u011fl\u0131\u011f\u0131 Hizmetleri Ba\u015fkan Yard\u0131mc\u0131s\u0131 Dr. Emire Er, gazetecilere, sa\u011fl\u0131kl\u0131 hayat merkezlerinde birinci basamak sa\u011fl\u0131k hizmeti verildi\u011fini s\u00f6yledi. Merkezlerin toplumu sa\u011fl\u0131kl\u0131 ya\u015fama te\u015fvik etmek amac\u0131yla kuruldu\u011funa i\u015faret eden Er, &#8220;Amac\u0131m\u0131z, vatanda\u015flar hastal\u0131\u011fa yakalanmadan sa\u011fl\u0131klar\u0131n\u0131 korumay\u0131 \u00f6\u011fretmek. Sa\u011fl\u0131kl\u0131 hayat merkezimizin b\u00fcnyesinde KETEM, ana \u00e7ocuk sa\u011fl\u0131\u011f\u0131 ile a\u011f\u0131z di\u015f sa\u011fl\u0131\u011f\u0131 merkezi, fizyoterapist, diyetisyen, sosyal [&hellip;]<\/p>\n","protected":false},"author":1,"featured_media":27946,"comment_status":"","ping_status":"","sticky":false,"template":"","format":"standard","meta":[],"categories":[46],"tags":[],"_links":{"self":[{"href":"https:\/\/kraios.app\/news\/wp-json\/wp\/v2\/posts\/27945"}],"collection":[{"href":"https:\/\/kraios.app\/news\/wp-json\/wp\/v2\/posts"}],"about":[{"href":"https:\/\/kraios.app\/news\/wp-json\/wp\/v2\/types\/post"}],"author":[{"embeddable":true,"href":"https:\/\/kraios.app\/news\/wp-json\/wp\/v2\/users\/1"}],"replies":[{"embeddable":true,"href":"https:\/\/kraios.app\/news\/wp-json\/wp\/v2\/comments?post=27945"}],"version-history":[{"count":0,"href":"https:\/\/kraios.app\/news\/wp-json\/wp\/v2\/posts\/27945\/revisions"}],"wp:featuredmedia":[{"embeddable":true,"href":"https:\/\/kraios.app\/news\/wp-json\/wp\/v2\/media\/27946"}],"wp:attachment":[{"href":"https:\/\/kraios.app\/news\/wp-json\/wp\/v2\/media?parent=27945"}],"wp:term":[{"taxonomy":"category","embeddable":true,"href":"https:\/\/kraios.app\/news\/wp-json\/wp\/v2\/categories?post=27945"},{"taxonomy":"post_tag","embeddable":true,"href":"https:\/\/kraios.app\/news\/wp-json\/wp\/v2\/tags?post=27945"}],"curies":[{"name":"wp","href":"https:\/\/api.w.org\/{rel}","templated":true}]}}