{"id":27935,"date":"2024-09-03T12:30:14","date_gmt":"2024-09-03T12:30:14","guid":{"rendered":"https:\/\/kraios.app\/news\/saglik\/2024\/09\/03\/turkiyede-yilin-ilk-yarisinda-45-milyon-ucretsiz-kanser-taramasi-yapildi\/"},"modified":"2024-09-03T12:30:14","modified_gmt":"2024-09-03T12:30:14","slug":"turkiyede-yilin-ilk-yarisinda-45-milyon-ucretsiz-kanser-taramasi-yapildi","status":"publish","type":"post","link":"https:\/\/kraios.app\/news\/saglik\/2024\/09\/03\/turkiyede-yilin-ilk-yarisinda-45-milyon-ucretsiz-kanser-taramasi-yapildi\/","title":{"rendered":"T\u00fcrkiye&#8217;de y\u0131l\u0131n ilk yar\u0131s\u0131nda 4,5 milyon \u00fccretsiz kanser taramas\u0131 yap\u0131ld\u0131"},"content":{"rendered":"<p><\/p>\n<div>\n<p>Sa\u011fl\u0131k Bakanl\u0131\u011f\u0131ndan ana temas\u0131 &#8220;Sa\u011fl\u0131\u011f\u0131n\u0131 Erteleme, Harekete Ge\u00e7&#8221; olarak belirlenen 3-9 Eyl\u00fcl Halk Sa\u011fl\u0131\u011f\u0131 Haftas\u0131 kapsam\u0131nda yap\u0131lan a\u00e7\u0131klamada, kanser taramalar\u0131n\u0131n \u00f6nemine ili\u015fkin bilgiler payla\u015f\u0131ld\u0131.<\/p>\n<p>Hafta \u00e7er\u00e7evesinde halk sa\u011fl\u0131\u011f\u0131 konular\u0131nda toplumu bilgilendirmeye ve toplumun fark\u0131ndal\u0131\u011f\u0131n\u0131 art\u0131rmaya y\u00f6nelik \u00e7al\u0131\u015fmalar\u0131n y\u00fcr\u00fct\u00fcld\u00fc\u011f\u00fcne i\u015faret edilen a\u00e7\u0131klamada, kansere y\u00f6nelik &#8220;Fark\u0131nda Ol, Taraman\u0131 Yapt\u0131r, Kanseri Engelle&#8221; ana konu ba\u015fl\u0131\u011f\u0131n\u0131n da belirlendi\u011fi aktar\u0131ld\u0131.<\/p>\n<p>Kanserin \u00f6nlenebilir, erken te\u015fhis edilebilir, tedavi edilebilir bir hastal\u0131k oldu\u011fu, v\u00fccutta ola\u011fan d\u0131\u015f\u0131 belirtiler fark edildi\u011finde mutlaka sa\u011fl\u0131k kurulu\u015funa ba\u015fvurulmas\u0131n\u0131n \u00f6nem ta\u015f\u0131d\u0131\u011f\u0131 vurgulanan a\u00e7\u0131klamada, kanser taramas\u0131n\u0131n kanserle m\u00fccadelede en etkili y\u00f6ntemlerin ba\u015f\u0131nda geldi\u011fine dikkat\u0130 \u00e7ekildi.<\/p>\n<p>A\u00e7\u0131klamada, T\u00fcrkiye&#8217;de Ulusal Kanser Tarama Program\u0131 kapsam\u0131nda Kanser Erken Te\u015fhis, Tarama ve E\u011fitim Merkezleri (KETEM), Toplum Sa\u011fl\u0131\u011f\u0131 Merkezleri, Sa\u011fl\u0131kl\u0131 Hayat Merkezleri, Aile Sa\u011fl\u0131\u011f\u0131 Merkezleri ve ayr\u0131ca mobil kanser tarama ara\u00e7lar\u0131n\u0131 i\u00e7ine alan birinci basamak sa\u011fl\u0131k kurulu\u015flar\u0131nda \u00fccretsiz meme kanseri, rahim a\u011fz\u0131 kanseri ve kal\u0131n ba\u011f\u0131rsak kanseri i\u00e7in taramalar yap\u0131ld\u0131\u011f\u0131 an\u0131msat\u0131ld\u0131.<\/p>\n<p>Bu \u00e7er\u00e7evede, 40-69 ya\u015f aras\u0131 kad\u0131nlara 2 y\u0131lda bir meme kanseri, 30-65 ya\u015f aras\u0131 kad\u0131nlara 5 y\u0131lda bir rahim a\u011fz\u0131 kanseri, 50-70 ya\u015f aras\u0131 kad\u0131nlara ve erkeklere de 2 y\u0131lda bir kal\u0131n ba\u011f\u0131rsak kanseri taramas\u0131n\u0131n ger\u00e7ekle\u015ftirildi\u011fi belirtilen a\u00e7\u0131klamada, tarama sonras\u0131nda pozitif veya \u015f\u00fcpheli bulunan ki\u015filerin ileri tetkikler i\u00e7in ikinci, \u00fc\u00e7\u00fcnc\u00fc basamak sa\u011fl\u0131k kurulu\u015flar\u0131na y\u00f6nlendirildi\u011fi ifade edildi.<\/p>\n<p>T\u00fcrkiye&#8217;de a\u011fustos ay\u0131 itibar\u0131yla her ilde en az bir tane olmak \u00fczere 405 KETEM bulundu\u011fu, bunlardan 46&#8217;s\u0131n\u0131n mobil kanser tarama arac\u0131 olarak k\u0131rsal b\u00f6lgelere ve dezavantajl\u0131 gruplara tarama hizmeti ula\u015ft\u0131rd\u0131\u011f\u0131 aktar\u0131lan a\u00e7\u0131klamada, \u015funlar kaydedildi:<\/p>\n<p>&#8220;2023 y\u0131l\u0131nda T\u00fcrkiye genelinde 2,8 milyonu meme kanseri, 2,9 milyonu rahim a\u011fz\u0131 kanseri, 2 milyonu kal\u0131n ba\u011f\u0131rsak kanseri olmak \u00fczere toplam 7,7 milyon kanser taramas\u0131 yap\u0131lm\u0131\u015ft\u0131r. T\u00fcrkiye genelinde 2024&#8217;\u00fcn ilk 6 ay\u0131nda ise 4,5 milyon kanser taramas\u0131 yap\u0131lm\u0131\u015ft\u0131r. Bunlar\u0131n 1,6 milyonu meme kanseri, 1,7 milyonu rahim a\u011fz\u0131 kanseri ve 1,2 milyonu da kal\u0131n ba\u011f\u0131rsak kanseri taramalar\u0131d\u0131r.<\/p>\n<p>Sa\u011fl\u0131k Bakanl\u0131\u011f\u0131 Halk Sa\u011fl\u0131\u011f\u0131 Genel M\u00fcd\u00fcrl\u00fc\u011f\u00fc Kanser Dairesi Ba\u015fkanl\u0131\u011f\u0131 web sitesinden ki\u015fiye en uygun tarama program\u0131 bilgisine &#8216;Hangi Tarama Bana Uygun?&#8217; b\u00f6l\u00fcm\u00fcnden ve ki\u015fiye en yak\u0131n tarama merkezi bilgisine &#8216;KETEM Adresleri&#8217; b\u00f6l\u00fcm\u00fcnden ula\u015f\u0131labilir.&#8221;<\/p>\n<p>                            <span class=\"detay-foto-editor\">&#13;<br \/>\n                                <a href=\"https:\/\/www.aa.com.tr\/tr\/p\/abonelik-talep-formu\/1001\" target=\"_blank\" style=\"font-size:12px; color:#444; text-decoration:none;\" rel=\"noopener\">&#13;<br \/>\n                                    Anadolu Ajans\u0131 web sitesinde, AA Haber Ak\u0131\u015f Sistemi (HAS) \u00fczerinden abonelere sunulan haberler, \u00f6zetlenerek yay\u0131mlanmaktad\u0131r. <b style=\"color:#1897F7\">Abonelik i\u00e7in l\u00fctfen ileti\u015fime ge\u00e7iniz.<\/b>&#13;<br \/>\n                                <\/a>&#13;<br \/>\n                            <\/span>\n                        <\/div>\n<p><script>\n\t  window.fbAsyncInit = function() {\n\t\tFB.init({\n\t\t  appId: '1855843514662870',\n\t\t  status : true, \/\/ check login status\n\t\t  cookie : true, \/\/ enable cookies to allow the server to access the session\n\t\t  xfbml  : true  \/\/ parse XFBML\n\t\t});\n\t  };<\/p>\n<p>\t  (function() {\n\t\tvar e = document.createElement('script');\n\t\te.src=\"https:\/\/connect.facebook.net\/tr_TR\/all.js\";\n\t\te.async = true;\n\t\tdocument.getElementById('fb-root').appendChild(e);\n\t  }());\n    <\/script><\/p>\n","protected":false},"excerpt":{"rendered":"<p>Sa\u011fl\u0131k Bakanl\u0131\u011f\u0131ndan ana temas\u0131 &#8220;Sa\u011fl\u0131\u011f\u0131n\u0131 Erteleme, Harekete Ge\u00e7&#8221; olarak belirlenen 3-9 Eyl\u00fcl Halk Sa\u011fl\u0131\u011f\u0131 Haftas\u0131 kapsam\u0131nda yap\u0131lan a\u00e7\u0131klamada, kanser taramalar\u0131n\u0131n \u00f6nemine ili\u015fkin bilgiler payla\u015f\u0131ld\u0131. Hafta \u00e7er\u00e7evesinde halk sa\u011fl\u0131\u011f\u0131 konular\u0131nda toplumu bilgilendirmeye ve toplumun fark\u0131ndal\u0131\u011f\u0131n\u0131 art\u0131rmaya y\u00f6nelik \u00e7al\u0131\u015fmalar\u0131n y\u00fcr\u00fct\u00fcld\u00fc\u011f\u00fcne i\u015faret edilen a\u00e7\u0131klamada, kansere y\u00f6nelik &#8220;Fark\u0131nda Ol, Taraman\u0131 Yapt\u0131r, Kanseri Engelle&#8221; ana konu ba\u015fl\u0131\u011f\u0131n\u0131n da belirlendi\u011fi aktar\u0131ld\u0131. [&hellip;]<\/p>\n","protected":false},"author":1,"featured_media":27936,"comment_status":"","ping_status":"","sticky":false,"template":"","format":"standard","meta":[],"categories":[46],"tags":[],"_links":{"self":[{"href":"https:\/\/kraios.app\/news\/wp-json\/wp\/v2\/posts\/27935"}],"collection":[{"href":"https:\/\/kraios.app\/news\/wp-json\/wp\/v2\/posts"}],"about":[{"href":"https:\/\/kraios.app\/news\/wp-json\/wp\/v2\/types\/post"}],"author":[{"embeddable":true,"href":"https:\/\/kraios.app\/news\/wp-json\/wp\/v2\/users\/1"}],"replies":[{"embeddable":true,"href":"https:\/\/kraios.app\/news\/wp-json\/wp\/v2\/comments?post=27935"}],"version-history":[{"count":0,"href":"https:\/\/kraios.app\/news\/wp-json\/wp\/v2\/posts\/27935\/revisions"}],"wp:featuredmedia":[{"embeddable":true,"href":"https:\/\/kraios.app\/news\/wp-json\/wp\/v2\/media\/27936"}],"wp:attachment":[{"href":"https:\/\/kraios.app\/news\/wp-json\/wp\/v2\/media?parent=27935"}],"wp:term":[{"taxonomy":"category","embeddable":true,"href":"https:\/\/kraios.app\/news\/wp-json\/wp\/v2\/categories?post=27935"},{"taxonomy":"post_tag","embeddable":true,"href":"https:\/\/kraios.app\/news\/wp-json\/wp\/v2\/tags?post=27935"}],"curies":[{"name":"wp","href":"https:\/\/api.w.org\/{rel}","templated":true}]}}