{"id":27933,"date":"2024-09-03T09:53:17","date_gmt":"2024-09-03T09:53:17","guid":{"rendered":"https:\/\/kraios.app\/news\/saglik\/2024\/09\/03\/otizmli-enver-taha-saglikli-hayat-merkezinde-47-kilo-verdi\/"},"modified":"2024-09-03T09:53:17","modified_gmt":"2024-09-03T09:53:17","slug":"otizmli-enver-taha-saglikli-hayat-merkezinde-47-kilo-verdi","status":"publish","type":"post","link":"https:\/\/kraios.app\/news\/saglik\/2024\/09\/03\/otizmli-enver-taha-saglikli-hayat-merkezinde-47-kilo-verdi\/","title":{"rendered":"Otizmli Enver Taha Sa\u011fl\u0131kl\u0131 Hayat Merkezi&#8217;nde 47 kilo verdi"},"content":{"rendered":"<p><\/p>\n<div>\n<p>Anne Fatma Tarhan, hen\u00fcz 1,5 ya\u015f\u0131nda otizmli oldu\u011funu fark etti\u011fi o\u011flu Enver Taha&#8217;n\u0131n Ankara&#8217;da e\u011fitim almas\u0131n\u0131 sa\u011flad\u0131.<\/p>\n<p>Sel\u00e7uk \u00dcniversitesi Teknik Bilimler Meslek Y\u00fcksekokulu Bas\u0131n Yay\u0131n B\u00f6l\u00fcm\u00fc&#8217;n\u00fc bitiren, Anadolu \u00dcniversitesi Sosyal Hizmetler B\u00f6l\u00fcm\u00fc&#8217;ne devam eden Enver Taha, 153 kiloya ula\u015f\u0131nca y\u00fcksek tansiyon gibi \u00e7e\u015fitli sa\u011fl\u0131k problemleri ya\u015famaya ba\u015flad\u0131.<\/p>\n<p>Anne Fatma Tarhan, yakla\u015f\u0131k 1,5 y\u0131l \u00f6nce bir arkada\u015f\u0131n\u0131n tavsiyesiyle haberdar oldu\u011fu Sa\u011fl\u0131kl\u0131 Hayat Merkezi&#8217;ne o\u011flu i\u00e7in ba\u015fvurdu. Enver Taha, merkezdeki uzman diyetisyenin deste\u011fiyle yakla\u015f\u0131k 47 kilo verdi.<\/p>\n<p><img decoding=\"async\" alt=\"\" src=\"https:\/\/www.aa.com.tr\/uploads\/userFiles\/a54ea27f-6036-4f79-88c6-6bc9ba19a35d\/07%2F18%2F07%2FAA-35551825.jpg\"\/><\/p>\n<h3>&#8220;Kendimi mutlu hissediyorum&#8221;<\/h3>\n<p>Anne Fatma Tarhan, AA muhabirine, Enver Taha&#8217;n\u0131n e\u011fitimi i\u00e7in \u00e7ok \u00e7abalad\u0131\u011f\u0131n\u0131 anlatt\u0131.<\/p>\n<p>E\u011fitimine devam eden o\u011flunun her t\u00fcrl\u00fc ev i\u015fini de yapt\u0131\u011f\u0131n\u0131 belirten Tarhan, o\u011flunun \u00e7ok uyumlu bir insan oldu\u011funu s\u00f6yledi.<\/p>\n<p>Tarhan, 153 kilo olmas\u0131 nedeniyle kan bas\u0131nc\u0131 y\u00fckselen ve \u00e7e\u015fitli sa\u011fl\u0131k sorunlar\u0131 ya\u015fayan Enver Taha&#8217;n\u0131n risk grubunda oldu\u011funu \u00f6\u011frenmesiyle yakla\u015f\u0131k 1,5 y\u0131l \u00f6nce diyetisyen aray\u0131\u015f\u0131na girdi\u011fini belirtti.<\/p>\n<p>\u00c7ocu\u011fu otizmli olan bir hem\u015fire arkada\u015f\u0131n\u0131n \u00f6nerisiyle Sa\u011fl\u0131kl\u0131 Hayat Merkezi&#8217;ne ba\u015fvurdu\u011funu ifade eden Tarhan, &#8220;O\u011flumla uyum i\u00e7inde olmak i\u00e7in ben de ba\u015fvurdum. \u0130kimiz de y\u00fczmeye ba\u015flad\u0131k. Taha fitness de yapt\u0131. Ben arada bir ka\u00e7amak yap\u0131yordum. Diyeti bozaca\u011f\u0131m zaman beni uyard\u0131, elimden ald\u0131. Kendisi asla diyetini bozmad\u0131. Taha \u00e7ok kilo verdi.&#8221; diye konu\u015ftu.<\/p>\n<p>Enver Taha da 153 kilo oldu\u011fu d\u00f6nemde uyuyamad\u0131\u011f\u0131n\u0131, y\u00fcr\u00fcyemedi\u011fini ifade ederek, &#8220;Kendimi mutlu hissediyorum. Annem diyetini bozacakt\u0131. Karpuzu, \u00e7erezi \u00e7ok yiyordu. Yakalay\u0131nca, &#8216;Olmaz, yememelisin.&#8217; dedim.&#8221; ifadesini kulland\u0131.<\/p>\n<p><img decoding=\"async\" alt=\"\" src=\"https:\/\/www.aa.com.tr\/uploads\/userFiles\/a54ea27f-6036-4f79-88c6-6bc9ba19a35d\/07%2F18%2F07%2FAA-35551828.jpg\"\/><\/p>\n<h3>&#8220;Gitmesi gereken 20 kilo daha var&#8221;<\/h3>\n<p>Sel\u00e7uklu 1 Nolu Sa\u011fl\u0131kl\u0131 Hayat Merkezi&#8217;nde g\u00f6revli diyetisyen Ay\u015fe Demiro\u011flu, merkezde fiziksel aktivite, a\u011f\u0131z ve di\u015f sa\u011fl\u0131\u011f\u0131, enjeksiyon-pansuman hizmetleri, kad\u0131n ve \u00fcreme sa\u011fl\u0131\u011f\u0131, kanserin erken te\u015fhisi ve taramas\u0131, enfeksiyon hastal\u0131klar\u0131 ile sigaray\u0131 b\u0131rakma, psikososyal ve beslenme dan\u0131\u015fmanl\u0131\u011f\u0131 gibi hizmetler verildi\u011fini hat\u0131rlatt\u0131.<\/p>\n<p>Demiro\u011flu, Enver Taha ile ileti\u015fimlerinin \u00e7ok iyi oldu\u011funu vurgulayarak, \u015funlar\u0131 kaydetti:<\/p>\n<p>&#8220;Annesi Fatma han\u0131m \u00e7ok ilgili. Taha da sorumluluklar\u0131n\u0131n \u00e7ok fark\u0131nda. Her g\u00f6r\u00fc\u015fmede belli bir kilo kayb\u0131 oldu. Bu kilo kayb\u0131n\u0131 g\u00f6r\u00fcnce iki taraf\u0131n da motivasyonu artt\u0131. Taha, 2022&#8217;nin Kas\u0131m ay\u0131nda 153 kilodan ba\u015fvurdu. Yakla\u015f\u0131k 1,5 y\u0131lda 47 kilo verdi. Gitmesi gereken 20 kilo daha var. Taha geldi\u011finde ins\u00fclin direnci ve \u00fcrik asit de\u011ferlerinde de y\u00fckseklik vard\u0131. \u015eu an bu de\u011ferlerin b\u00fcy\u00fck bir k\u0131sm\u0131n\u0131 iyi bir noktaya getirdik. Taha bunu bedenen de fark etmeye ba\u015flad\u0131. Annesi de dan\u0131\u015fan\u0131m, o da 15 kilo verdi. Birbirlerini destekliyorlar.&#8221;<\/p>\n<p>                            <span class=\"detay-foto-editor\">&#13;<br \/>\n                                <a href=\"https:\/\/www.aa.com.tr\/tr\/p\/abonelik-talep-formu\/1001\" target=\"_blank\" style=\"font-size:12px; color:#444; text-decoration:none;\" rel=\"noopener\">&#13;<br \/>\n                                    Anadolu Ajans\u0131 web sitesinde, AA Haber Ak\u0131\u015f Sistemi (HAS) \u00fczerinden abonelere sunulan haberler, \u00f6zetlenerek yay\u0131mlanmaktad\u0131r. <b style=\"color:#1897F7\">Abonelik i\u00e7in l\u00fctfen ileti\u015fime ge\u00e7iniz.<\/b>&#13;<br \/>\n                                <\/a>&#13;<br \/>\n                            <\/span>\n                        <\/div>\n<p><script>\n\t  window.fbAsyncInit = function() {\n\t\tFB.init({\n\t\t  appId: '1855843514662870',\n\t\t  status : true, \/\/ check login status\n\t\t  cookie : true, \/\/ enable cookies to allow the server to access the session\n\t\t  xfbml  : true  \/\/ parse XFBML\n\t\t});\n\t  };<\/p>\n<p>\t  (function() {\n\t\tvar e = document.createElement('script');\n\t\te.src=\"https:\/\/connect.facebook.net\/tr_TR\/all.js\";\n\t\te.async = true;\n\t\tdocument.getElementById('fb-root').appendChild(e);\n\t  }());\n    <\/script><\/p>\n","protected":false},"excerpt":{"rendered":"<p>Anne Fatma Tarhan, hen\u00fcz 1,5 ya\u015f\u0131nda otizmli oldu\u011funu fark etti\u011fi o\u011flu Enver Taha&#8217;n\u0131n Ankara&#8217;da e\u011fitim almas\u0131n\u0131 sa\u011flad\u0131. Sel\u00e7uk \u00dcniversitesi Teknik Bilimler Meslek Y\u00fcksekokulu Bas\u0131n Yay\u0131n B\u00f6l\u00fcm\u00fc&#8217;n\u00fc bitiren, Anadolu \u00dcniversitesi Sosyal Hizmetler B\u00f6l\u00fcm\u00fc&#8217;ne devam eden Enver Taha, 153 kiloya ula\u015f\u0131nca y\u00fcksek tansiyon gibi \u00e7e\u015fitli sa\u011fl\u0131k problemleri ya\u015famaya ba\u015flad\u0131. Anne Fatma Tarhan, yakla\u015f\u0131k 1,5 y\u0131l \u00f6nce bir [&hellip;]<\/p>\n","protected":false},"author":1,"featured_media":27934,"comment_status":"","ping_status":"","sticky":false,"template":"","format":"standard","meta":[],"categories":[46],"tags":[],"_links":{"self":[{"href":"https:\/\/kraios.app\/news\/wp-json\/wp\/v2\/posts\/27933"}],"collection":[{"href":"https:\/\/kraios.app\/news\/wp-json\/wp\/v2\/posts"}],"about":[{"href":"https:\/\/kraios.app\/news\/wp-json\/wp\/v2\/types\/post"}],"author":[{"embeddable":true,"href":"https:\/\/kraios.app\/news\/wp-json\/wp\/v2\/users\/1"}],"replies":[{"embeddable":true,"href":"https:\/\/kraios.app\/news\/wp-json\/wp\/v2\/comments?post=27933"}],"version-history":[{"count":0,"href":"https:\/\/kraios.app\/news\/wp-json\/wp\/v2\/posts\/27933\/revisions"}],"wp:featuredmedia":[{"embeddable":true,"href":"https:\/\/kraios.app\/news\/wp-json\/wp\/v2\/media\/27934"}],"wp:attachment":[{"href":"https:\/\/kraios.app\/news\/wp-json\/wp\/v2\/media?parent=27933"}],"wp:term":[{"taxonomy":"category","embeddable":true,"href":"https:\/\/kraios.app\/news\/wp-json\/wp\/v2\/categories?post=27933"},{"taxonomy":"post_tag","embeddable":true,"href":"https:\/\/kraios.app\/news\/wp-json\/wp\/v2\/tags?post=27933"}],"curies":[{"name":"wp","href":"https:\/\/api.w.org\/{rel}","templated":true}]}}