{"id":27927,"date":"2024-09-02T13:24:36","date_gmt":"2024-09-02T13:24:36","guid":{"rendered":"https:\/\/kraios.app\/news\/saglik\/2024\/09\/02\/anne-adaylari-gebe-bilgilendirme-gunleri-ile-saglikli-bir-hamilelik-sureci-geciriyor\/"},"modified":"2024-09-02T13:24:36","modified_gmt":"2024-09-02T13:24:36","slug":"anne-adaylari-gebe-bilgilendirme-gunleri-ile-saglikli-bir-hamilelik-sureci-geciriyor","status":"publish","type":"post","link":"https:\/\/kraios.app\/news\/saglik\/2024\/09\/02\/anne-adaylari-gebe-bilgilendirme-gunleri-ile-saglikli-bir-hamilelik-sureci-geciriyor\/","title":{"rendered":"Anne adaylar\u0131, &#8220;Gebe Bilgilendirme G\u00fcnleri&#8221; ile sa\u011fl\u0131kl\u0131 bir hamilelik s\u00fcreci ge\u00e7iriyor"},"content":{"rendered":"<p><\/p>\n<div>\n<p>Karaman Merkez Toplum Sa\u011fl\u0131\u011f\u0131 Merkezi taraf\u0131ndan alan\u0131nda uzman doktor, diyetisyen, psikolog, fizyoterapist ve ebeler taraf\u0131ndan verilen e\u011fitimlerde anne adaylar\u0131, hamilelikte kar\u015f\u0131la\u015f\u0131lacak sorunlar, gebelikte beslenme, ila\u00e7 kullan\u0131m\u0131, bebek bak\u0131m\u0131, lohusal\u0131k d\u00f6nemindeki ruhsal durum gibi pek \u00e7ok konuda e\u011fitiliyor.<\/p>\n<p>Toplum Sa\u011fl\u0131\u011f\u0131 Merkezi Ba\u015fkan\u0131 Emre Ta\u015fc\u0131, kad\u0131n hastal\u0131klar\u0131 ve do\u011fum polikliniklerinin hasta y\u00fck\u00fcn\u00fc hafifletmek ve anne adaylar\u0131n\u0131n daha sa\u011fl\u0131kl\u0131 bir gebelik ge\u00e7irmesi i\u00e7in e\u011fitim d\u00fczenlediklerini s\u00f6yledi.<\/p>\n<p><img decoding=\"async\" alt=\"\" src=\"https:\/\/www.aa.com.tr\/uploads\/userFiles\/a54ea27f-6036-4f79-88c6-6bc9ba19a35d\/07%2F18%2F07%2FAA-35546071.jpg\"\/><\/p>\n<p>E\u011fitimlerin gebelerin daha verimli ve ayr\u0131nt\u0131l\u0131 bilgiye ula\u015fmalar\u0131 i\u00e7in d\u00fczenlendi\u011fini belirten Ta\u015fc\u0131, &#8220;Gebeli\u011fin \u00fc\u00e7 evresi bulunuyor. Her evreye uyumlu e\u011fitim programlar\u0131 d\u00fczenliyoruz. Birinci evrede kad\u0131n do\u011fum uzman\u0131 ve diyetisyenlerce beslenme, ek takviyeler ve ka\u00e7\u0131n\u0131lmas\u0131 gereken g\u0131dalardan bahsediliyor. \u0130kinci evrede fizyoterapistlerce ka\u00e7\u0131n\u0131lmas\u0131 gereken hareketler ve do\u011fru egzersiz y\u00f6ntemleri g\u00f6steriliyor. \u00dc\u00e7\u00fcnc\u00fc evrede do\u011fum ve do\u011fum sonras\u0131 ya\u015fanabilecek durumlardan bahsediliyor. Gebelik sonras\u0131 s\u00fcrecin psikolojik y\u00fck\u00fcn\u00fcn hafifletilmesi i\u00e7in de kad\u0131n hastal\u0131klar\u0131 ve do\u011fum uzman\u0131, e\u011fitici ebeler ve psikologlardan destek al\u0131yoruz.&#8221; diye konu\u015ftu.<\/p>\n<p>Kad\u0131n Hastal\u0131klar\u0131 ve Do\u011fum Uzman\u0131 Dr. \u00d6\u011fretim \u00dcyesi \u00d6zlem D\u00fclger de gebelere \u015feker taramalar\u0131, perinatoloji (y\u00fcksek riskli gebelik), gebelikte ila\u00e7 ve medikal tedaviler konusunda e\u011fitimler verdi\u011fini s\u00f6yledi.<\/p>\n<p><img decoding=\"async\" alt=\"\" src=\"https:\/\/www.aa.com.tr\/uploads\/userFiles\/a54ea27f-6036-4f79-88c6-6bc9ba19a35d\/07%2F18%2F07%2FAA-35546073.jpg\"\/><\/p>\n<p>Sosyal medya kaynakl\u0131 yanl\u0131\u015f uygulamalar\u0131n g\u00fcn\u00fcm\u00fczde b\u00fcy\u00fck risk olu\u015fturdu\u011funu aktaran D\u00fclger, \u015funlar kaydetti:<\/p>\n<p>&#8220;Bu durumun sebebi yanl\u0131\u015f bilgi, bilgi eksikli\u011fi ve medyan\u0131n etkisi. Maalesef polikliniklerde bu t\u00fcr hastalara rastl\u0131yoruz. \u00d6ncelikle hekime dan\u0131\u015fmak gerekiyor. \u00d6rne\u011fin halk aras\u0131nda \u015feker y\u00fcklemesiyle ilgili yanl\u0131\u015f bilgiler mevcut. Bu konuda gebelerimizi uyarmak istiyoruz. Gebelikte g\u00f6r\u00fcnen \u015fekerin hem anne a\u00e7\u0131s\u0131ndan hem yenido\u011fan a\u00e7\u0131s\u0131ndan olduk\u00e7a \u00f6nemi var. Sunum sonras\u0131 kar\u015f\u0131l\u0131kl\u0131 soru cevap \u015feklinde de kafalar\u0131na tak\u0131lan sorular\u0131 cevapl\u0131yoruz. E\u011fitimlerin \u00e7ok verimli oldu\u011funu d\u00fc\u015f\u00fcn\u00fcyorum.&#8221;<\/p>\n<p><img decoding=\"async\" alt=\"\" src=\"https:\/\/www.aa.com.tr\/uploads\/userFiles\/a54ea27f-6036-4f79-88c6-6bc9ba19a35d\/07%2F18%2F07%2FAA-35546074.jpg\"\/><\/p>\n<h3>&#8220;Bize fayda sa\u011fl\u0131yor&#8221;<\/h3>\n<p>\u0130l Sa\u011fl\u0131k M\u00fcd\u00fcr\u00fc Serkan Yurdakul ise 2 ayl\u0131k s\u00fcre\u00e7te 300 gebe ve gebe yak\u0131n\u0131na e\u011fitim verildi\u011fini s\u00f6yledi.<\/p>\n<p>Anne adaylar\u0131ndan \u00e7ok g\u00fczel d\u00f6n\u00fc\u015fler ald\u0131klar\u0131n\u0131 belirten Yurdakul, \u015f\u00f6yle konu\u015ftu:<\/p>\n<p>&#8220;Hastalar\u0131m\u0131z\u0131n poliklinik ortam\u0131nda rahat soramad\u0131\u011f\u0131 veya o anda ak\u0131llar\u0131na gelmeyen baz\u0131 sorular oldu\u011funu tespit ettik. Hastalar\u0131m\u0131z\u0131n kafalar\u0131ndaki sorular\u0131 tekrar tekrar sormalar\u0131n\u0131, zaman kayb\u0131 olmamas\u0131n\u0131 ve polikliniklerin daha verimli \u00e7al\u0131\u015fmas\u0131n\u0131 sa\u011flamak i\u00e7in gebelerimizle ilgili b\u00f6yle bir s\u0131n\u0131f olu\u015fturduk. Bu s\u0131n\u0131fta gebelerimizi do\u011fum \u00f6ncesi, do\u011fum s\u0131ras\u0131 ve do\u011fum sonras\u0131nda meydana gelebilecek konularla ilgili bilgilendirmeyi ama\u00e7l\u0131yoruz. Anne adaylar\u0131n\u0131n \u00e7ok faydaland\u0131\u011f\u0131 y\u00f6n\u00fcnde geri bildirimler al\u0131yoruz.&#8221;<\/p>\n<p>E\u011fitimlere kat\u0131lan 34 haftal\u0131k gebe Huriye Y\u0131lmaz da verilen e\u011fitimlerle ak\u0131llar\u0131ndaki sorulara rahat \u015fekilde cevap bulduklar\u0131n\u0131 belirterek, &#8220;E\u011fitimler g\u00fczel ve bilgilendirici ge\u00e7iyor. Soru cevap \u015feklinde yap\u0131lmas\u0131 bize fayda sa\u011fl\u0131yor.&#8221; ifadesini kulland\u0131.<\/p>\n<p>                            <span class=\"detay-foto-editor\">&#13;<br \/>\n                                <a href=\"https:\/\/www.aa.com.tr\/tr\/p\/abonelik-talep-formu\/1001\" target=\"_blank\" style=\"font-size:12px; color:#444; text-decoration:none;\" rel=\"noopener\">&#13;<br \/>\n                                    Anadolu Ajans\u0131 web sitesinde, AA Haber Ak\u0131\u015f Sistemi (HAS) \u00fczerinden abonelere sunulan haberler, \u00f6zetlenerek yay\u0131mlanmaktad\u0131r. <b style=\"color:#1897F7\">Abonelik i\u00e7in l\u00fctfen ileti\u015fime ge\u00e7iniz.<\/b>&#13;<br \/>\n                                <\/a>&#13;<br \/>\n                            <\/span>\n                        <\/div>\n<p><script>\n\t  window.fbAsyncInit = function() {\n\t\tFB.init({\n\t\t  appId: '1855843514662870',\n\t\t  status : true, \/\/ check login status\n\t\t  cookie : true, \/\/ enable cookies to allow the server to access the session\n\t\t  xfbml  : true  \/\/ parse XFBML\n\t\t});\n\t  };<\/p>\n<p>\t  (function() {\n\t\tvar e = document.createElement('script');\n\t\te.src=\"https:\/\/connect.facebook.net\/tr_TR\/all.js\";\n\t\te.async = true;\n\t\tdocument.getElementById('fb-root').appendChild(e);\n\t  }());\n    <\/script><\/p>\n","protected":false},"excerpt":{"rendered":"<p>Karaman Merkez Toplum Sa\u011fl\u0131\u011f\u0131 Merkezi taraf\u0131ndan alan\u0131nda uzman doktor, diyetisyen, psikolog, fizyoterapist ve ebeler taraf\u0131ndan verilen e\u011fitimlerde anne adaylar\u0131, hamilelikte kar\u015f\u0131la\u015f\u0131lacak sorunlar, gebelikte beslenme, ila\u00e7 kullan\u0131m\u0131, bebek bak\u0131m\u0131, lohusal\u0131k d\u00f6nemindeki ruhsal durum gibi pek \u00e7ok konuda e\u011fitiliyor. Toplum Sa\u011fl\u0131\u011f\u0131 Merkezi Ba\u015fkan\u0131 Emre Ta\u015fc\u0131, kad\u0131n hastal\u0131klar\u0131 ve do\u011fum polikliniklerinin hasta y\u00fck\u00fcn\u00fc hafifletmek ve anne adaylar\u0131n\u0131n daha [&hellip;]<\/p>\n","protected":false},"author":1,"featured_media":27928,"comment_status":"","ping_status":"","sticky":false,"template":"","format":"standard","meta":[],"categories":[46],"tags":[],"_links":{"self":[{"href":"https:\/\/kraios.app\/news\/wp-json\/wp\/v2\/posts\/27927"}],"collection":[{"href":"https:\/\/kraios.app\/news\/wp-json\/wp\/v2\/posts"}],"about":[{"href":"https:\/\/kraios.app\/news\/wp-json\/wp\/v2\/types\/post"}],"author":[{"embeddable":true,"href":"https:\/\/kraios.app\/news\/wp-json\/wp\/v2\/users\/1"}],"replies":[{"embeddable":true,"href":"https:\/\/kraios.app\/news\/wp-json\/wp\/v2\/comments?post=27927"}],"version-history":[{"count":0,"href":"https:\/\/kraios.app\/news\/wp-json\/wp\/v2\/posts\/27927\/revisions"}],"wp:featuredmedia":[{"embeddable":true,"href":"https:\/\/kraios.app\/news\/wp-json\/wp\/v2\/media\/27928"}],"wp:attachment":[{"href":"https:\/\/kraios.app\/news\/wp-json\/wp\/v2\/media?parent=27927"}],"wp:term":[{"taxonomy":"category","embeddable":true,"href":"https:\/\/kraios.app\/news\/wp-json\/wp\/v2\/categories?post=27927"},{"taxonomy":"post_tag","embeddable":true,"href":"https:\/\/kraios.app\/news\/wp-json\/wp\/v2\/tags?post=27927"}],"curies":[{"name":"wp","href":"https:\/\/api.w.org\/{rel}","templated":true}]}}