{"id":27925,"date":"2024-09-02T10:20:01","date_gmt":"2024-09-02T10:20:01","guid":{"rendered":"https:\/\/kraios.app\/news\/saglik\/2024\/09\/02\/yemek-borusu-olusmadan-dogan-2-aylik-bebek-midesine-takilan-tuple-besleniyor\/"},"modified":"2024-09-02T10:20:01","modified_gmt":"2024-09-02T10:20:01","slug":"yemek-borusu-olusmadan-dogan-2-aylik-bebek-midesine-takilan-tuple-besleniyor","status":"publish","type":"post","link":"https:\/\/kraios.app\/news\/saglik\/2024\/09\/02\/yemek-borusu-olusmadan-dogan-2-aylik-bebek-midesine-takilan-tuple-besleniyor\/","title":{"rendered":"Yemek borusu olu\u015fmadan do\u011fan 2 ayl\u0131k bebek, midesine tak\u0131lan t\u00fcple besleniyor"},"content":{"rendered":"<p><\/p>\n<div>\n<p>\u015eanl\u0131urfa&#8217;da d\u00fcnyaya gelen Suriye uyruklu Semira \u0130smail, do\u011fumunun ard\u0131ndan nefes almakta zorluk ya\u015famas\u0131 ve yeterli \u015fekilde beslenememesi nedeniyle yak\u0131nlar\u0131 taraf\u0131ndan kentteki \u00e7e\u015fitli hastanelere g\u00f6t\u00fcr\u00fcld\u00fc.<\/p>\n<p>Bir\u00e7ok tetkik ve muayenenin ard\u0131ndan Kayseri \u015eehir Hastanesi \u00c7ocuk Cerrahisi Servisi&#8217;ne sevk edilen bebe\u011fe, \u00f6zofagus atrezisi tip D (yemek borusunun d\u00fczg\u00fcn geli\u015fmemesi) te\u015fhisi konuldu.<\/p>\n<p><img decoding=\"async\" alt=\"\" src=\"https:\/\/www.aa.com.tr\/uploads\/userFiles\/96f91bbd-282f-4a24-a12c-1b1092cfeb3b\/008_2024%2F03_Eyl%C3%BCl%2F29_Eyl%C3%BCl%2F16%2F20240902_2_65356307_104398751.jpg\"\/><\/p>\n<p>Nadir g\u00f6r\u00fclen ve ya\u015fama \u015fans\u0131n\u0131n az oldu\u011fu do\u011fumsal bozuklu\u011fu tedavi etmek i\u00e7in harekete ge\u00e7en Do\u00e7. Dr. Mustafa Erman D\u00f6rterler ile Do\u00e7. Dr. Ahmet \u00d6zdemir, bebe\u011fe ayn\u0131 anda 3 zorlu operasyon ger\u00e7ekle\u015ftirdi.<\/p>\n<p>Ameliyatlar\u0131n ard\u0131ndan midesine tak\u0131lan t\u00fcp yard\u0131m\u0131yla beslenen bebe\u011fe, 9-10 kilograma ula\u015fmas\u0131n\u0131n ard\u0131ndan kal\u0131n ba\u011f\u0131rsa\u011f\u0131ndan doku al\u0131narak yemek borusu yap\u0131lacak.<\/p>\n<p><img decoding=\"async\" alt=\"\" src=\"https:\/\/www.aa.com.tr\/uploads\/userFiles\/96f91bbd-282f-4a24-a12c-1b1092cfeb3b\/008_2024%2F03_Eyl%C3%BCl%2F29_Eyl%C3%BCl%2F16%2F20240902_2_65356307_104398752.jpg\"\/><\/p>\n<p>Bebe\u011fin sa\u011fl\u0131k durumuyla ilgili AA muhabirine bilgi veren Kayseri \u015eehir Hastanesi \u00c7ocuk Cerrahisi ve \u00dcrolojisi Ana Bilim Dal\u0131 Ba\u015fkan\u0131 Do\u00e7. Dr. Mustafa Erman D\u00f6rterler, Semira&#8217;n\u0131n yemek borusunun olmad\u0131\u011f\u0131n\u0131 ve meslek hayat\u0131nda ilk defa b\u00f6yle bir vakayla kar\u015f\u0131la\u015ft\u0131\u011f\u0131n\u0131 s\u00f6yledi.<\/p>\n<p><img decoding=\"async\" alt=\"\" src=\"https:\/\/www.aa.com.tr\/uploads\/userFiles\/96f91bbd-282f-4a24-a12c-1b1092cfeb3b\/008_2024%2F03_Eyl%C3%BCl%2F29_Eyl%C3%BCl%2F16%2F20240902_2_65356307_104398754.jpg\"\/><\/p>\n<p>Bebe\u011fin yemek ve nefes borusunun birle\u015fti\u011fini, s\u0131k\u0131nt\u0131l\u0131 bir rahats\u0131zl\u0131\u011f\u0131n\u0131n bulundu\u011funu anlatan D\u00f6rterler, yakla\u015f\u0131k 2 ayd\u0131r bebe\u011fi takip ettiklerini, tedavinin ilk basama\u011f\u0131n\u0131 atlatt\u0131klar\u0131n\u0131 ifade etti.<\/p>\n<p><img decoding=\"async\" alt=\"\" src=\"https:\/\/www.aa.com.tr\/uploads\/userFiles\/96f91bbd-282f-4a24-a12c-1b1092cfeb3b\/008_2024%2F03_Eyl%C3%BCl%2F29_Eyl%C3%BCl%2F16%2F20240902_2_65356307_104398756.jpg\"\/><\/p>\n<h3>Kal\u0131n ba\u011f\u0131rsa\u011f\u0131ndan yama yap\u0131larak yemek borusu olu\u015fturulacak<\/h3>\n<p>Taburcu ettikleri bebe\u011fin 9-10 kilogram olduktan sonra tekrar hastaneye gelece\u011fini belirten D\u00f6rterler, \u015f\u00f6yle devam etti:<\/p>\n<p>&#8220;\u00c7ocu\u011fun yemek borusu do\u011fu\u015ftan yok ama bu kendi i\u00e7erisinde en zorlu vakalardan birisi. Buradaki ilk tedavi ve ameliyatlar\u0131n\u0131 yapt\u0131k. Bu tedavi birka\u00e7 a\u015famadan olu\u015fuyor. Tedavi s\u00fcrecini buradaki yenido\u011fan ekibimizle y\u00fcr\u00fctt\u00fck. \u00c7ocuk 9-10 kilograma ula\u015ft\u0131ktan sonra tekrar klini\u011fimize gelecek ve tedavinin ikinci a\u015famas\u0131n\u0131 planlayaca\u011f\u0131z. Kal\u0131n ba\u011f\u0131rsa\u011f\u0131ndan yama yaparak yeni bir yemek borusu olu\u015fturaca\u011f\u0131z. Bebek \u015fu an evine gidecek \u015fekilde iyi oldu ama tedavimiz bitmi\u015f de\u011fil. \u00c7\u00fcnk\u00fc \u00e7ok zorlu ve s\u0131k\u0131nt\u0131l\u0131 bir rahats\u0131zl\u0131kt\u0131. Bebeklerin ameliyatlar\u0131n\u0131 tek a\u015famada yapam\u0131yoruz. Biraz zaman ge\u00e7mesi ve \u00e7ocu\u011fun b\u00fcy\u00fcmesi gerekiyor. Bebe\u011fin midesine koydu\u011fumuz balon veya hortumla bebe\u011fi besliyoruz. Oradan kilo ald\u0131r\u0131yoruz.&#8221;<\/p>\n<p><img decoding=\"async\" alt=\"\" src=\"https:\/\/www.aa.com.tr\/uploads\/userFiles\/96f91bbd-282f-4a24-a12c-1b1092cfeb3b\/008_2024%2F03_Eyl%C3%BCl%2F29_Eyl%C3%BCl%2F16%2F20240902_2_65356307_104398757.jpg\"\/><\/p>\n<p>Pediatri ve Yenido\u011fan Klinik Sorumlu Hekimi Do\u00e7. Dr. Ahmet \u00d6zdemir de Kayseri \u015eehir Hastanesi Yenido\u011fan Servisi&#8217;nin donan\u0131ml\u0131 bir merkez oldu\u011funu ve servisin t\u00fcm yan dallar\u0131yla hizmet verdi\u011fini s\u00f6yledi.<\/p>\n<p><img decoding=\"async\" alt=\"\" src=\"https:\/\/www.aa.com.tr\/uploads\/userFiles\/96f91bbd-282f-4a24-a12c-1b1092cfeb3b\/008_2024%2F03_Eyl%C3%BCl%2F29_Eyl%C3%BCl%2F16%2F20240902_2_65356307_104398758.jpg\"\/><\/p>\n<p>Semira bebe\u011fin d\u00fcnyaya 3 kilogram geldi\u011fini aktaran \u00d6zdemir, bebe\u011fin iyile\u015fmesi i\u00e7in ekip olarak ellerinden geleni yapt\u0131klar\u0131n\u0131 belirtti.<\/p>\n<p><img decoding=\"async\" alt=\"\" src=\"https:\/\/www.aa.com.tr\/uploads\/userFiles\/96f91bbd-282f-4a24-a12c-1b1092cfeb3b\/008_2024%2F03_Eyl%C3%BCl%2F29_Eyl%C3%BCl%2F16%2F20240902_2_65356307_104398760.jpg\"\/><\/p>\n<p>Hastan\u0131n uzun ve me\u015fakkatli s\u00fcrecini d\u00fczg\u00fcn bir \u015fekilde y\u00f6nettiklerini ifade eden \u00d6zdemir, &#8220;Bebek art\u0131k annesini istiyor, anne kuca\u011f\u0131na hasret durumda.&#8221; dedi.<\/p>\n<p>Bebe\u011fin, annesine \u00e7e\u015fitli e\u011fitimler verilerek taburcu edildi\u011fini dile getiren \u00d6zdemir, pediatri ve yenido\u011fan klini\u011finde bebe\u011fin iyile\u015fmesi i\u00e7in emek veren personele de te\u015fekk\u00fcr etti.<\/p>\n<p>                            <span class=\"detay-foto-editor\">&#13;<br \/>\n                                <a href=\"https:\/\/www.aa.com.tr\/tr\/p\/abonelik-talep-formu\/1001\" target=\"_blank\" style=\"font-size:12px; color:#444; text-decoration:none;\" rel=\"noopener\">&#13;<br \/>\n                                    Anadolu Ajans\u0131 web sitesinde, AA Haber Ak\u0131\u015f Sistemi (HAS) \u00fczerinden abonelere sunulan haberler, \u00f6zetlenerek yay\u0131mlanmaktad\u0131r. <b style=\"color:#1897F7\">Abonelik i\u00e7in l\u00fctfen ileti\u015fime ge\u00e7iniz.<\/b>&#13;<br \/>\n                                <\/a>&#13;<br \/>\n                            <\/span>\n                        <\/div>\n<p><script>\n\t  window.fbAsyncInit = function() {\n\t\tFB.init({\n\t\t  appId: '1855843514662870',\n\t\t  status : true, \/\/ check login status\n\t\t  cookie : true, \/\/ enable cookies to allow the server to access the session\n\t\t  xfbml  : true  \/\/ parse XFBML\n\t\t});\n\t  };<\/p>\n<p>\t  (function() {\n\t\tvar e = document.createElement('script');\n\t\te.src=\"https:\/\/connect.facebook.net\/tr_TR\/all.js\";\n\t\te.async = true;\n\t\tdocument.getElementById('fb-root').appendChild(e);\n\t  }());\n    <\/script><\/p>\n","protected":false},"excerpt":{"rendered":"<p>\u015eanl\u0131urfa&#8217;da d\u00fcnyaya gelen Suriye uyruklu Semira \u0130smail, do\u011fumunun ard\u0131ndan nefes almakta zorluk ya\u015famas\u0131 ve yeterli \u015fekilde beslenememesi nedeniyle yak\u0131nlar\u0131 taraf\u0131ndan kentteki \u00e7e\u015fitli hastanelere g\u00f6t\u00fcr\u00fcld\u00fc. Bir\u00e7ok tetkik ve muayenenin ard\u0131ndan Kayseri \u015eehir Hastanesi \u00c7ocuk Cerrahisi Servisi&#8217;ne sevk edilen bebe\u011fe, \u00f6zofagus atrezisi tip D (yemek borusunun d\u00fczg\u00fcn geli\u015fmemesi) te\u015fhisi konuldu. Nadir g\u00f6r\u00fclen ve ya\u015fama \u015fans\u0131n\u0131n az oldu\u011fu [&hellip;]<\/p>\n","protected":false},"author":1,"featured_media":27926,"comment_status":"","ping_status":"","sticky":false,"template":"","format":"standard","meta":[],"categories":[46],"tags":[],"_links":{"self":[{"href":"https:\/\/kraios.app\/news\/wp-json\/wp\/v2\/posts\/27925"}],"collection":[{"href":"https:\/\/kraios.app\/news\/wp-json\/wp\/v2\/posts"}],"about":[{"href":"https:\/\/kraios.app\/news\/wp-json\/wp\/v2\/types\/post"}],"author":[{"embeddable":true,"href":"https:\/\/kraios.app\/news\/wp-json\/wp\/v2\/users\/1"}],"replies":[{"embeddable":true,"href":"https:\/\/kraios.app\/news\/wp-json\/wp\/v2\/comments?post=27925"}],"version-history":[{"count":0,"href":"https:\/\/kraios.app\/news\/wp-json\/wp\/v2\/posts\/27925\/revisions"}],"wp:featuredmedia":[{"embeddable":true,"href":"https:\/\/kraios.app\/news\/wp-json\/wp\/v2\/media\/27926"}],"wp:attachment":[{"href":"https:\/\/kraios.app\/news\/wp-json\/wp\/v2\/media?parent=27925"}],"wp:term":[{"taxonomy":"category","embeddable":true,"href":"https:\/\/kraios.app\/news\/wp-json\/wp\/v2\/categories?post=27925"},{"taxonomy":"post_tag","embeddable":true,"href":"https:\/\/kraios.app\/news\/wp-json\/wp\/v2\/tags?post=27925"}],"curies":[{"name":"wp","href":"https:\/\/api.w.org\/{rel}","templated":true}]}}