{"id":27919,"date":"2024-08-31T10:10:09","date_gmt":"2024-08-31T10:10:09","guid":{"rendered":"https:\/\/kraios.app\/news\/saglik\/2024\/08\/31\/kayseride-saglikli-hayat-merkezleri-6-ayda-76-bin-kisiye-ucretsiz-hizmet-verdi\/"},"modified":"2024-08-31T10:10:09","modified_gmt":"2024-08-31T10:10:09","slug":"kayseride-saglikli-hayat-merkezleri-6-ayda-76-bin-kisiye-ucretsiz-hizmet-verdi","status":"publish","type":"post","link":"https:\/\/kraios.app\/news\/saglik\/2024\/08\/31\/kayseride-saglikli-hayat-merkezleri-6-ayda-76-bin-kisiye-ucretsiz-hizmet-verdi\/","title":{"rendered":"Kayseri&#8217;de sa\u011fl\u0131kl\u0131 hayat merkezleri 6 ayda 76 bin ki\u015fiye \u00fccretsiz hizmet verdi"},"content":{"rendered":"<p><\/p>\n<div>\n<p>T\u00fcrkiye&#8217;de 81 ilde hayata ge\u00e7irilen sa\u011fl\u0131kl\u0131 hayat merkezleri ile vatanda\u015flar hastalanmadan \u00f6nlem al\u0131nmas\u0131 veya hastal\u0131\u011f\u0131 erkenden te\u015fhis edilerek ki\u015finin ya\u015fam s\u00fcresinin ve kalitesinin art\u0131r\u0131lmas\u0131 hedefleniyor.<\/p>\n<p>Bu kapsamda, beslenme, kronik hastal\u0131klar ve fiziksel aktivite, kad\u0131n ve \u00fcreme sa\u011fl\u0131\u011f\u0131, kanser erken te\u015fhis, tarama ve e\u011fitim merkezi (KETEM), ruh sa\u011fl\u0131\u011f\u0131, \u00e7ocuk ve ergen sa\u011fl\u0131\u011f\u0131 gibi dallarda dan\u0131\u015fmanl\u0131k hizmetleri veren Kayseri&#8217;deki 7 sa\u011fl\u0131kl\u0131 ya\u015fam merkezinden y\u0131l\u0131n ilk 6 ay\u0131nda 76 bin 377 ki\u015fi \u00fccretsiz faydaland\u0131.<\/p>\n<p>2022 y\u0131l\u0131nda 14 bin 496, 2023&#8217;te ise 50 bin 189 ki\u015finin faydaland\u0131\u011f\u0131 merkezlerin bilinirli\u011fi ve vatanda\u015flar\u0131n ilgisi her y\u0131l katlanarak art\u0131yor.<\/p>\n<p><img decoding=\"async\" alt=\"\" src=\"https:\/\/www.aa.com.tr\/uploads\/userFiles\/a54ea27f-6036-4f79-88c6-6bc9ba19a35d\/07%2F18%2F09%2FAA-35528517.jpg\"\/><\/p>\n<p>Mustafa K\u0131z\u0131kl\u0131 Sa\u011fl\u0131kl\u0131 Hayat Merkezi sorumlu hekimi halk sa\u011fl\u0131\u011f\u0131 uzman\u0131 Dr. Semiha Zeynep \u00d6zsayd\u0131, AA muhabirine, sa\u011fl\u0131kl\u0131 hayat merkezinin, koruyucu sa\u011fl\u0131k hizmetlerinin verildi\u011fi klinikler oldu\u011funu s\u00f6yledi.<\/p>\n<p>\u00d6zsayd\u0131, koruyucu sa\u011fl\u0131k hizmetlerinin, ki\u015filer hastalanmadan gerekli \u00f6nlemleri almak, b\u00f6ylece ki\u015filerin ya\u015fam kalitesini ve ya\u015fam s\u00fcresini uzatmak veya hastaland\u0131\u011f\u0131nda erken tan\u0131yla hastal\u0131\u011f\u0131n olumsuz etkisini azaltmak oldu\u011funu ifade etti.<\/p>\n<p>Merkezde geni\u015f bir yelpazede hizmet sunduklar\u0131n\u0131 belirten \u00d6zsayd\u0131, s\u00f6zlerini \u015f\u00f6yle s\u00fcrd\u00fcrd\u00fc:<\/p>\n<p>&#8220;G\u00f6z bebe\u011fi birimimiz KETEM&#8217;ler. Burada kanser taramalar\u0131 yap\u0131lmakta. Bakanl\u0131\u011f\u0131m\u0131z taraf\u0131ndan uygun g\u00f6r\u00fclen \u00fc\u00e7 kanser i\u00e7in \u00fccretsiz tarama yapmaktay\u0131z. Bunlardan birincisi meme kanseri. 40 ile 69 ya\u015f aras\u0131 kad\u0131nlara iki y\u0131lda bir mamografi \u00e7ekimiyle tarama yap\u0131lmakta. Rahim a\u011fz\u0131 kanseri de ikinci tarama yapt\u0131\u011f\u0131m\u0131z kanser. Bu da 30 ile 65 ya\u015f aras\u0131 kad\u0131nlara be\u015f y\u0131lda bir rahim a\u011fz\u0131 b\u00f6lgesinden numune al\u0131narak tarama yap\u0131lmakta. Kal\u0131n ba\u011f\u0131rsak kanseri taramas\u0131 ise \u00fc\u00e7\u00fcnc\u00fc olan. Bu da 50 ile 70 ya\u015f aras\u0131 hem kad\u0131nlara hem erkeklere iki y\u0131lda bir d\u0131\u015fk\u0131da gizli kan testi yapt\u0131\u011f\u0131m\u0131z olduk\u00e7a kolay bir y\u00f6ntem olan taramam\u0131z. Pozitif tespit etti\u011fimiz hastalar\u0131 erken d\u00f6nemde gerekli kliniklere sevk ederek tedavi almalar\u0131n\u0131 sa\u011fl\u0131yoruz. Bu verdi\u011fimiz hizmetler tamam\u0131yla \u00fccretsiz.&#8221;<\/p>\n<p>\u00d6zsayd\u0131, gebe bilgilendirme, aile planlamas\u0131 dan\u0131\u015fmanl\u0131\u011f\u0131, psikososyal destek hizmeti de verdiklerini kaydetti.<\/p>\n<p><img decoding=\"async\" alt=\"\" src=\"https:\/\/www.aa.com.tr\/uploads\/userFiles\/a54ea27f-6036-4f79-88c6-6bc9ba19a35d\/07%2F18%2F09%2FAA-35528520.jpg\"\/><\/p>\n<h3>&#8220;Ba\u015fvuru say\u0131lar\u0131m\u0131z art\u0131yor&#8221;<\/h3>\n<p>Halk sa\u011fl\u0131\u011f\u0131 uzman\u0131 Dr. Leyla Tekdemir ise kent genelinde 2022 y\u0131l\u0131nda 15 bin civar\u0131nda dan\u0131\u015fmanl\u0131k hizmeti verildi\u011fini s\u00f6yledi.<\/p>\n<p>Bu say\u0131n\u0131n 2023&#8217;te 50 bine \u00e7\u0131kt\u0131\u011f\u0131n\u0131 vurgulayan Tekdemir, &#8220;2024&#8217;\u00fcn ilk alt\u0131 ay\u0131nda 75 bin ki\u015fiye ula\u015fm\u0131\u015f durumday\u0131z. Ba\u015fvuru say\u0131lar\u0131m\u0131z art\u0131yor, bu durumdan memnunuz. Bize daha \u00e7ok aile hekimlerinden y\u00f6nlendirilen hastalar ba\u015fvuruyor. Bu \u00fccretsiz hizmetlere halk\u0131n tamam\u0131n\u0131n bilerek gelmesi, haberdar olmas\u0131 temel amac\u0131m\u0131z\u0131 olu\u015fturuyor. Daha \u00e7ok ki\u015fiye hizmet vermek, daha \u00e7ok ki\u015fiye erken kanser taramas\u0131 yapmak, tedavi edici hizmetlerin \u00fczerindeki y\u00fck\u00fc azaltmak bizim temel amac\u0131m\u0131z.&#8221; diye konu\u015ftu.<\/p>\n<p><img decoding=\"async\" alt=\"\" src=\"https:\/\/www.aa.com.tr\/uploads\/userFiles\/a54ea27f-6036-4f79-88c6-6bc9ba19a35d\/07%2F18%2F09%2Fkayseri.jpg\"\/><\/p>\n<h3>&#8220;Do\u011fumu rahatlat\u0131c\u0131 neler yapabilece\u011fimizi \u00f6\u011frendim&#8221;<\/h3>\n<p>\u015eu anda 5,5 ayl\u0131k olan ilk \u00e7ocu\u011funa 36 haftal\u0131k gebeyken merkeze gelerek e\u011fitimlere kat\u0131lan ebe Meryem Altay (29) da burada ald\u0131\u011f\u0131 e\u011fitimin ard\u0131ndan normal do\u011fum yapt\u0131\u011f\u0131n\u0131 belirtti.<\/p>\n<p>E\u011fitimlerde anne s\u00fct\u00fcn\u00fcn \u00f6nemi anlat\u0131ld\u0131\u011f\u0131n\u0131 belirten Altay, &#8220;Plates yapt\u0131m. Do\u011fumu rahatlat\u0131c\u0131 neler yapabilece\u011fimizi \u00f6\u011frendim. Do\u011fum esnas\u0131nda neler bizi bekliyor, onlar\u0131 \u00f6\u011frendim. Sonras\u0131nda nelerle kar\u015f\u0131la\u015faca\u011f\u0131m\u0131z\u0131 \u00f6\u011frendim. Buraya kat\u0131lmam\u0131n sebebi normal do\u011fum yapmak istiyordum. Sezaryen do\u011fum yapmak istemiyordum. \u00c7ok g\u00fczel bir s\u00fcre\u00e7 ge\u00e7irdim.&#8221; ifadelerini kulland\u0131.<\/p>\n<h3>&#8220;Ba\u015f\u0131m\u0131z s\u0131k\u0131\u015f\u0131nca ula\u015fabiliyoruz&#8221;<\/h3>\n<p>\u0130kinci \u00e7ocu\u011funu 8 ay \u00f6nce d\u00fcnyaya getiren Hatice Korkmaz (28) ise 35 haftal\u0131k hamile iken gebelik e\u011fitimlerine kat\u0131lmak \u00fczere merkeze geldi\u011fini dile getirdi.<\/p>\n<p>Bu s\u00fcre\u00e7te do\u011fal do\u011fumu \u00e7ok istedi\u011fini anlatan Korkmaz, \u015funlar\u0131 s\u00f6yledi:<\/p>\n<p>&#8220;\u0130lk do\u011fumum da do\u011fald\u0131 ama s\u00fcre\u00e7 g\u00fczel ilerlememi\u015fti. Bundan dolay\u0131 aile hekimime ba\u015fvurdum. Hekimim beni buraya y\u00f6nlendirdi. \u00c7ok paniktim. Burada, rahat olmam\u0131z\u0131, nefes egzersizlerini, do\u011fal do\u011fumda mucizeye \u015fahit olmay\u0131, bebekle ilk temas\u0131 bize anlatt\u0131lar. Korkular\u0131m vard\u0131. Kafamda halen sezaryen olmak vard\u0131. S\u00fcre\u00e7 g\u00fczel ilerledi, do\u011fal do\u011fum yapt\u0131m. Do\u011fumda nefes egzersizlerinin ne kadar i\u015fe yarad\u0131\u011f\u0131n\u0131 fark ettim. Ba\u015f\u0131m\u0131z s\u0131k\u0131\u015f\u0131nca ula\u015fabiliyoruz. Kimse do\u011fal do\u011fumdan korkmas\u0131n.&#8221;<\/p>\n<p>Korkmaz, psikolojik destek ve bebe\u011fin geli\u015fimi hakk\u0131nda bilgi almak i\u00e7in zaman zaman merkeze gelmeye devam etti\u011fini s\u00f6zlerine ekledi.<\/p>\n<p>                            <span class=\"detay-foto-editor\">&#13;<br \/>\n                                <a href=\"https:\/\/www.aa.com.tr\/tr\/p\/abonelik-talep-formu\/1001\" target=\"_blank\" style=\"font-size:12px; color:#444; text-decoration:none;\" rel=\"noopener\">&#13;<br \/>\n                                    Anadolu Ajans\u0131 web sitesinde, AA Haber Ak\u0131\u015f Sistemi (HAS) \u00fczerinden abonelere sunulan haberler, \u00f6zetlenerek yay\u0131mlanmaktad\u0131r. <b style=\"color:#1897F7\">Abonelik i\u00e7in l\u00fctfen ileti\u015fime ge\u00e7iniz.<\/b>&#13;<br \/>\n                                <\/a>&#13;<br \/>\n                            <\/span>\n                        <\/div>\n<p><script>\n\t  window.fbAsyncInit = function() {\n\t\tFB.init({\n\t\t  appId: '1855843514662870',\n\t\t  status : true, \/\/ check login status\n\t\t  cookie : true, \/\/ enable cookies to allow the server to access the session\n\t\t  xfbml  : true  \/\/ parse XFBML\n\t\t});\n\t  };<\/p>\n<p>\t  (function() {\n\t\tvar e = document.createElement('script');\n\t\te.src=\"https:\/\/connect.facebook.net\/tr_TR\/all.js\";\n\t\te.async = true;\n\t\tdocument.getElementById('fb-root').appendChild(e);\n\t  }());\n    <\/script><\/p>\n","protected":false},"excerpt":{"rendered":"<p>T\u00fcrkiye&#8217;de 81 ilde hayata ge\u00e7irilen sa\u011fl\u0131kl\u0131 hayat merkezleri ile vatanda\u015flar hastalanmadan \u00f6nlem al\u0131nmas\u0131 veya hastal\u0131\u011f\u0131 erkenden te\u015fhis edilerek ki\u015finin ya\u015fam s\u00fcresinin ve kalitesinin art\u0131r\u0131lmas\u0131 hedefleniyor. Bu kapsamda, beslenme, kronik hastal\u0131klar ve fiziksel aktivite, kad\u0131n ve \u00fcreme sa\u011fl\u0131\u011f\u0131, kanser erken te\u015fhis, tarama ve e\u011fitim merkezi (KETEM), ruh sa\u011fl\u0131\u011f\u0131, \u00e7ocuk ve ergen sa\u011fl\u0131\u011f\u0131 gibi dallarda dan\u0131\u015fmanl\u0131k hizmetleri [&hellip;]<\/p>\n","protected":false},"author":1,"featured_media":27920,"comment_status":"","ping_status":"","sticky":false,"template":"","format":"standard","meta":[],"categories":[46],"tags":[],"_links":{"self":[{"href":"https:\/\/kraios.app\/news\/wp-json\/wp\/v2\/posts\/27919"}],"collection":[{"href":"https:\/\/kraios.app\/news\/wp-json\/wp\/v2\/posts"}],"about":[{"href":"https:\/\/kraios.app\/news\/wp-json\/wp\/v2\/types\/post"}],"author":[{"embeddable":true,"href":"https:\/\/kraios.app\/news\/wp-json\/wp\/v2\/users\/1"}],"replies":[{"embeddable":true,"href":"https:\/\/kraios.app\/news\/wp-json\/wp\/v2\/comments?post=27919"}],"version-history":[{"count":0,"href":"https:\/\/kraios.app\/news\/wp-json\/wp\/v2\/posts\/27919\/revisions"}],"wp:featuredmedia":[{"embeddable":true,"href":"https:\/\/kraios.app\/news\/wp-json\/wp\/v2\/media\/27920"}],"wp:attachment":[{"href":"https:\/\/kraios.app\/news\/wp-json\/wp\/v2\/media?parent=27919"}],"wp:term":[{"taxonomy":"category","embeddable":true,"href":"https:\/\/kraios.app\/news\/wp-json\/wp\/v2\/categories?post=27919"},{"taxonomy":"post_tag","embeddable":true,"href":"https:\/\/kraios.app\/news\/wp-json\/wp\/v2\/tags?post=27919"}],"curies":[{"name":"wp","href":"https:\/\/api.w.org\/{rel}","templated":true}]}}