{"id":27915,"date":"2024-08-30T11:02:32","date_gmt":"2024-08-30T11:02:32","guid":{"rendered":"https:\/\/kraios.app\/news\/saglik\/2024\/08\/30\/gazzede-640-binden-fazla-cocugu-kapsayan-cocuk-felci-asilama-kampanyasi-iki-turlu-olacak\/"},"modified":"2024-08-30T11:02:32","modified_gmt":"2024-08-30T11:02:32","slug":"gazzede-640-binden-fazla-cocugu-kapsayan-cocuk-felci-asilama-kampanyasi-iki-turlu-olacak","status":"publish","type":"post","link":"https:\/\/kraios.app\/news\/saglik\/2024\/08\/30\/gazzede-640-binden-fazla-cocugu-kapsayan-cocuk-felci-asilama-kampanyasi-iki-turlu-olacak\/","title":{"rendered":"Gazze&#8217;de 640 binden fazla \u00e7ocu\u011fu kapsayan \u00e7ocuk felci a\u015f\u0131lama kampanyas\u0131 &#8220;iki turlu&#8221; olacak"},"content":{"rendered":"<p><\/p>\n<div>\n<p>Peeperkorn, Birle\u015fmi\u015f Milletler (BM) Cenevre Ofisinin haftal\u0131k bas\u0131n toplant\u0131s\u0131nda de\u011ferlendirmelerde bulundu.<\/p>\n<p>Gazze&#8217;de \u00e7ocuk felci a\u015f\u0131lama kampanyas\u0131n\u0131n iki tur olacak \u015fekilde 1 Eyl\u00fcl&#8217;de ba\u015flayaca\u011f\u0131n\u0131 s\u00f6yleyen Peeperkorn, &#8220;Kampanyan\u0131n her turunda Filistin Sa\u011fl\u0131k Bakanl\u0131\u011f\u0131, DS\u00d6, BM \u00c7ocuklara Yard\u0131m Fonu (UNICEF) ve BM Yak\u0131n Do\u011fu&#8217;daki Filistinli M\u00fcltecilere Yard\u0131m ve Bay\u0131nd\u0131rl\u0131k Ajans\u0131n\u0131n (UNWRA) i\u015fbirli\u011fiyle 10 ya\u015f alt\u0131 640 binden fazla \u00e7ocu\u011fa iki doz iki damla yeni oral \u00e7ocuk felci a\u015f\u0131s\u0131 t\u00fcr 2 (nOPV2) yap\u0131lacak.&#8221; dedi.<\/p>\n<p>Peeperkorn, a\u015f\u0131lama i\u00e7in haz\u0131rl\u0131klar\u0131n tamamland\u0131\u011f\u0131n\u0131 belirterek, Gazze&#8217;ye 1,26 milyon doz a\u015f\u0131 ile 500 a\u015f\u0131 ta\u015f\u0131y\u0131c\u0131s\u0131 teslim edildi\u011fini bildirdi.<\/p>\n<p>&#8220;400 bin ek doz a\u015f\u0131 yak\u0131nda Gazze&#8217;ye ula\u015facak. 2 bin 180&#8217;den fazla sa\u011fl\u0131k \u00e7al\u0131\u015fan\u0131 ve toplum eri\u015fim g\u00f6revlisi a\u015f\u0131lama yapmak ve topluluklar\u0131 kampanya hakk\u0131nda bilgilendirmek \u00fczere e\u011fitildi.&#8221; diyen Peeperkorn, salg\u0131n\u0131 durdurmak ve \u00e7ocuk felcinin uluslararas\u0131 yay\u0131lmas\u0131n\u0131 \u00f6nlemek i\u00e7in kampanyan\u0131n her turunda en az y\u00fczde 90 a\u015f\u0131lama oran\u0131na ihtiya\u00e7 duyuldu\u011funu bildirdi.<\/p>\n<h3>&#8220;Taraflar\u0131 \u00e7at\u0131\u015fmalara ara vermeye \u00e7a\u011f\u0131r\u0131yoruz&#8221;<\/h3>\n<p>Peeperkorn, a\u015f\u0131lama s\u0131ras\u0131nda spesifik b\u00f6lgelerde uygulanacak &#8220;\u00e7at\u0131\u015fmalara insani ara verilmesine y\u00f6nelik&#8221; taraflar\u0131n \u00f6n taahh\u00fctlerini memnuniyetle kar\u015f\u0131lad\u0131klar\u0131n\u0131 vurgulayarak, &#8220;T\u00fcm taraflar\u0131, \u00e7ocuklar\u0131n ve ailelerin sa\u011fl\u0131k tesislerine g\u00fcvenli bir \u015fekilde eri\u015febilmeleri ve yard\u0131m \u00e7al\u0131\u015fanlar\u0131n\u0131n \u00e7ocuk felci a\u015f\u0131s\u0131 i\u00e7in sa\u011fl\u0131k tesislerine eri\u015femeyen \u00e7ocuklara ula\u015fabilmeleri i\u00e7in \u00e7at\u0131\u015fmalara ara vermeye \u00e7a\u011f\u0131r\u0131yoruz. Bu insani aralar olmadan halihaz\u0131rda olduk\u00e7a k\u0131s\u0131tl\u0131 ve \u00e7ok zorlu ko\u015fullar alt\u0131nda uygulanan kampanyan\u0131n uygulanmas\u0131 m\u00fcmk\u00fcn olmayacak.&#8221; diye konu\u015ftu.<\/p>\n<p>\u00c7at\u0131\u015fmalara ara verilmesinin &#8220;b\u00f6lgelere \u00f6zg\u00fc&#8221; olmas\u0131 y\u00f6n\u00fcnde taahh\u00fctler ald\u0131klar\u0131n\u0131 ve a\u015f\u0131 kampanyas\u0131n\u0131n her biri 3 g\u00fcn s\u00fcrecek \u015fekilde a\u015famal\u0131 olarak y\u00fcr\u00fct\u00fclmesi konusunda mutabakata var\u0131ld\u0131\u011f\u0131n\u0131 anlatan Peeperkorn, a\u015f\u0131laman\u0131n ilk etapta Gazze&#8217;nin ortas\u0131ndan ba\u015flayaca\u011f\u0131n\u0131, daha sonra ise g\u00fcneyi ve ard\u0131ndan kuzeyi ile devam etmesinin planland\u0131\u011f\u0131n\u0131 aktard\u0131.<\/p>\n<p>Peeperkorn, g\u00fcvenlik durumu, altyap\u0131n\u0131n hasar g\u00f6rmesi ve n\u00fcfusun s\u00fcrekli yer de\u011fi\u015ftirmesinden dolay\u0131 gerekti\u011finde a\u015f\u0131lama kampanyas\u0131n\u0131n 1 g\u00fcn uzat\u0131labilece\u011fini s\u00f6yledi.<\/p>\n<p>&#8220;T\u00fcm taraflar\u0131 hem kendilerinin hem de sa\u011fl\u0131k tesislerinin ve \u00e7ocuklar\u0131n korunmas\u0131n\u0131 sa\u011flamaya \u00e7a\u011f\u0131r\u0131yoruz.&#8221; ifadelerini kullanan Peeperkorn, Gazze&#8217;de sa\u011fl\u0131k sisteminin yeniden in\u015fas\u0131n\u0131 ve rutin a\u015f\u0131laman\u0131n g\u00fc\u00e7lendirilmesini sa\u011flamak i\u00e7in ate\u015fkes \u00e7a\u011fr\u0131lar\u0131n\u0131 yineledi.<\/p>\n<p>DS\u00d6, Filistin&#8217;de 25 y\u0131l aradan sonra ilk kez bir \u00e7ocuk felci vakas\u0131n\u0131n tespit edilmesi \u00fczerine, Gazze&#8217;de 1 Eyl\u00fcl itibar\u0131yla \u00e7at\u0131\u015fmalara k\u0131smi ara verilece\u011fini d\u00fcn duyurmu\u015ftu.<\/p>\n<p>                            <span class=\"detay-foto-editor\">&#13;<br \/>\n                                <a href=\"https:\/\/www.aa.com.tr\/tr\/p\/abonelik-talep-formu\/1001\" target=\"_blank\" style=\"font-size:12px; color:#444; text-decoration:none;\" rel=\"noopener\">&#13;<br \/>\n                                    Anadolu Ajans\u0131 web sitesinde, AA Haber Ak\u0131\u015f Sistemi (HAS) \u00fczerinden abonelere sunulan haberler, \u00f6zetlenerek yay\u0131mlanmaktad\u0131r. <b style=\"color:#1897F7\">Abonelik i\u00e7in l\u00fctfen ileti\u015fime ge\u00e7iniz.<\/b>&#13;<br \/>\n                                <\/a>&#13;<br \/>\n                            <\/span>\n                        <\/div>\n<p><script>\n\t  window.fbAsyncInit = function() {\n\t\tFB.init({\n\t\t  appId: '1855843514662870',\n\t\t  status : true, \/\/ check login status\n\t\t  cookie : true, \/\/ enable cookies to allow the server to access the session\n\t\t  xfbml  : true  \/\/ parse XFBML\n\t\t});\n\t  };<\/p>\n<p>\t  (function() {\n\t\tvar e = document.createElement('script');\n\t\te.src=\"https:\/\/connect.facebook.net\/tr_TR\/all.js\";\n\t\te.async = true;\n\t\tdocument.getElementById('fb-root').appendChild(e);\n\t  }());\n    <\/script><\/p>\n","protected":false},"excerpt":{"rendered":"<p>Peeperkorn, Birle\u015fmi\u015f Milletler (BM) Cenevre Ofisinin haftal\u0131k bas\u0131n toplant\u0131s\u0131nda de\u011ferlendirmelerde bulundu. Gazze&#8217;de \u00e7ocuk felci a\u015f\u0131lama kampanyas\u0131n\u0131n iki tur olacak \u015fekilde 1 Eyl\u00fcl&#8217;de ba\u015flayaca\u011f\u0131n\u0131 s\u00f6yleyen Peeperkorn, &#8220;Kampanyan\u0131n her turunda Filistin Sa\u011fl\u0131k Bakanl\u0131\u011f\u0131, DS\u00d6, BM \u00c7ocuklara Yard\u0131m Fonu (UNICEF) ve BM Yak\u0131n Do\u011fu&#8217;daki Filistinli M\u00fcltecilere Yard\u0131m ve Bay\u0131nd\u0131rl\u0131k Ajans\u0131n\u0131n (UNWRA) i\u015fbirli\u011fiyle 10 ya\u015f alt\u0131 640 binden fazla [&hellip;]<\/p>\n","protected":false},"author":1,"featured_media":27916,"comment_status":"","ping_status":"","sticky":false,"template":"","format":"standard","meta":[],"categories":[46],"tags":[],"_links":{"self":[{"href":"https:\/\/kraios.app\/news\/wp-json\/wp\/v2\/posts\/27915"}],"collection":[{"href":"https:\/\/kraios.app\/news\/wp-json\/wp\/v2\/posts"}],"about":[{"href":"https:\/\/kraios.app\/news\/wp-json\/wp\/v2\/types\/post"}],"author":[{"embeddable":true,"href":"https:\/\/kraios.app\/news\/wp-json\/wp\/v2\/users\/1"}],"replies":[{"embeddable":true,"href":"https:\/\/kraios.app\/news\/wp-json\/wp\/v2\/comments?post=27915"}],"version-history":[{"count":0,"href":"https:\/\/kraios.app\/news\/wp-json\/wp\/v2\/posts\/27915\/revisions"}],"wp:featuredmedia":[{"embeddable":true,"href":"https:\/\/kraios.app\/news\/wp-json\/wp\/v2\/media\/27916"}],"wp:attachment":[{"href":"https:\/\/kraios.app\/news\/wp-json\/wp\/v2\/media?parent=27915"}],"wp:term":[{"taxonomy":"category","embeddable":true,"href":"https:\/\/kraios.app\/news\/wp-json\/wp\/v2\/categories?post=27915"},{"taxonomy":"post_tag","embeddable":true,"href":"https:\/\/kraios.app\/news\/wp-json\/wp\/v2\/tags?post=27915"}],"curies":[{"name":"wp","href":"https:\/\/api.w.org\/{rel}","templated":true}]}}