{"id":27907,"date":"2024-08-29T08:51:44","date_gmt":"2024-08-29T08:51:44","guid":{"rendered":"https:\/\/kraios.app\/news\/saglik\/2024\/08\/29\/topuk-kani-taramalari-ile-5-binden-fazla-bebek-erken-tedavi-imkanina-kavustu\/"},"modified":"2024-08-29T08:51:44","modified_gmt":"2024-08-29T08:51:44","slug":"topuk-kani-taramalari-ile-5-binden-fazla-bebek-erken-tedavi-imkanina-kavustu","status":"publish","type":"post","link":"https:\/\/kraios.app\/news\/saglik\/2024\/08\/29\/topuk-kani-taramalari-ile-5-binden-fazla-bebek-erken-tedavi-imkanina-kavustu\/","title":{"rendered":"&#8220;Topuk kan\u0131&#8221; taramalar\u0131 ile 5 binden fazla bebek erken tedavi imkan\u0131na kavu\u015ftu"},"content":{"rendered":"<p><\/p>\n<div>\n<p>T\u00fcrkiye&#8217;de Bakanl\u0131k \u00f6nc\u00fcl\u00fc\u011f\u00fcnde 1987&#8217;den bu yana uygulanan Yenido\u011fan Tarama Program\u0131 ile bebeklerde baz\u0131 kal\u0131tsal hastal\u0131klar\u0131n en erken d\u00f6nemde tan\u0131lanmas\u0131 ve tedavi edilmesi ama\u00e7lan\u0131yor.<\/p>\n<p>Program kapsam\u0131nda halihaz\u0131rda 6 genetik hastal\u0131\u011f\u0131n taramas\u0131 yap\u0131l\u0131yor.<\/p>\n<p>Erken d\u00f6nemde tedavi edilmedi\u011finde kal\u0131c\u0131 beyin hasar\u0131, zeka gerili\u011fi, geli\u015fme gerili\u011fine neden olan fenilketon\u00fcri (FKU), zihinsel yetersizli\u011fe yol a\u00e7an konjenital hipotiroidi (KHT), i\u015fitme kayb\u0131, n\u00f6rolojik bozukluklar gibi komplikasyonlarla seyreden biyotinidaz eksikli\u011fi (BE), akci\u011ferler ve sindirim sistemini etkileyen kistik fibrozis (KF), hormon bozuklu\u011fu olan konjenital adrenal hiperplazi (KAH) ile kal\u0131tsal ve ilerleyici kas hastal\u0131\u011f\u0131 olan spinal musk\u00fcler atrofinin (SMA) taramas\u0131 yap\u0131l\u0131yor.<\/p>\n<p>\u00d6zel filtre ka\u011f\u0131tlar\u0131na al\u0131nan birka\u00e7 damla topuk kan\u0131 \u00f6rne\u011fi, hastal\u0131k tan\u0131s\u0131 konulan bebeklerin erken tedaviyle \u00f6l\u00fcm, kal\u0131c\u0131 sakatl\u0131k, zeka gerili\u011fi, beyin hasar\u0131 gibi risklerle kar\u015f\u0131 kar\u015f\u0131ya kalmas\u0131n\u0131n \u00f6n\u00fcne ge\u00e7iyor, sa\u011fl\u0131kl\u0131 bir gelece\u011fe ad\u0131m atmalar\u0131na imkan sa\u011fl\u0131yor.<\/p>\n<h3>Ge\u00e7en y\u0131l 930 binden fazla bebek tarand\u0131<\/h3>\n<p>AA muhabirinin edindi\u011fi bilgilere g\u00f6re, 2023&#8217;te program kapsam\u0131nda 931 bin 882 bebek tarand\u0131, 5 binden fazla bebek kal\u0131tsal hastal\u0131k tan\u0131s\u0131 ald\u0131.<\/p>\n<p>B\u00f6ylelikle, erken d\u00f6nemde tedaviye y\u00f6nlendirilen bebeklerin geri d\u00f6n\u00fc\u015f\u00fc olmayan sa\u011fl\u0131k sorunlar\u0131n\u0131n \u00f6n\u00fcne ge\u00e7ildi.<\/p>\n<h3>&#8220;Topuk kan\u0131&#8221; testi nas\u0131l yap\u0131l\u0131yor?<\/h3>\n<p>Yenido\u011fan Tarama Program\u0131 kapsam\u0131nda bebe\u011fin topu\u011fundan al\u0131nacak birka\u00e7 damla kan, i\u011fneyle minik bir delik a\u00e7\u0131lmas\u0131 i\u015flemiyle ger\u00e7ekle\u015ftiriliyor. \u015e\u0131r\u0131ngan\u0131n i\u00e7erisinde kalan kan \u00f6rne\u011fi, \u00f6zel filtre ka\u011f\u0131tlar\u0131na damlat\u0131l\u0131yor.<\/p>\n<p>Hastaneden taburcu edilmeden hemen \u00f6nce yap\u0131lan bu testten tam do\u011fru sonucun al\u0131nmas\u0131 i\u00e7in bebe\u011fin yeterli miktarda beslenmi\u015f olmas\u0131 gerekiyor. Bu kan \u00f6rne\u011finde FK\u00dc, BE ve SMA hastal\u0131klar\u0131 inceleniyor.<\/p>\n<p>\u0130lk hafta i\u00e7inde aile hekimli\u011fi birimlerinde ikinci kan \u00f6rne\u011fi al\u0131n\u0131yor ve bu \u00f6rnekte de KHT, KAH, KF hastal\u0131klar\u0131 \u00e7al\u0131\u015f\u0131l\u0131yor ve FKU i\u00e7in tekrar analiz yap\u0131l\u0131yor. Yeterli miktarda kan al\u0131namamas\u0131, sonu\u00e7lar\u0131n \u015f\u00fcpheli olmas\u0131 gibi durumlarda bebekten tekrar topuk kan\u0131 almak gerekebiliyor.<\/p>\n<p>Test \u00f6rnekleri, il sa\u011fl\u0131k m\u00fcd\u00fcrl\u00fcklerince Sa\u011fl\u0131k Bakanl\u0131\u011f\u0131n\u0131n tarama laboratuvarlar\u0131na g\u00f6nderiliyor.<\/p>\n<p>Test sonu\u00e7lar\u0131n\u0131n normal \u00e7\u0131kmas\u0131 durumunda ailelere herhangi bir bildirimde bulunulmuyor. Tarama sonucu \u015f\u00fcpheli \u00e7\u0131kan bebeklerde ise ailelere ula\u015f\u0131l\u0131yor ve daha detayl\u0131 tetkikler i\u00e7in ilgili kliniklere y\u00f6nlendirmeleri yap\u0131l\u0131yor.<\/p>\n<p>                            <span class=\"detay-foto-editor\">&#13;<br \/>\n                                <a href=\"https:\/\/www.aa.com.tr\/tr\/p\/abonelik-talep-formu\/1001\" target=\"_blank\" style=\"font-size:12px; color:#444; text-decoration:none;\" rel=\"noopener\">&#13;<br \/>\n                                    Anadolu Ajans\u0131 web sitesinde, AA Haber Ak\u0131\u015f Sistemi (HAS) \u00fczerinden abonelere sunulan haberler, \u00f6zetlenerek yay\u0131mlanmaktad\u0131r. <b style=\"color:#1897F7\">Abonelik i\u00e7in l\u00fctfen ileti\u015fime ge\u00e7iniz.<\/b>&#13;<br \/>\n                                <\/a>&#13;<br \/>\n                            <\/span>\n                        <\/div>\n<p><script>\n\t  window.fbAsyncInit = function() {\n\t\tFB.init({\n\t\t  appId: '1855843514662870',\n\t\t  status : true, \/\/ check login status\n\t\t  cookie : true, \/\/ enable cookies to allow the server to access the session\n\t\t  xfbml  : true  \/\/ parse XFBML\n\t\t});\n\t  };<\/p>\n<p>\t  (function() {\n\t\tvar e = document.createElement('script');\n\t\te.src=\"https:\/\/connect.facebook.net\/tr_TR\/all.js\";\n\t\te.async = true;\n\t\tdocument.getElementById('fb-root').appendChild(e);\n\t  }());\n    <\/script><\/p>\n","protected":false},"excerpt":{"rendered":"<p>T\u00fcrkiye&#8217;de Bakanl\u0131k \u00f6nc\u00fcl\u00fc\u011f\u00fcnde 1987&#8217;den bu yana uygulanan Yenido\u011fan Tarama Program\u0131 ile bebeklerde baz\u0131 kal\u0131tsal hastal\u0131klar\u0131n en erken d\u00f6nemde tan\u0131lanmas\u0131 ve tedavi edilmesi ama\u00e7lan\u0131yor. Program kapsam\u0131nda halihaz\u0131rda 6 genetik hastal\u0131\u011f\u0131n taramas\u0131 yap\u0131l\u0131yor. Erken d\u00f6nemde tedavi edilmedi\u011finde kal\u0131c\u0131 beyin hasar\u0131, zeka gerili\u011fi, geli\u015fme gerili\u011fine neden olan fenilketon\u00fcri (FKU), zihinsel yetersizli\u011fe yol a\u00e7an konjenital hipotiroidi (KHT), i\u015fitme kayb\u0131, [&hellip;]<\/p>\n","protected":false},"author":1,"featured_media":27908,"comment_status":"","ping_status":"","sticky":false,"template":"","format":"standard","meta":[],"categories":[46],"tags":[],"_links":{"self":[{"href":"https:\/\/kraios.app\/news\/wp-json\/wp\/v2\/posts\/27907"}],"collection":[{"href":"https:\/\/kraios.app\/news\/wp-json\/wp\/v2\/posts"}],"about":[{"href":"https:\/\/kraios.app\/news\/wp-json\/wp\/v2\/types\/post"}],"author":[{"embeddable":true,"href":"https:\/\/kraios.app\/news\/wp-json\/wp\/v2\/users\/1"}],"replies":[{"embeddable":true,"href":"https:\/\/kraios.app\/news\/wp-json\/wp\/v2\/comments?post=27907"}],"version-history":[{"count":0,"href":"https:\/\/kraios.app\/news\/wp-json\/wp\/v2\/posts\/27907\/revisions"}],"wp:featuredmedia":[{"embeddable":true,"href":"https:\/\/kraios.app\/news\/wp-json\/wp\/v2\/media\/27908"}],"wp:attachment":[{"href":"https:\/\/kraios.app\/news\/wp-json\/wp\/v2\/media?parent=27907"}],"wp:term":[{"taxonomy":"category","embeddable":true,"href":"https:\/\/kraios.app\/news\/wp-json\/wp\/v2\/categories?post=27907"},{"taxonomy":"post_tag","embeddable":true,"href":"https:\/\/kraios.app\/news\/wp-json\/wp\/v2\/tags?post=27907"}],"curies":[{"name":"wp","href":"https:\/\/api.w.org\/{rel}","templated":true}]}}