{"id":27901,"date":"2024-08-28T09:28:35","date_gmt":"2024-08-28T09:28:35","guid":{"rendered":"https:\/\/kraios.app\/news\/saglik\/2024\/08\/28\/cami-avlusunda-seker-hastaligini-ogrenen-celal-dededen-saglik-taramasina-katilin-cagrisi\/"},"modified":"2024-08-28T09:28:35","modified_gmt":"2024-08-28T09:28:35","slug":"cami-avlusunda-seker-hastaligini-ogrenen-celal-dededen-saglik-taramasina-katilin-cagrisi","status":"publish","type":"post","link":"https:\/\/kraios.app\/news\/saglik\/2024\/08\/28\/cami-avlusunda-seker-hastaligini-ogrenen-celal-dededen-saglik-taramasina-katilin-cagrisi\/","title":{"rendered":"Cami avlusunda \u015feker hastal\u0131\u011f\u0131n\u0131 \u00f6\u011frenen Celal dededen &#8220;sa\u011fl\u0131k taramas\u0131na kat\u0131l\u0131n&#8221; \u00e7a\u011fr\u0131s\u0131"},"content":{"rendered":"<p><\/p>\n<div>\n<p>Ankara \u0130l Sa\u011fl\u0131k M\u00fcd\u00fcrl\u00fc\u011f\u00fc b\u00fcnyesindeki G\u00f6lba\u015f\u0131 Sa\u011fl\u0131kl\u0131 Hayat Merkezi (SHM) ekiplerinin cuma namaz\u0131 sonras\u0131 yapt\u0131\u011f\u0131 sa\u011fl\u0131k taramas\u0131nda &#8220;tip 2&#8221; diyabet hastas\u0131 oldu\u011funu \u00f6\u011frenen 75 ya\u015f\u0131ndaki Celal dede, herkese d\u00fczenli sa\u011fl\u0131k taramas\u0131 yapt\u0131rmas\u0131 \u00e7a\u011fr\u0131s\u0131nda bulundu.<\/p>\n<p>G\u00f6lba\u015f\u0131 \u0130l\u00e7e Sa\u011fl\u0131k M\u00fcd\u00fcrl\u00fc\u011f\u00fc taraf\u0131ndan sa\u011fl\u0131\u011fa y\u00f6nelik riskleri azaltmak, sa\u011fl\u0131kl\u0131 ya\u015fam tarz\u0131n\u0131 te\u015fvik etmek ve birinci basamak sa\u011fl\u0131k hizmetlerini g\u00fc\u00e7lendirmek amac\u0131yla d\u00f6rt y\u0131ld\u0131r y\u00fcr\u00fct\u00fclen &#8220;Her cuma bir camideyiz, sa\u011fl\u0131\u011f\u0131n\u0131z i\u00e7in sizinleyiz&#8221; projesi kapsam\u0131nda, SHM ekiplerince her hafta bir camide stant kuruluyor.<\/p>\n<p><img decoding=\"async\" alt=\"\" src=\"https:\/\/www.aa.com.tr\/uploads\/userFiles\/9c85db40-ef31-40fe-a989-05c7e506d5d0\/08_2024%2F28082024%2Ftarama_.jpg\"\/><\/p>\n<p>Sa\u011fl\u0131k ekipleri bu kapsamda, kanser erken te\u015fhis, tarama ve e\u011fitim merkezi (KETEM), aile planlamas\u0131 e\u011fitim merkezi (APEM), \u00fcreme sa\u011fl\u0131\u011f\u0131 e\u011fitim merkezi (\u00dcSEM), sigaray\u0131 b\u0131rakma, a\u011f\u0131z ve di\u015f sa\u011fl\u0131\u011f\u0131, bula\u015f\u0131c\u0131 hastal\u0131klar, psikolojik dan\u0131\u015fmanl\u0131k, \u00e7ocuk geli\u015fimi, fizyoterapi dan\u0131\u015fmanl\u0131\u011f\u0131 ve obezite ile m\u00fccadele gibi SHM&#8217;lerde verilen hizmetler hakk\u0131nda cami cemaatini bilgilendirerek, ihtiya\u00e7 halinde ilgili birimlere y\u00f6nlendiriyor.<\/p>\n<p>Namazdan \u00e7\u0131kan cami cemaatinin de \u015feker ve tansiyonunu \u00f6l\u00e7en ekipler, 3 y\u0131l \u00f6nce G\u00f6lba\u015f\u0131 il\u00e7esindeki Kar\u015f\u0131yaka Mahalle Cami&#8217;sinin avlusunda cuma namaz\u0131 sonras\u0131 yapt\u0131klar\u0131 sa\u011fl\u0131k taramas\u0131nda, 75 ya\u015f\u0131ndaki Celal \u00c7elikay&#8217;\u0131n diyabet hastas\u0131 oldu\u011funu tespit etti.<\/p>\n<p>Tedavisinin ba\u015flamas\u0131 ve d\u00fczenlenmesi i\u00e7in hastaneye y\u00f6nlendirilen \u00c7elikay, yap\u0131lan geni\u015f kapsaml\u0131 testlerin ard\u0131ndan &#8220;tip 2&#8221; diyabet hastas\u0131 oldu\u011funu \u00f6\u011frendi.<\/p>\n<p><img decoding=\"async\" alt=\"\" src=\"https:\/\/www.aa.com.tr\/uploads\/userFiles\/9c85db40-ef31-40fe-a989-05c7e506d5d0\/08_2024%2F28082024%2Fcelal_.jpg\"\/><\/p>\n<h3>&#8220;Sa\u011fl\u0131k\u00e7\u0131lar\u0131n \u0131srar\u0131yla tarama oldum&#8221;<\/h3>\n<p>\u00c7elikay, AA muhabirine, e\u015finin diyabet hastas\u0131 oldu\u011funu ancak kendisinde olaca\u011f\u0131na ihtimal vermedi\u011fi i\u00e7in camideki taramaya kadar hi\u00e7 test yapt\u0131rmad\u0131\u011f\u0131n\u0131 aktard\u0131.<\/p>\n<p>Diyabet hastas\u0131 oldu\u011funu cami avlusundaki sa\u011fl\u0131k taramas\u0131yla \u00f6\u011frendi\u011fini belirten \u00c7elikay, \u015f\u00f6yle konu\u015ftu:<\/p>\n<p>&#8220;Cami avlusunda 3 y\u0131l \u00f6nce sa\u011fl\u0131k\u00e7\u0131lar\u0131n \u0131srar\u0131 \u00fczerine tansiyon ve \u015feker kontrol\u00fc yapt\u0131rd\u0131m. \u015eekerim limitin \u00fcst\u00fcnde oldu\u011funu tarama sonucu \u00f6\u011frendim ve tedaviye ba\u015flad\u0131m. Bug\u00fcne kadar bir tarama yapt\u0131rmad\u0131\u011f\u0131m\u0131z i\u00e7in \u015fekerimizi de bilemedik. Bakanl\u0131\u011f\u0131m\u0131zdan Allah raz\u0131 olsun. Ondan sonra hemen bizim buradaki hastaneye gittim. Kan \u015fekerlerimizi \u00f6l\u00e7t\u00fcler. Ondan sonra \u015feker hap\u0131 verdiler. 3 y\u0131ld\u0131r \u015feker haplar\u0131 kullan\u0131yorum. \u015eimdi \u00e7ok \u015f\u00fck\u00fcr rahat\u0131m. Bir \u015fikayetim yok. Ara s\u0131ra kontrollerime gidiyorum.&#8221;<\/p>\n<p>Tedavisine ba\u015fland\u0131\u011f\u0131ndan itibaren kendini daha sa\u011fl\u0131kl\u0131 hissetti\u011fini dile getiren \u00c7elikay, ileri ya\u015ftaki vatanda\u015flara SHM&#8217;lerin taramalar\u0131na kat\u0131lmas\u0131 i\u00e7in \u00e7a\u011fr\u0131da bulundu.<\/p>\n<p>\u00c7elikay, &#8220;Bizim ya\u015f\u0131m\u0131zdaki insanlar\u0131n bu t\u00fcr \u015feylerden ka\u00e7mamas\u0131 laz\u0131m. Ama, &#8216;i\u015fte ya\u015fl\u0131l\u0131k&#8217;, &#8216;aman kim gidecek oraya&#8217;, &#8216;aman b\u00f6yle&#8217; i\u015fte o amanlar bizi mahvediyor. Ondan sonra da hastalan\u0131yoruz, eziyetini yine biz \u00e7ekiyoruz. Herkes bir an \u00f6nce tedavisini yapt\u0131rs\u0131n. Bunun alternatifi yok. Devletimiz imkan vermi\u015f her \u015feyine bak\u0131yorlar. Ben cami avlusunda \u015fifay\u0131 buldum. \u015eekeri b\u0131rakt\u0131m. \u015eimdi \u015feker gibi oldum. Herkese tavsiye ederim.&#8221;<\/p>\n<p><img decoding=\"async\" alt=\"\" src=\"https:\/\/www.aa.com.tr\/uploads\/userFiles\/9c85db40-ef31-40fe-a989-05c7e506d5d0\/08_2024%2F28082024%2Fulgen_.jpg\"\/><\/p>\n<h3>&#8220;Gen\u00e7lere ve kad\u0131nlara y\u00f6nelikte cami \u00e7\u0131k\u0131\u015f\u0131nda sa\u011fl\u0131k taramas\u0131 yap\u0131yoruz&#8221;<\/h3>\n<p>SHM&#8217;lerin \u00e7al\u0131\u015fmalar\u0131 hakk\u0131nda bilgi veren G\u00f6lba\u015f\u0131 \u0130l\u00e7e Sa\u011fl\u0131k M\u00fcd\u00fcr\u00fc Dr. \u00dclgen G\u00fcll\u00fc de sa\u011fl\u0131kl\u0131 hayat merkezlerinin vatanda\u015flar\u0131, hastalanmadan \u00f6nce korumak \u00fczere harekete ge\u00e7en birimlerden olu\u015ftu\u011funu aktard\u0131.<\/p>\n<p>Birinci basamak sa\u011fl\u0131k hizmetine ula\u015fmak i\u00e7in zaman ay\u0131ramayan vatanda\u015flara y\u00f6nelik \u00e7e\u015fitli saha etkinlikleri d\u00fczenlediklerini bildiren \u00dclgen, &#8220;Bug\u00fcn 47&#8217;inci camimizdeyiz. G\u00f6lba\u015f\u0131&#8217;nda 93 cami var. Her hafta bir camiye cuma namaz\u0131na gidiyoruz. Mahallede oturan camiye gelmeyen gen\u00e7lere ve kad\u0131nlara y\u00f6nelik de cami \u00e7\u0131k\u0131\u015f\u0131nda sa\u011fl\u0131k taramas\u0131 yap\u0131yoruz.&#8221; diye konu\u015ftu.<\/p>\n<h3>&#8220;Bug\u00fcne kadar hi\u00e7 \u015fekerine bakt\u0131rmam\u0131\u015f&#8221;<\/h3>\n<p>\u00dclgen, diyetisyen, \u00e7ocuk geli\u015fimi, sigara b\u0131rakma ve psikolog ihtiyac\u0131 bulunan vatanda\u015flara da SHM&#8217;ye gelmeleri i\u00e7in randevu verdiklerini ifade ederek, zaman zaman camilerde ilgin\u00e7 vakalarla kar\u015f\u0131la\u015ft\u0131klar\u0131n\u0131 s\u00f6yledi.<\/p>\n<p>SHM&#8217;lerin yapt\u0131\u011f\u0131 sa\u011fl\u0131k taramas\u0131n\u0131n ard\u0131ndan ortaya \u00e7\u0131kan erken te\u015fhislerin \u00f6nemine dikkati \u00e7eken \u00dclgen, s\u00f6zlerini \u015f\u00f6yle s\u00fcrd\u00fcrd\u00fc:<\/p>\n<p>&#8220;Bundan 3 y\u0131l \u00f6nce Kar\u015f\u0131yaka Camisi&#8217;nde Celal amcan\u0131n \u015fekerini y\u00fcksek tespit etmi\u015fiz ve kendisini bilgilendirip hastaneye sevk etmi\u015fiz. E\u015fi de diyabet hastas\u0131 ve bug\u00fcne kadar hi\u00e7 \u015fekerine bakt\u0131rmam\u0131\u015f &#8216;\u015fikayetim yok&#8217; diye. Bu hastal\u0131klar, kronik ve v\u00fccudun t\u00fcm\u00fcn\u00fc etkilemektedir. Hastal\u0131\u011f\u0131 ilerleseydi g\u00f6zleri g\u00f6rmeyebilirdi. O takdirde evde evinin i\u015flerini, kendi i\u015flerini yapamayabilirdi ya da inme ge\u00e7irebilirdi. B\u00f6breklere de \u00e7ok yo\u011fun zarar\u0131 oluyor.<\/p>\n<p>Kronik b\u00f6brek yetmezliklerinin \u00f6nemli bir k\u0131sm\u0131, \u015feker hastal\u0131\u011f\u0131n\u0131 kontrol etmedi\u011fi i\u00e7in bu duruma gelen insanlardan olu\u015fuyor. \u015eeker hastalar\u0131n\u0131n ellerinde, ayaklar\u0131nda uyu\u015fukluklar olu\u015fur. O y\u00fczden \u00e7ok \u00e7arparlar ve fark etmediklerini i\u00e7in yaralar olu\u015fur ve ge\u00e7 iyile\u015fir. Onun d\u0131\u015f\u0131nda mesela \u015feker hastal\u0131\u011f\u0131 a\u011f\u0131z kurulu\u011fu yapt\u0131\u011f\u0131 i\u00e7in a\u011f\u0131z-di\u015f hijyenini \u00e7ok bozar, di\u015fler \u00e7\u00fcr\u00fcr. \u015eu anda Celal amcan\u0131n \u00f6yle bir riski yok. Arkada\u015flar\u0131n\u0131n verdi\u011fi baklava ikramlar\u0131n\u0131 geri \u00e7evirmekten dolay\u0131 \u00e7ok mutsuz. Hep &#8216;siz sebep oldunuz&#8217; diyor. &#8216;Ne g\u00fczel baklavam\u0131 yiyordum&#8217; diyor ama sa\u011fl\u0131\u011f\u0131 yerinde \u00e7ok \u015f\u00fck\u00fcr.&#8221;<\/p>\n<p>                            <span class=\"detay-foto-editor\">&#13;<br \/>\n                                <a href=\"https:\/\/www.aa.com.tr\/tr\/p\/abonelik-talep-formu\/1001\" target=\"_blank\" style=\"font-size:12px; color:#444; text-decoration:none;\" rel=\"noopener\">&#13;<br \/>\n                                    Anadolu Ajans\u0131 web sitesinde, AA Haber Ak\u0131\u015f Sistemi (HAS) \u00fczerinden abonelere sunulan haberler, \u00f6zetlenerek yay\u0131mlanmaktad\u0131r. <b style=\"color:#1897F7\">Abonelik i\u00e7in l\u00fctfen ileti\u015fime ge\u00e7iniz.<\/b>&#13;<br \/>\n                                <\/a>&#13;<br \/>\n                            <\/span>\n                        <\/div>\n<p><script>\n\t  window.fbAsyncInit = function() {\n\t\tFB.init({\n\t\t  appId: '1855843514662870',\n\t\t  status : true, \/\/ check login status\n\t\t  cookie : true, \/\/ enable cookies to allow the server to access the session\n\t\t  xfbml  : true  \/\/ parse XFBML\n\t\t});\n\t  };<\/p>\n<p>\t  (function() {\n\t\tvar e = document.createElement('script');\n\t\te.src=\"https:\/\/connect.facebook.net\/tr_TR\/all.js\";\n\t\te.async = true;\n\t\tdocument.getElementById('fb-root').appendChild(e);\n\t  }());\n    <\/script><\/p>\n","protected":false},"excerpt":{"rendered":"<p>Ankara \u0130l Sa\u011fl\u0131k M\u00fcd\u00fcrl\u00fc\u011f\u00fc b\u00fcnyesindeki G\u00f6lba\u015f\u0131 Sa\u011fl\u0131kl\u0131 Hayat Merkezi (SHM) ekiplerinin cuma namaz\u0131 sonras\u0131 yapt\u0131\u011f\u0131 sa\u011fl\u0131k taramas\u0131nda &#8220;tip 2&#8221; diyabet hastas\u0131 oldu\u011funu \u00f6\u011frenen 75 ya\u015f\u0131ndaki Celal dede, herkese d\u00fczenli sa\u011fl\u0131k taramas\u0131 yapt\u0131rmas\u0131 \u00e7a\u011fr\u0131s\u0131nda bulundu. G\u00f6lba\u015f\u0131 \u0130l\u00e7e Sa\u011fl\u0131k M\u00fcd\u00fcrl\u00fc\u011f\u00fc taraf\u0131ndan sa\u011fl\u0131\u011fa y\u00f6nelik riskleri azaltmak, sa\u011fl\u0131kl\u0131 ya\u015fam tarz\u0131n\u0131 te\u015fvik etmek ve birinci basamak sa\u011fl\u0131k hizmetlerini g\u00fc\u00e7lendirmek amac\u0131yla [&hellip;]<\/p>\n","protected":false},"author":1,"featured_media":27902,"comment_status":"","ping_status":"","sticky":false,"template":"","format":"standard","meta":[],"categories":[46],"tags":[],"_links":{"self":[{"href":"https:\/\/kraios.app\/news\/wp-json\/wp\/v2\/posts\/27901"}],"collection":[{"href":"https:\/\/kraios.app\/news\/wp-json\/wp\/v2\/posts"}],"about":[{"href":"https:\/\/kraios.app\/news\/wp-json\/wp\/v2\/types\/post"}],"author":[{"embeddable":true,"href":"https:\/\/kraios.app\/news\/wp-json\/wp\/v2\/users\/1"}],"replies":[{"embeddable":true,"href":"https:\/\/kraios.app\/news\/wp-json\/wp\/v2\/comments?post=27901"}],"version-history":[{"count":0,"href":"https:\/\/kraios.app\/news\/wp-json\/wp\/v2\/posts\/27901\/revisions"}],"wp:featuredmedia":[{"embeddable":true,"href":"https:\/\/kraios.app\/news\/wp-json\/wp\/v2\/media\/27902"}],"wp:attachment":[{"href":"https:\/\/kraios.app\/news\/wp-json\/wp\/v2\/media?parent=27901"}],"wp:term":[{"taxonomy":"category","embeddable":true,"href":"https:\/\/kraios.app\/news\/wp-json\/wp\/v2\/categories?post=27901"},{"taxonomy":"post_tag","embeddable":true,"href":"https:\/\/kraios.app\/news\/wp-json\/wp\/v2\/tags?post=27901"}],"curies":[{"name":"wp","href":"https:\/\/api.w.org\/{rel}","templated":true}]}}