{"id":27897,"date":"2024-08-28T08:26:36","date_gmt":"2024-08-28T08:26:36","guid":{"rendered":"https:\/\/kraios.app\/news\/saglik\/2024\/08\/28\/istanbul-il-saglik-muduru-guner-kentte-bulasici-hastaliklara-yonelik-mucadeleyi-anlatti\/"},"modified":"2024-08-28T08:26:36","modified_gmt":"2024-08-28T08:26:36","slug":"istanbul-il-saglik-muduru-guner-kentte-bulasici-hastaliklara-yonelik-mucadeleyi-anlatti","status":"publish","type":"post","link":"https:\/\/kraios.app\/news\/saglik\/2024\/08\/28\/istanbul-il-saglik-muduru-guner-kentte-bulasici-hastaliklara-yonelik-mucadeleyi-anlatti\/","title":{"rendered":"\u0130stanbul \u0130l Sa\u011fl\u0131k M\u00fcd\u00fcr\u00fc G\u00fcner, kentte bula\u015f\u0131c\u0131 hastal\u0131klara y\u00f6nelik m\u00fccadeleyi anlatt\u0131"},"content":{"rendered":"<p><\/p>\n<div>\n<p>\u0130stanbul \u0130l Sa\u011fl\u0131k M\u00fcd\u00fcr\u00fc Do\u00e7. Dr. Abdullah Emre G\u00fcner, herhangi bir durumda kentteki sa\u011fl\u0131k sisteminin bula\u015f\u0131c\u0131 hastal\u0131klarla m\u00fccadele edecek kuvvetle oldu\u011funu belirterek, &#8220;\u0130stanbul&#8217;da \u015fu anda maymun \u00e7i\u00e7e\u011fi vakam\u0131z yok. Bu d\u00f6nemde dezenformasyonlar\u0131n \u00f6n\u00fcne ge\u00e7ece\u011fimiz tek husus, resmi a\u00e7\u0131klamalar\u0131n takip edilmesi.&#8221; dedi.<\/p>\n<p>G\u00fcner, AA muhabirine yapt\u0131\u011f\u0131 a\u00e7\u0131klamada, \u0130stanbul&#8217;un d\u00fcnyan\u0131n sa\u011fl\u0131k ba\u015fkenti oldu\u011funu, \u015fehri daha iyi noktalara ta\u015f\u0131mak i\u00e7in ellerinden geleni yapacaklar\u0131n\u0131 s\u00f6yledi.<\/p>\n<p>T\u00fcrkiye&#8217;de Sa\u011fl\u0131kta D\u00f6n\u00fc\u015f\u00fcm Projesi ile sa\u011fl\u0131k alan\u0131nda b\u00fcy\u00fck at\u0131l\u0131m yap\u0131ld\u0131\u011f\u0131n\u0131 belirten G\u00fcner, \u0130stanbul&#8217;da da bu at\u0131l\u0131m\u0131n g\u00f6zle g\u00f6r\u00fcld\u00fc\u011f\u00fcn\u00fc anlatt\u0131.<\/p>\n<p>G\u00fcner, T\u00fcrkiye&#8217;de d\u00fcnyadaki en iyi sa\u011fl\u0131k hizmetinin verildi\u011fini vurgulayarak, &#8220;\u0130stanbul&#8217;da y\u00fcksek akademik hizmet sunuyoruz. \u0130lk amac\u0131m\u0131z, \u0130stanbul ve t\u00fcm T\u00fcrkiye&#8217;de insanlar\u0131m\u0131z\u0131n sa\u011fl\u0131\u011f\u0131n\u0131 korumak.&#8221; ifadelerini kulland\u0131.<\/p>\n<p>Her vatanda\u015f\u0131n bir aile hekimi bulundu\u011funu dile getiren G\u00fcner, &#8220;Aile hekimi asl\u0131nda ailemizin bir ferdi, ailenizin sa\u011fl\u0131k dan\u0131\u015fman\u0131. \u0130kinci, \u00fc\u00e7\u00fcnc\u00fc basamaktan alaca\u011f\u0131n\u0131z hizmetin rehberli\u011fini yapan, ondan ziyade sa\u011fl\u0131\u011f\u0131n geli\u015ftirilmesi dedi\u011fimiz sa\u011fl\u0131\u011f\u0131n korunmas\u0131, sa\u011fl\u0131kl\u0131 ya\u015fam k\u00fclt\u00fcr\u00fcyle ilgili bilgiyi veren noktada. En \u00f6nemli yapmam\u0131z gereken \u015fey, vatanda\u015f ile aile hekimi aras\u0131ndaki g\u00fcc\u00fc art\u0131rmak, ba\u011f\u0131 g\u00fc\u00e7lendirmek.&#8221; diye konu\u015ftu.<\/p>\n<p>Koruyucu sa\u011fl\u0131k hizmetleri konusunda bilgilendirmenin daha da art\u0131r\u0131lmas\u0131 gerekti\u011finin alt\u0131n\u0131 \u00e7izen G\u00fcner, \u015f\u00f6yle devam etti:<\/p>\n<p>&#8220;\u00c7\u00fcnk\u00fc aile hekimli\u011finde vatanda\u015f, aile hekiminden alabilece\u011fi hizmetlerinin \u00e7o\u011fundan bihaber. \u015eu anda MHRS ile ilgili problemler genelde aksettirilmesine ra\u011fmen aile hekimlerine randevusuz ba\u015fvurulabiliyor. Aile hekimleri, kanser taramalar\u0131, \u00e7ocuk izlemleri, a\u015f\u0131lama hizmetleri gibi farkl\u0131 \u015feyleri takip ediyor. \u00d6rne\u011fin kanser taramas\u0131nda riskli \u00e7\u0131kt\u0131\u011f\u0131n\u0131zda sizin \u0130stanbul&#8217;da ikinci, \u00fc\u00e7\u00fcnc\u00fc basamakl\u0131 alaca\u011f\u0131n\u0131z randevuyu Sa\u011fl\u0131k M\u00fcd\u00fcrl\u00fc\u011f\u00fc olarak biz al\u0131yoruz aile hekimli\u011fi vas\u0131tas\u0131yla. Onun ilerleyen tetkiklerinde hizmetleri MHRS&#8217;den ba\u011f\u0131ms\u0131z \u015fekilde y\u00fcr\u00fct\u00fcyoruz. Aile hekimli\u011finde vatanda\u015flar\u0131n faydalanabildi\u011fi \u00e7ok hizmet var. Tahlil a\u00e7\u0131s\u0131ndan 46 parametrede aile hekiminde hizmet veriyoruz.&#8221;<\/p>\n<p>D\u00fcnyada yak\u0131n zamanda salg\u0131n d\u00f6nemi ya\u015fand\u0131\u011f\u0131n\u0131 hat\u0131rlatan G\u00fcner, T\u00fcrkiye&#8217;nin bu d\u00f6nemde, salg\u0131na haz\u0131r oldu\u011funu daha \u00f6nceki y\u0131llardaki tecr\u00fcbeleriyle d\u00fcnyaya g\u00f6sterdi\u011fini kaydetti.<\/p>\n<p>D\u00fcnyan\u0131n b\u00fcy\u00fck \u015fehirlerinde salg\u0131n d\u00f6neminde s\u0131k\u0131nt\u0131lar\u0131n\u0131n ya\u015fand\u0131\u011f\u0131n\u0131 an\u0131msatan G\u00fcner, \u0130stanbul&#8217;da ise sa\u011fl\u0131k hizmetlerinin ba\u015far\u0131yla verildi\u011fini anlatt\u0131.<\/p>\n<h3>&#8220;Herhangi bir salg\u0131n beklentimiz yok&#8221;<\/h3>\n<p>G\u00fcner, M \u00e7i\u00e7e\u011fi vir\u00fcs\u00fcyle (mpox) ilgili vatanda\u015flar\u0131n hassasiyeti, tedirginli\u011fi oldu\u011funu, ya\u015fanan salg\u0131n d\u00f6neminde evlerden bir s\u00fcre \u00e7\u0131k\u0131lamad\u0131\u011f\u0131n\u0131 belirterek, \u015fu ifadeleri kulland\u0131:<\/p>\n<p>&#8220;\u0130stanbul&#8217;da \u015fu anda maymun \u00e7i\u00e7e\u011fi vakam\u0131z yok. Bu d\u00f6nemde dezenformasyonlar\u0131n \u00f6n\u00fcne ge\u00e7ece\u011fimiz tek husus, resmi a\u00e7\u0131klamalar\u0131n takip edilmesi. Maymun \u00e7i\u00e7e\u011fi ile Kovid aras\u0131nda \u00e7ok b\u00fcy\u00fck fark var. Birisi uzun s\u00fcreli temastan bula\u015fan bir hastal\u0131k, Kovid ise solunum yoluyla bula\u015fan bir hastal\u0131k. Ondan dolay\u0131 bula\u015ft\u0131rma katsay\u0131s\u0131 d\u00fc\u015f\u00fck bir hastal\u0131k. Vatanda\u015flar\u0131m\u0131z m\u00fcsterih olsun, herhangi bir durumda bizim her t\u00fcrl\u00fc noktada sa\u011fl\u0131k sistemimiz bula\u015f\u0131c\u0131 hastal\u0131klarla m\u00fccadele edecek kuvvette.&#8221;<\/p>\n<p>Bat\u0131 Nil vir\u00fcs\u00fcn\u00fcn hayvan yoluyla bulu\u015fan bir hastal\u0131k oldu\u011funa i\u015faret eden G\u00fcner, &#8220;Bununla beraber isimlerini sayamayaca\u011f\u0131m\u0131z bula\u015f\u0131c\u0131 hastal\u0131klar var. Bunlar\u0131n hepsini takip etmek y\u00f6n\u00fcnde bilin\u00e7lenmeniz gerekiyor. \u00c7\u00fcnk\u00fc bilmedi\u011fimizden korkmam\u0131z normal. Herhangi bir hususta tedirgin olmadan, Bakanl\u0131\u011f\u0131m\u0131z\u0131n bilgilendirme sayfalar\u0131, bilgilendirme rehberleri takip edilmeli. Bakanl\u0131\u011f\u0131m\u0131z s\u0131k\u0131nt\u0131l\u0131 bir durum oldu\u011funda bilgilendirme yap\u0131yor. \u015eu anda herhangi bir s\u0131k\u0131nt\u0131 yok, herhangi bir pandemiyle ilgili bir salg\u0131n beklentimiz yok.&#8221; dedi.<\/p>\n<h3>&#8220;\u0130stanbul&#8217;da tek riskli sa\u011fl\u0131k tesisi kalmayana kadar yenilemeye devam edece\u011fiz&#8221;<\/h3>\n<p>Depremin T\u00fcrkiye&#8217;nin ger\u00e7e\u011fi oldu\u011funu vurgulayan G\u00fcner, Silivri&#8217;de ya\u015fanan depremin ard\u0131ndan o d\u00f6nemde \u0130l Sa\u011fl\u0131k M\u00fcd\u00fcr\u00fc olan Sa\u011fl\u0131k Bakan\u0131 Kemal Memi\u015fo\u011flu taraf\u0131ndan \u0130stanbul&#8217;da geni\u015f kapsaml\u0131 \u00e7al\u0131\u015fma ba\u015flat\u0131ld\u0131\u011f\u0131n\u0131 s\u00f6yledi.<\/p>\n<p>G\u00fcner, \u0130stanbul&#8217;da depreme kar\u015f\u0131 bir\u00e7ok hastanenin yenilendi\u011fini dile getirerek, \u015funlar\u0131 kaydetti:<\/p>\n<p>&#8220;\u0130stanbul Valimizin koordinasyonunda, Sa\u011fl\u0131k Bakanl\u0131\u011f\u0131m\u0131z\u0131n yat\u0131r\u0131mlar\u0131yla 18 hastane a\u00e7\u0131ld\u0131 son 8 sene i\u00e7erisinde. Yeni a\u00e7\u0131lan hastanelerin \u00e7o\u011fu izolat\u00f6rl\u00fc, depremden etkilenmeyen temel yap\u0131lar\u0131 olan hastaneler. \u0130stanbul&#8217;da tek bir riskli sa\u011fl\u0131k tesisi kalmayana kadar tesisleri yenilemeye devam edece\u011fiz. Yeni planlar\u0131m\u0131z var, k\u0131sa zamanda Haydarpa\u015fa Numune, Siyami Ersek ve Fatih Sultan Mehmet hastanelerinde yeni projeleri hayata ge\u00e7irece\u011fiz. S\u00fcreyyapa\u015fa G\u00f6\u011f\u00fcs Hastal\u0131klar\u0131 Hastanesi olsun Bak\u0131rk\u00f6y Ruh ve Sinir Hastal\u0131klar\u0131 Hastanesi olsun, yerinde, depreme dayan\u0131kl\u0131 \u015fekilde yeniden in\u015falar\u0131 planlanm\u0131\u015f durumda.&#8221;<\/p>\n<h3>&#8220;En iyi randevuyu aile hekimi al\u0131r&#8221;<\/h3>\n<p>T\u00fcrkiye&#8217;de bir ki\u015finin y\u0131lda ortalama 12 kez hastaneye veya aile hekimli\u011fine ba\u015fvurdu\u011funu belirten G\u00fcner, d\u00fcnyada bu ortalaman\u0131n 6 oldu\u011funu ifade etti.<\/p>\n<p>G\u00fcner, T\u00fcrkiye&#8217;de bir hastan\u0131n istedi\u011fi b\u00f6l\u00fcmden, istedi\u011fi yerden randevu alabildi\u011fini aktararak, &#8220;Vatanda\u015f\u0131m\u0131za burada tavsiyemiz, en iyi randevuyu aile hekimi al\u0131r. Aile hekimli\u011fine ba\u015fvurursa, aile hekimli\u011fi o ki\u015fi i\u00e7in ihtiyac\u0131 olan en do\u011fru randevuyu belirler. Asl\u0131nda ilk ba\u015fvurumuzu aile hekimine yap\u0131p, aile hekimimize sormam\u0131z laz\u0131m. \u00c7\u00fcnk\u00fc o bizim sa\u011fl\u0131k dan\u0131\u015fman\u0131m\u0131z, ailemizin sa\u011fl\u0131k avukat\u0131. Ona sormal\u0131y\u0131z hangi hastaneye, kime gitmemiz laz\u0131m, randevuyu nereden almam\u0131z laz\u0131m diye.&#8221; dedi.<\/p>\n<p>Sa\u011fl\u0131kta \u015fiddete s\u0131f\u0131r toleransla yakla\u015ft\u0131klar\u0131n\u0131, bu konuya \u00e7ok \u00f6nem verdiklerini vurgulayan G\u00fcner, &#8220;Vatanda\u015f\u0131m\u0131z her ne durumda olursa olsun, ona \u015fifa veren ele el kald\u0131rmamas\u0131 gerekiyor. Bu konuda Adalet Bakanl\u0131\u011f\u0131n\u0131n, Sa\u011fl\u0131k Bakanl\u0131\u011f\u0131m\u0131z\u0131n uygulamalar\u0131 ve mevzuat d\u00fczenlemeleri oldu. \u0130stanbul&#8217;da herhangi bir sa\u011fl\u0131k \u00e7al\u0131\u015fan\u0131 \u015fiddete u\u011frad\u0131\u011f\u0131nda, \u015fiddete maruz kald\u0131\u011f\u0131nda Sa\u011fl\u0131k M\u00fcd\u00fcrl\u00fc\u011f\u00fc olarak her t\u00fcrl\u00fc hukuki destek olsun sosyal destek olsun, sa\u011fl\u0131k personelinin yan\u0131nday\u0131z. Sa\u011fl\u0131k \u00e7al\u0131\u015fanlar\u0131 ilk ba\u015fta vatanda\u015f\u0131m\u0131za emanettir. Vatanda\u015f\u0131m\u0131z\u0131n sa\u011fl\u0131kta \u015fiddete kar\u015f\u0131 \u00e7\u0131kmas\u0131 gerekiyor.&#8221; diye konu\u015ftu.<\/p>\n<p>G\u00fcner, \u0130stanbul&#8217;un sa\u011fl\u0131k turizminde cazibe noktas\u0131 oldu\u011funu, sunulan hizmetin t\u00fcm d\u00fcnyada takdir g\u00f6rd\u00fc\u011f\u00fcn\u00fc s\u00f6zlerine ekledi.<\/p>\n<p>                            <span class=\"detay-foto-editor\">&#13;<br \/>\n                                <a href=\"https:\/\/www.aa.com.tr\/tr\/p\/abonelik-talep-formu\/1001\" target=\"_blank\" style=\"font-size:12px; color:#444; text-decoration:none;\" rel=\"noopener\">&#13;<br \/>\n                                    Anadolu Ajans\u0131 web sitesinde, AA Haber Ak\u0131\u015f Sistemi (HAS) \u00fczerinden abonelere sunulan haberler, \u00f6zetlenerek yay\u0131mlanmaktad\u0131r. <b style=\"color:#1897F7\">Abonelik i\u00e7in l\u00fctfen ileti\u015fime ge\u00e7iniz.<\/b>&#13;<br \/>\n                                <\/a>&#13;<br \/>\n                            <\/span>\n                        <\/div>\n<p><script>\n\t  window.fbAsyncInit = function() {\n\t\tFB.init({\n\t\t  appId: '1855843514662870',\n\t\t  status : true, \/\/ check login status\n\t\t  cookie : true, \/\/ enable cookies to allow the server to access the session\n\t\t  xfbml  : true  \/\/ parse XFBML\n\t\t});\n\t  };<\/p>\n<p>\t  (function() {\n\t\tvar e = document.createElement('script');\n\t\te.src=\"https:\/\/connect.facebook.net\/tr_TR\/all.js\";\n\t\te.async = true;\n\t\tdocument.getElementById('fb-root').appendChild(e);\n\t  }());\n    <\/script><\/p>\n","protected":false},"excerpt":{"rendered":"<p>\u0130stanbul \u0130l Sa\u011fl\u0131k M\u00fcd\u00fcr\u00fc Do\u00e7. Dr. Abdullah Emre G\u00fcner, herhangi bir durumda kentteki sa\u011fl\u0131k sisteminin bula\u015f\u0131c\u0131 hastal\u0131klarla m\u00fccadele edecek kuvvetle oldu\u011funu belirterek, &#8220;\u0130stanbul&#8217;da \u015fu anda maymun \u00e7i\u00e7e\u011fi vakam\u0131z yok. Bu d\u00f6nemde dezenformasyonlar\u0131n \u00f6n\u00fcne ge\u00e7ece\u011fimiz tek husus, resmi a\u00e7\u0131klamalar\u0131n takip edilmesi.&#8221; dedi. G\u00fcner, AA muhabirine yapt\u0131\u011f\u0131 a\u00e7\u0131klamada, \u0130stanbul&#8217;un d\u00fcnyan\u0131n sa\u011fl\u0131k ba\u015fkenti oldu\u011funu, \u015fehri daha iyi noktalara [&hellip;]<\/p>\n","protected":false},"author":1,"featured_media":27898,"comment_status":"","ping_status":"","sticky":false,"template":"","format":"standard","meta":[],"categories":[46],"tags":[],"_links":{"self":[{"href":"https:\/\/kraios.app\/news\/wp-json\/wp\/v2\/posts\/27897"}],"collection":[{"href":"https:\/\/kraios.app\/news\/wp-json\/wp\/v2\/posts"}],"about":[{"href":"https:\/\/kraios.app\/news\/wp-json\/wp\/v2\/types\/post"}],"author":[{"embeddable":true,"href":"https:\/\/kraios.app\/news\/wp-json\/wp\/v2\/users\/1"}],"replies":[{"embeddable":true,"href":"https:\/\/kraios.app\/news\/wp-json\/wp\/v2\/comments?post=27897"}],"version-history":[{"count":0,"href":"https:\/\/kraios.app\/news\/wp-json\/wp\/v2\/posts\/27897\/revisions"}],"wp:featuredmedia":[{"embeddable":true,"href":"https:\/\/kraios.app\/news\/wp-json\/wp\/v2\/media\/27898"}],"wp:attachment":[{"href":"https:\/\/kraios.app\/news\/wp-json\/wp\/v2\/media?parent=27897"}],"wp:term":[{"taxonomy":"category","embeddable":true,"href":"https:\/\/kraios.app\/news\/wp-json\/wp\/v2\/categories?post=27897"},{"taxonomy":"post_tag","embeddable":true,"href":"https:\/\/kraios.app\/news\/wp-json\/wp\/v2\/tags?post=27897"}],"curies":[{"name":"wp","href":"https:\/\/api.w.org\/{rel}","templated":true}]}}