{"id":27893,"date":"2024-08-27T10:32:36","date_gmt":"2024-08-27T10:32:36","guid":{"rendered":"https:\/\/kraios.app\/news\/saglik\/2024\/08\/27\/kalbindeki-kanser-kitlesi-alinan-genc-mimar-sagligina-kavustu\/"},"modified":"2024-08-27T10:32:36","modified_gmt":"2024-08-27T10:32:36","slug":"kalbindeki-kanser-kitlesi-alinan-genc-mimar-sagligina-kavustu","status":"publish","type":"post","link":"https:\/\/kraios.app\/news\/saglik\/2024\/08\/27\/kalbindeki-kanser-kitlesi-alinan-genc-mimar-sagligina-kavustu\/","title":{"rendered":"Kalbindeki kanser kitlesi al\u0131nan gen\u00e7 mimar sa\u011fl\u0131\u011f\u0131na kavu\u015ftu"},"content":{"rendered":"<p><\/p>\n<div>\n<p>Denizli&#8217;de ya\u015fayan 30 ya\u015f\u0131ndaki mimar Berkcan Demirel, 4 ay \u00f6nce, g\u00f6z kapa\u011f\u0131ndaki d\u00fc\u015f\u00fckl\u00fck ve dudak kaslar\u0131nda istemsiz hareket nedeniyle Sa\u011fl\u0131k Bilimleri \u00dcniversitesi (SB\u00dc) Dr. Suat Seren G\u00f6\u011f\u00fcs Hastal\u0131klar\u0131 ve Cerrahisi E\u011fitim ve Ara\u015ft\u0131rma Hastanesine ba\u015fvurdu.<\/p>\n<p>Muayene edilen Demirel&#8217;e bir \u00e7e\u015fit kas hastal\u0131\u011f\u0131 olan &#8220;myastenia gravis&#8221; te\u015fhisi konuldu.<\/p>\n<p>Kas zay\u0131fl\u0131\u011f\u0131 nedeniyle ayakta durmakta zorlanan Demirel, SB\u00dc \u0130zmir T\u0131p Fak\u00fcltesi G\u00f6\u011f\u00fcs Cerrahisi Ana Bilim Dal\u0131 \u00d6\u011fretim \u00dcyesi Prof. Dr. Kenan Can Ceylan taraf\u0131ndan muayene edildi.<\/p>\n<p><img decoding=\"async\" alt=\"\" src=\"https:\/\/www.aa.com.tr\/uploads\/userFiles\/9c85db40-ef31-40fe-a989-05c7e506d5d0\/08_2024%2F27082024%2Fberkcan1_.jpg\"\/><\/p>\n<p>Tetkiklerde Demirel&#8217;in kalbinin ana damarlar\u0131 \u00fczerinde bir t\u00fcm\u00f6r fark edildi. Bunun \u00fczerine kalbin \u00e7al\u0131\u015fmas\u0131n\u0131 etkileyen kitleyi bulundu\u011fu yerden \u00e7\u0131karmak i\u00e7in kapal\u0131 ameliyat planland\u0131.<\/p>\n<p>Prof. Dr. Ceylan ve ekibi, hastan\u0131n g\u00f6\u011fs\u00fcn\u00fcn 3 noktas\u0131ndan 2 santimetrelik deliklerden girerek t\u00fcm\u00f6r\u00fc bulundu\u011fu yerden \u00e7\u0131kard\u0131.<\/p>\n<h3>&#8220;Hastan\u0131n ya\u015f\u0131 ve bulundu\u011fu yer itibar\u0131yla \u00e7ok nadir bir t\u00fcm\u00f6r \u00e7e\u015fidi&#8221;<\/h3>\n<p>Prof. Dr. Kenan Can Ceylan, AA muhabirine, Demirel&#8217;in hastaneye ba\u015fvurdu\u011funda ya\u015fam kalitesinin azald\u0131\u011f\u0131n\u0131, ayakta durmakta bile zorland\u0131\u011f\u0131n\u0131 s\u00f6yledi.<\/p>\n<p>\u0130leri tetkiklerde hastaya timus kanseri te\u015fhisi koyduklar\u0131n\u0131 hat\u0131rlatan Ceylan, &#8220;Hastan\u0131n ya\u015f\u0131 ve bulundu\u011fu yer itibar\u0131yla \u00e7ok nadir olan bu t\u00fcm\u00f6r\u00fc ekip arkada\u015flar\u0131m\u0131zla hassas bir operasyon y\u00fcr\u00fcterek kalbin \u00fczerindeki damardan ald\u0131k. \u00c7\u00fcnk\u00fc hasta normal \u015fartlarda kitlenin \u00e7ok k\u00fc\u00e7\u00fclm\u00fc\u015f oldu\u011funu d\u00fc\u015f\u00fcnd\u00fc\u011f\u00fcm\u00fcz bir ya\u015f grubundayken tam aksine b\u00fcy\u00fcm\u00fc\u015f kendini g\u00f6steren k\u00f6t\u00fc bir durum ortaya koydu.&#8221; dedi.<\/p>\n<p>T\u00fcm\u00f6r\u00fcn kalp ana damarlar\u0131n\u0131n \u00fczerinde bulunmas\u0131 nedeniyle hassas bir ameliyat plan\u0131 yapt\u0131klar\u0131n\u0131 dile getiren Ceylan, operasyon sonras\u0131 hastan\u0131n sa\u011fl\u0131\u011f\u0131na kavu\u015ftu\u011funu s\u00f6zlerine ekledi.<\/p>\n<p>Berkcan Demirel de ya\u015fad\u0131\u011f\u0131 sa\u011fl\u0131k sorunlar\u0131 nedeniyle zor g\u00fcnler ge\u00e7irdi\u011fini anlatt\u0131.<\/p>\n<p>Ameliyat \u00f6ncesi kendisi ve ailesinin s\u0131k s\u0131k bilgilendirildi\u011fini vurgulayan Demirel, &#8220;Ameliyatla kanserli b\u00f6l\u00fcmden kurtuldum. Bir s\u00fcredir kullanamad\u0131\u011f\u0131m kaslar\u0131m art\u0131k normale d\u00f6nd\u00fc. \u0130la\u00e7 kulland\u0131\u011f\u0131m i\u00e7in kas hastal\u0131\u011f\u0131m\u0131n belirtileri belli bir seviyede bask\u0131land\u0131. Art\u0131k bir an \u00f6nce meslek hayat\u0131ma d\u00f6nmek istiyorum.&#8221; diye konu\u015ftu.<\/p>\n<p>                            <span class=\"detay-foto-editor\">&#13;<br \/>\n                                <a href=\"https:\/\/www.aa.com.tr\/tr\/p\/abonelik-talep-formu\/1001\" target=\"_blank\" style=\"font-size:12px; color:#444; text-decoration:none;\" rel=\"noopener\">&#13;<br \/>\n                                    Anadolu Ajans\u0131 web sitesinde, AA Haber Ak\u0131\u015f Sistemi (HAS) \u00fczerinden abonelere sunulan haberler, \u00f6zetlenerek yay\u0131mlanmaktad\u0131r. <b style=\"color:#1897F7\">Abonelik i\u00e7in l\u00fctfen ileti\u015fime ge\u00e7iniz.<\/b>&#13;<br \/>\n                                <\/a>&#13;<br \/>\n                            <\/span>\n                        <\/div>\n<p><script>\n\t  window.fbAsyncInit = function() {\n\t\tFB.init({\n\t\t  appId: '1855843514662870',\n\t\t  status : true, \/\/ check login status\n\t\t  cookie : true, \/\/ enable cookies to allow the server to access the session\n\t\t  xfbml  : true  \/\/ parse XFBML\n\t\t});\n\t  };<\/p>\n<p>\t  (function() {\n\t\tvar e = document.createElement('script');\n\t\te.src=\"https:\/\/connect.facebook.net\/tr_TR\/all.js\";\n\t\te.async = true;\n\t\tdocument.getElementById('fb-root').appendChild(e);\n\t  }());\n    <\/script><\/p>\n","protected":false},"excerpt":{"rendered":"<p>Denizli&#8217;de ya\u015fayan 30 ya\u015f\u0131ndaki mimar Berkcan Demirel, 4 ay \u00f6nce, g\u00f6z kapa\u011f\u0131ndaki d\u00fc\u015f\u00fckl\u00fck ve dudak kaslar\u0131nda istemsiz hareket nedeniyle Sa\u011fl\u0131k Bilimleri \u00dcniversitesi (SB\u00dc) Dr. Suat Seren G\u00f6\u011f\u00fcs Hastal\u0131klar\u0131 ve Cerrahisi E\u011fitim ve Ara\u015ft\u0131rma Hastanesine ba\u015fvurdu. Muayene edilen Demirel&#8217;e bir \u00e7e\u015fit kas hastal\u0131\u011f\u0131 olan &#8220;myastenia gravis&#8221; te\u015fhisi konuldu. Kas zay\u0131fl\u0131\u011f\u0131 nedeniyle ayakta durmakta zorlanan Demirel, SB\u00dc [&hellip;]<\/p>\n","protected":false},"author":1,"featured_media":27894,"comment_status":"","ping_status":"","sticky":false,"template":"","format":"standard","meta":[],"categories":[46],"tags":[],"_links":{"self":[{"href":"https:\/\/kraios.app\/news\/wp-json\/wp\/v2\/posts\/27893"}],"collection":[{"href":"https:\/\/kraios.app\/news\/wp-json\/wp\/v2\/posts"}],"about":[{"href":"https:\/\/kraios.app\/news\/wp-json\/wp\/v2\/types\/post"}],"author":[{"embeddable":true,"href":"https:\/\/kraios.app\/news\/wp-json\/wp\/v2\/users\/1"}],"replies":[{"embeddable":true,"href":"https:\/\/kraios.app\/news\/wp-json\/wp\/v2\/comments?post=27893"}],"version-history":[{"count":0,"href":"https:\/\/kraios.app\/news\/wp-json\/wp\/v2\/posts\/27893\/revisions"}],"wp:featuredmedia":[{"embeddable":true,"href":"https:\/\/kraios.app\/news\/wp-json\/wp\/v2\/media\/27894"}],"wp:attachment":[{"href":"https:\/\/kraios.app\/news\/wp-json\/wp\/v2\/media?parent=27893"}],"wp:term":[{"taxonomy":"category","embeddable":true,"href":"https:\/\/kraios.app\/news\/wp-json\/wp\/v2\/categories?post=27893"},{"taxonomy":"post_tag","embeddable":true,"href":"https:\/\/kraios.app\/news\/wp-json\/wp\/v2\/tags?post=27893"}],"curies":[{"name":"wp","href":"https:\/\/api.w.org\/{rel}","templated":true}]}}