{"id":27887,"date":"2024-08-26T13:46:13","date_gmt":"2024-08-26T13:46:13","guid":{"rendered":"https:\/\/kraios.app\/news\/saglik\/2024\/08\/26\/saglik-bakani-kemal-memisoglundan-ahlat-devlet-hastanesine-ziyaret\/"},"modified":"2024-08-26T13:46:13","modified_gmt":"2024-08-26T13:46:13","slug":"saglik-bakani-kemal-memisoglundan-ahlat-devlet-hastanesine-ziyaret","status":"publish","type":"post","link":"https:\/\/kraios.app\/news\/saglik\/2024\/08\/26\/saglik-bakani-kemal-memisoglundan-ahlat-devlet-hastanesine-ziyaret\/","title":{"rendered":"Sa\u011fl\u0131k Bakan\u0131 Kemal Memi\u015fo\u011flu&#039;ndan Ahlat Devlet Hastanesine ziyaret"},"content":{"rendered":"<p>Sa\u011fl\u0131k Bakan\u0131 Kemal Memi\u015fo\u011flu, Ahlat Devlet Hastanesine ak\u015fam yapt\u0131\u011f\u0131 ziyarette, hekim, hem\u015fire ve sa\u011fl\u0131k \u00e7al\u0131\u015fanlar\u0131yla bir araya geldi.<\/p>\n","protected":false},"excerpt":{"rendered":"<p>Sa\u011fl\u0131k Bakan\u0131 Kemal Memi\u015fo\u011flu, Ahlat Devlet Hastanesine ak\u015fam yapt\u0131\u011f\u0131 ziyarette, hekim, hem\u015fire ve sa\u011fl\u0131k \u00e7al\u0131\u015fanlar\u0131yla bir araya geldi.<\/p>\n","protected":false},"author":1,"featured_media":27888,"comment_status":"","ping_status":"","sticky":false,"template":"","format":"standard","meta":[],"categories":[46],"tags":[],"_links":{"self":[{"href":"https:\/\/kraios.app\/news\/wp-json\/wp\/v2\/posts\/27887"}],"collection":[{"href":"https:\/\/kraios.app\/news\/wp-json\/wp\/v2\/posts"}],"about":[{"href":"https:\/\/kraios.app\/news\/wp-json\/wp\/v2\/types\/post"}],"author":[{"embeddable":true,"href":"https:\/\/kraios.app\/news\/wp-json\/wp\/v2\/users\/1"}],"replies":[{"embeddable":true,"href":"https:\/\/kraios.app\/news\/wp-json\/wp\/v2\/comments?post=27887"}],"version-history":[{"count":0,"href":"https:\/\/kraios.app\/news\/wp-json\/wp\/v2\/posts\/27887\/revisions"}],"wp:featuredmedia":[{"embeddable":true,"href":"https:\/\/kraios.app\/news\/wp-json\/wp\/v2\/media\/27888"}],"wp:attachment":[{"href":"https:\/\/kraios.app\/news\/wp-json\/wp\/v2\/media?parent=27887"}],"wp:term":[{"taxonomy":"category","embeddable":true,"href":"https:\/\/kraios.app\/news\/wp-json\/wp\/v2\/categories?post=27887"},{"taxonomy":"post_tag","embeddable":true,"href":"https:\/\/kraios.app\/news\/wp-json\/wp\/v2\/tags?post=27887"}],"curies":[{"name":"wp","href":"https:\/\/api.w.org\/{rel}","templated":true}]}}