{"id":27881,"date":"2024-08-24T10:01:17","date_gmt":"2024-08-24T10:01:17","guid":{"rendered":"https:\/\/kraios.app\/news\/saglik\/2024\/08\/24\/aile-hekimleri-hastanelerin-yukunu-alirken-erken-teshiste-de-onemli-rol-oynuyor\/"},"modified":"2024-08-24T10:01:17","modified_gmt":"2024-08-24T10:01:17","slug":"aile-hekimleri-hastanelerin-yukunu-alirken-erken-teshiste-de-onemli-rol-oynuyor","status":"publish","type":"post","link":"https:\/\/kraios.app\/news\/saglik\/2024\/08\/24\/aile-hekimleri-hastanelerin-yukunu-alirken-erken-teshiste-de-onemli-rol-oynuyor\/","title":{"rendered":"Aile hekimleri hastanelerin y\u00fck\u00fcn\u00fc al\u0131rken erken te\u015fhiste de \u00f6nemli rol oynuyor"},"content":{"rendered":"<p><\/p>\n<div>\n<p>Sa\u011fl\u0131k Bakanl\u0131\u011f\u0131 taraf\u0131ndan 2005 y\u0131l\u0131nda hizmete al\u0131nan aile sa\u011fl\u0131\u011f\u0131 merkezi uygulamas\u0131, kanser taramas\u0131ndan a\u015f\u0131lamaya, kronik hastalar\u0131n takibinden gebe ve ya\u015fl\u0131 takiplerine kadar hizmet vermeyi s\u00fcrd\u00fcr\u00fcyor.<\/p>\n<p>Bu kapsamda Kastamonu genelindeki aile sa\u011fl\u0131\u011f\u0131 merkezlerinde son 6 ayda yap\u0131lan taramalarda 13 ki\u015fiye meme kanseri, 8 hastaya kolon kanseri, 9 hastaya da rahim a\u011fz\u0131 kanseri te\u015fhisi konuldu.<\/p>\n<p>Erken tan\u0131 ve te\u015fhis konulan hastalar\u0131n tedavilerine ba\u015fland\u0131.<\/p>\n<p>Poliklinik, enjeksiyon ve pansuman, tetkik ve tahlil ile aile planlamas\u0131 hizmetleri de sunulan aile sa\u011fl\u0131\u011f\u0131 merkezlerinde 15-49 ya\u015f kad\u0131n ile gebe ve lohusa, bebek ve \u00e7ocuk, obezite izlemleri gibi bir\u00e7ok hizmet verilerek hastanelerin y\u00fck\u00fc azalt\u0131l\u0131yor.<\/p>\n<p>\u0130l Sa\u011fl\u0131k M\u00fcd\u00fcr\u00fc \u00c7a\u011fda\u015f Derdiyok, gazetecilere, aile hekimli\u011fi sisteminin 2005 y\u0131l\u0131nda D\u00fczce&#8217;nin pilot il se\u00e7ilmesiyle ba\u015flad\u0131\u011f\u0131n\u0131, sistemin Kastamonu&#8217;da ise 2008 y\u0131l\u0131nda hayata ge\u00e7ti\u011fini s\u00f6yledi.<\/p>\n<p>Kentte 53 aile sa\u011fl\u0131\u011f\u0131 merkezi ve 124 aile hekiminin hizmet verdi\u011fini belirten Derdiyok, &#8220;Aile hekimi, ki\u015finin kendisinden sonra sa\u011fl\u0131k problemlerini bilen ikinci ki\u015fidir. Aile hekimi, sorumlulu\u011fu alt\u0131ndaki ki\u015filerin hastal\u0131klardan korunmas\u0131 i\u00e7in gerekli tedbirleri de al\u0131r.&#8221; dedi.<\/p>\n<p><img decoding=\"async\" alt=\"\" src=\"https:\/\/www.aa.com.tr\/uploads\/userFiles\/a54ea27f-6036-4f79-88c6-6bc9ba19a35d\/07%2F19%2F01%2FAA-35473129.jpg\"\/><\/p>\n<h3>&#8220;Ki\u015filerin ula\u015fabilece\u011fi en yak\u0131n sa\u011fl\u0131k kurulu\u015flar\u0131d\u0131r&#8221;<\/h3>\n<p>\u0130lde son 6 ayda aile hekimlerine 800 bin ba\u015fvuru oldu\u011funu anlatan Derdiyok, \u015funlar\u0131 kaydetti:<\/p>\n<p>&#8220;Amac\u0131m\u0131z aile hekimliklerinin bir sa\u011fl\u0131k dan\u0131\u015fman\u0131 olmas\u0131, koruyucu sa\u011fl\u0131k hizmetlerinin burada devreye girmesi. Yapt\u0131\u011f\u0131m\u0131z kanser taramalar\u0131yla ve sa\u011fl\u0131k dan\u0131\u015fmanl\u0131\u011f\u0131yla bunu sa\u011flamaya \u00e7al\u0131\u015f\u0131yoruz. \u00c7\u00fcnk\u00fc aile hekimlikleri, ki\u015filerin ula\u015fabilece\u011fi en yak\u0131n sa\u011fl\u0131k kurulu\u015flar\u0131d\u0131r. Koruyucu hekimli\u011fin en az sa\u011fl\u0131k kadar \u00f6nemli oldu\u011funu, hasta olmamak a\u00e7\u0131s\u0131ndan neler yapabilece\u011fimizi aile sa\u011fl\u0131\u011f\u0131 merkezlerimizde verdi\u011fimizi d\u00fc\u015f\u00fcn\u00fcyoruz. Ki\u015filerin hasta olmadan dan\u0131\u015fmalar\u0131, aile sa\u011fl\u0131\u011f\u0131 merkezlerini ziyaret etmeleri ve yap\u0131lan t\u0131bbi tedavi ve te\u015fhis harici desteklerden de yararlanmalar\u0131n\u0131 istiyoruz.&#8221;<\/p>\n<p>Karamuklar Aile Sa\u011fl\u0131\u011f\u0131 Merkezinde g\u00f6revli aile hekimi Dr. Murat Bulut ise hastalara rehberlik de yapt\u0131klar\u0131n\u0131 dile getirdi.<\/p>\n<p>Hastal\u0131k \u00f6ncesi ki\u015filerle temas kurarak hastal\u0131\u011f\u0131n \u00f6n\u00fcne ge\u00e7tiklerini vurgulayan Bulut, gerekirse ikinci ve \u00fc\u00e7\u00fcnc\u00fc basamak sa\u011fl\u0131k kurulu\u015flar\u0131na y\u00f6nlendirdiklerine i\u015faret etti.<\/p>\n<p>Bu sayede ikinci ve \u00fc\u00e7\u00fcnc\u00fc basamak sa\u011fl\u0131k kurumlar\u0131n\u0131n i\u015f y\u00fck\u00fc azaltarak daha ula\u015f\u0131labilir olmas\u0131n\u0131 sa\u011flad\u0131klar\u0131n\u0131n alt\u0131n\u0131 \u00e7izen Bulut, &#8220;\u00d6ncelikle aile hekiminize ba\u015fvurun, aile hekiminizi tan\u0131y\u0131n, onunla mutlaka g\u00f6r\u00fc\u015f\u00fcn. Onun fikirlerini al\u0131n ve rehberli\u011finde sa\u011fl\u0131kla ilgili konular\u0131 \u00e7\u00f6zmeye \u00e7al\u0131\u015f\u0131n.&#8221; ifadelerini kulland\u0131.<\/p>\n<p>                            <span class=\"detay-foto-editor\">&#13;<br \/>\n                                <a href=\"https:\/\/www.aa.com.tr\/tr\/p\/abonelik-talep-formu\/1001\" target=\"_blank\" style=\"font-size:12px; color:#444; text-decoration:none;\" rel=\"noopener\">&#13;<br \/>\n                                    Anadolu Ajans\u0131 web sitesinde, AA Haber Ak\u0131\u015f Sistemi (HAS) \u00fczerinden abonelere sunulan haberler, \u00f6zetlenerek yay\u0131mlanmaktad\u0131r. <b style=\"color:#1897F7\">Abonelik i\u00e7in l\u00fctfen ileti\u015fime ge\u00e7iniz.<\/b>&#13;<br \/>\n                                <\/a>&#13;<br \/>\n                            <\/span>\n                        <\/div>\n<p><script>\n\t  window.fbAsyncInit = function() {\n\t\tFB.init({\n\t\t  appId: '1855843514662870',\n\t\t  status : true, \/\/ check login status\n\t\t  cookie : true, \/\/ enable cookies to allow the server to access the session\n\t\t  xfbml  : true  \/\/ parse XFBML\n\t\t});\n\t  };<\/p>\n<p>\t  (function() {\n\t\tvar e = document.createElement('script');\n\t\te.src=\"https:\/\/connect.facebook.net\/tr_TR\/all.js\";\n\t\te.async = true;\n\t\tdocument.getElementById('fb-root').appendChild(e);\n\t  }());\n    <\/script><\/p>\n","protected":false},"excerpt":{"rendered":"<p>Sa\u011fl\u0131k Bakanl\u0131\u011f\u0131 taraf\u0131ndan 2005 y\u0131l\u0131nda hizmete al\u0131nan aile sa\u011fl\u0131\u011f\u0131 merkezi uygulamas\u0131, kanser taramas\u0131ndan a\u015f\u0131lamaya, kronik hastalar\u0131n takibinden gebe ve ya\u015fl\u0131 takiplerine kadar hizmet vermeyi s\u00fcrd\u00fcr\u00fcyor. Bu kapsamda Kastamonu genelindeki aile sa\u011fl\u0131\u011f\u0131 merkezlerinde son 6 ayda yap\u0131lan taramalarda 13 ki\u015fiye meme kanseri, 8 hastaya kolon kanseri, 9 hastaya da rahim a\u011fz\u0131 kanseri te\u015fhisi konuldu. Erken tan\u0131 [&hellip;]<\/p>\n","protected":false},"author":1,"featured_media":27882,"comment_status":"","ping_status":"","sticky":false,"template":"","format":"standard","meta":[],"categories":[46],"tags":[],"_links":{"self":[{"href":"https:\/\/kraios.app\/news\/wp-json\/wp\/v2\/posts\/27881"}],"collection":[{"href":"https:\/\/kraios.app\/news\/wp-json\/wp\/v2\/posts"}],"about":[{"href":"https:\/\/kraios.app\/news\/wp-json\/wp\/v2\/types\/post"}],"author":[{"embeddable":true,"href":"https:\/\/kraios.app\/news\/wp-json\/wp\/v2\/users\/1"}],"replies":[{"embeddable":true,"href":"https:\/\/kraios.app\/news\/wp-json\/wp\/v2\/comments?post=27881"}],"version-history":[{"count":0,"href":"https:\/\/kraios.app\/news\/wp-json\/wp\/v2\/posts\/27881\/revisions"}],"wp:featuredmedia":[{"embeddable":true,"href":"https:\/\/kraios.app\/news\/wp-json\/wp\/v2\/media\/27882"}],"wp:attachment":[{"href":"https:\/\/kraios.app\/news\/wp-json\/wp\/v2\/media?parent=27881"}],"wp:term":[{"taxonomy":"category","embeddable":true,"href":"https:\/\/kraios.app\/news\/wp-json\/wp\/v2\/categories?post=27881"},{"taxonomy":"post_tag","embeddable":true,"href":"https:\/\/kraios.app\/news\/wp-json\/wp\/v2\/tags?post=27881"}],"curies":[{"name":"wp","href":"https:\/\/api.w.org\/{rel}","templated":true}]}}