{"id":27877,"date":"2024-08-23T12:43:11","date_gmt":"2024-08-23T12:43:11","guid":{"rendered":"https:\/\/kraios.app\/news\/saglik\/2024\/08\/23\/su-ana-kadar-m-cicegi-virusu-tanisi-konulmus-bir-hastamiz-yok\/"},"modified":"2024-08-23T12:43:11","modified_gmt":"2024-08-23T12:43:11","slug":"su-ana-kadar-m-cicegi-virusu-tanisi-konulmus-bir-hastamiz-yok","status":"publish","type":"post","link":"https:\/\/kraios.app\/news\/saglik\/2024\/08\/23\/su-ana-kadar-m-cicegi-virusu-tanisi-konulmus-bir-hastamiz-yok\/","title":{"rendered":"\u015eu ana kadar M \u00e7i\u00e7e\u011fi vir\u00fcs\u00fc tan\u0131s\u0131 konulmu\u015f bir hastam\u0131z yok"},"content":{"rendered":"<p><\/p>\n<div>\n<p>Memi\u015fo\u011flu, AFAD Koordinasyon Merkezi&#8217;nde ger\u00e7ekle\u015ftirilen \u0130l De\u011ferlendirme Toplant\u0131s\u0131 \u00f6ncesinde yapt\u0131\u011f\u0131 a\u00e7\u0131klamada, 6 \u015eubat 2023 depremlerinde ya\u015fam\u0131n\u0131 yitirenlere Allah&#8217;tan rahmet, yaral\u0131lara da \u015fifa diledi.<\/p>\n<p>Depremin \u00fczerinden yakla\u015f\u0131k 1,5 y\u0131l ge\u00e7ti\u011fini ve Hatay&#8217;\u0131n yeniden T\u00fcrkiye&#8217;nin en iyi ve kaliteli \u015fehri olmaya ba\u015flad\u0131\u011f\u0131n\u0131 belirten Memi\u015fo\u011flu, \u015f\u00f6yle konu\u015ftu:<\/p>\n<p>&#8220;Tabii ki baz\u0131 eksikler var ama \u00e7ok k\u0131sa zamanda bunlar\u0131n da \u00fcstesinden gelinece\u011fini g\u00f6r\u00fcyorum. Esas\u0131nda yeni bir Hatay, yeniden bir Hatay yap\u0131yor arkada\u015flar\u0131m\u0131z, milletimiz, devletimiz. Onun i\u00e7in hayranl\u0131kla ve buradaki arkada\u015flara her t\u00fcrl\u00fc deste\u011fi vererek biz de onlara hizmet etmeye \u00e7al\u0131\u015f\u0131yoruz. T\u00fcrkiye&#8217;nin g\u00fcc\u00fcn\u00fc g\u00f6rmek isteyenlere, Hatay&#8217;\u0131 bir ziyaret etmelerini tavsiye ediyorum. Onun i\u00e7in bu milletin, devletin g\u00fcc\u00fcn\u00fc ger\u00e7ekten zorda oldu\u011fu zaman nas\u0131l g\u00f6sterdi\u011fini tarih de g\u00f6stermi\u015f, bug\u00fcn de g\u00f6stermi\u015f. Onun i\u00e7in herkese ba\u015fta Say\u0131n Cumhurba\u015fkan\u0131&#8217;m\u0131za minnetlerimi, \u015f\u00fckranlar\u0131m\u0131 arz ederim.&#8221;<\/p>\n<p>Memi\u015fo\u011flu, kentte 6 hastane yap\u0131ld\u0131\u011f\u0131n\u0131, yap\u0131lmaya da devam edildi\u011fini vurgulayarak, &#8220;\u0130n\u015fallah \u00e7ok k\u0131sa zamanda da buradaki \u015fehir hastanesinin ihalesini yapm\u0131\u015f olaca\u011f\u0131z. Bizler, sa\u011fl\u0131k\u00e7\u0131lar hem tedavi hizmetlerini hem de \u00f6zellikle koruyucu ve hastalanmadan sa\u011fl\u0131\u011f\u0131m\u0131z\u0131 korumay\u0131 ama\u00e7 edinmi\u015f durumday\u0131z. Onun i\u00e7in burada sa\u011fl\u0131kl\u0131 hayat merkezi ve aile sa\u011fl\u0131\u011f\u0131 merkezleriyle ilgili ciddi bir \u00e7al\u0131\u015fma yapaca\u011f\u0131z, onlar\u0131 da milletimizin hizmetine sunaca\u011f\u0131z.&#8221; diye konu\u015ftu.<\/p>\n<h3>M \u00e7i\u00e7e\u011fi (mpox) vir\u00fcs\u00fc<\/h3>\n<p>Sa\u011fl\u0131k Bakan\u0131 Memi\u015fo\u011flu, M \u00e7i\u00e7e\u011fi (mpox) hastal\u0131\u011f\u0131na de\u011finerek, s\u00f6zlerini \u015f\u00f6yle s\u00fcrd\u00fcrd\u00fc:<\/p>\n<p>&#8220;\u00d6zellikle son zamanlarda g\u00fcndeme gelen bu maymun \u00e7i\u00e7e\u011fiyle ilgili de herkes bir beklenti i\u00e7inde. Herkes her g\u00fcn her dakika bir haber i\u00e7inde ama biz nas\u0131l Kovid-19&#8217;da sa\u011fl\u0131k sistemimizin ve \u00e7al\u0131\u015fanlar\u0131m\u0131z\u0131n ba\u015far\u0131s\u0131n\u0131 test ettiysek, emin olun her t\u00fcrl\u00fc salg\u0131nda, hastal\u0131kta, sa\u011fl\u0131kla ilgili sorunu \u00e7\u00f6zebilecek hem insan g\u00fcc\u00fcne hem sa\u011fl\u0131k altyap\u0131s\u0131na sahibiz. Biz insanlar\u0131n panikle, korkuyla de\u011fil, \u00f6nden tedbir ve planlamayla, haz\u0131rl\u0131kla bu t\u00fcr salg\u0131nlar\u0131n \u00fcstesinden gelece\u011fine inan\u0131yoruz. Daha salg\u0131n gelmeden veya belli b\u00f6lgede endemikken insanlar\u0131m\u0131z\u0131n korkmas\u0131n\u0131 istemiyoruz. \u00d6zellikle toplumumuz da bizlerin, yani resmi makamlar\u0131n s\u00f6ylediklerine itibar etmeliler. Her t\u00fcrl\u00fc haz\u0131rl\u0131\u011f\u0131 yapt\u0131\u011f\u0131m\u0131z\u0131, maymun \u00e7i\u00e7e\u011fi de olsa ba\u015fka salg\u0131nlar da olsa bunlar\u0131n \u00fcstesinden gelebilece\u011fimizi bilmelerini istiyorum.&#8221;<\/p>\n<p>Ki\u015fisel temizli\u011fin \u00f6nemine vurgu yapan Memi\u015fo\u011flu, \u015funlar\u0131 kaydetti:<\/p>\n<p>&#8220;En \u00f6nemli \u015fey, her t\u00fcrl\u00fc salg\u0131nda esasen ki\u015fisel tedbir, temizlik, hijyen. Ayn\u0131 zamanda bizler de hem hudut kap\u0131lar\u0131m\u0131zda hem i\u00e7eride her t\u00fcrl\u00fc testi yapabilecek, gerekti\u011fi zaman a\u015f\u0131s\u0131n\u0131 yapabilecek insan g\u00fcc\u00fcne ve sisteme sahibiz. Onun i\u00e7in tedirgin olmalar\u0131n\u0131, korkmalar\u0131n\u0131, paniklemelerini istemiyoruz. Emin olun biz her g\u00fcn, her saniye bununla ilgili alarm halindeyiz ancak \u015fu ana kadar tan\u0131s\u0131 konulmu\u015f bir hastam\u0131z yok. \u0130n\u015fallah da olmaz ama olursa da \u00fcstesinden gelece\u011fimizi bilmenizi istiyorum.&#8221;<\/p>\n<p>Toplant\u0131 daha sonra bas\u0131na kapal\u0131 devam etti.<\/p>\n<p>                            <span class=\"detay-foto-editor\">&#13;<br \/>\n                                <a href=\"https:\/\/www.aa.com.tr\/tr\/p\/abonelik-talep-formu\/1001\" target=\"_blank\" style=\"font-size:12px; color:#444; text-decoration:none;\" rel=\"noopener\">&#13;<br \/>\n                                    Anadolu Ajans\u0131 web sitesinde, AA Haber Ak\u0131\u015f Sistemi (HAS) \u00fczerinden abonelere sunulan haberler, \u00f6zetlenerek yay\u0131mlanmaktad\u0131r. <b style=\"color:#1897F7\">Abonelik i\u00e7in l\u00fctfen ileti\u015fime ge\u00e7iniz.<\/b>&#13;<br \/>\n                                <\/a>&#13;<br \/>\n                            <\/span>\n                        <\/div>\n<p><script>\n\t  window.fbAsyncInit = function() {\n\t\tFB.init({\n\t\t  appId: '1855843514662870',\n\t\t  status : true, \/\/ check login status\n\t\t  cookie : true, \/\/ enable cookies to allow the server to access the session\n\t\t  xfbml  : true  \/\/ parse XFBML\n\t\t});\n\t  };<\/p>\n<p>\t  (function() {\n\t\tvar e = document.createElement('script');\n\t\te.src=\"https:\/\/connect.facebook.net\/tr_TR\/all.js\";\n\t\te.async = true;\n\t\tdocument.getElementById('fb-root').appendChild(e);\n\t  }());\n    <\/script><\/p>\n","protected":false},"excerpt":{"rendered":"<p>Memi\u015fo\u011flu, AFAD Koordinasyon Merkezi&#8217;nde ger\u00e7ekle\u015ftirilen \u0130l De\u011ferlendirme Toplant\u0131s\u0131 \u00f6ncesinde yapt\u0131\u011f\u0131 a\u00e7\u0131klamada, 6 \u015eubat 2023 depremlerinde ya\u015fam\u0131n\u0131 yitirenlere Allah&#8217;tan rahmet, yaral\u0131lara da \u015fifa diledi. Depremin \u00fczerinden yakla\u015f\u0131k 1,5 y\u0131l ge\u00e7ti\u011fini ve Hatay&#8217;\u0131n yeniden T\u00fcrkiye&#8217;nin en iyi ve kaliteli \u015fehri olmaya ba\u015flad\u0131\u011f\u0131n\u0131 belirten Memi\u015fo\u011flu, \u015f\u00f6yle konu\u015ftu: &#8220;Tabii ki baz\u0131 eksikler var ama \u00e7ok k\u0131sa zamanda bunlar\u0131n da [&hellip;]<\/p>\n","protected":false},"author":1,"featured_media":27878,"comment_status":"","ping_status":"","sticky":false,"template":"","format":"standard","meta":[],"categories":[46],"tags":[],"_links":{"self":[{"href":"https:\/\/kraios.app\/news\/wp-json\/wp\/v2\/posts\/27877"}],"collection":[{"href":"https:\/\/kraios.app\/news\/wp-json\/wp\/v2\/posts"}],"about":[{"href":"https:\/\/kraios.app\/news\/wp-json\/wp\/v2\/types\/post"}],"author":[{"embeddable":true,"href":"https:\/\/kraios.app\/news\/wp-json\/wp\/v2\/users\/1"}],"replies":[{"embeddable":true,"href":"https:\/\/kraios.app\/news\/wp-json\/wp\/v2\/comments?post=27877"}],"version-history":[{"count":0,"href":"https:\/\/kraios.app\/news\/wp-json\/wp\/v2\/posts\/27877\/revisions"}],"wp:featuredmedia":[{"embeddable":true,"href":"https:\/\/kraios.app\/news\/wp-json\/wp\/v2\/media\/27878"}],"wp:attachment":[{"href":"https:\/\/kraios.app\/news\/wp-json\/wp\/v2\/media?parent=27877"}],"wp:term":[{"taxonomy":"category","embeddable":true,"href":"https:\/\/kraios.app\/news\/wp-json\/wp\/v2\/categories?post=27877"},{"taxonomy":"post_tag","embeddable":true,"href":"https:\/\/kraios.app\/news\/wp-json\/wp\/v2\/tags?post=27877"}],"curies":[{"name":"wp","href":"https:\/\/api.w.org\/{rel}","templated":true}]}}