{"id":27875,"date":"2024-08-23T11:40:00","date_gmt":"2024-08-23T11:40:00","guid":{"rendered":"https:\/\/kraios.app\/news\/saglik\/2024\/08\/23\/istanbul-havalimaninda-afrika-ucuslarina-m-cicegi-takibi\/"},"modified":"2024-08-23T11:40:00","modified_gmt":"2024-08-23T11:40:00","slug":"istanbul-havalimaninda-afrika-ucuslarina-m-cicegi-takibi","status":"publish","type":"post","link":"https:\/\/kraios.app\/news\/saglik\/2024\/08\/23\/istanbul-havalimaninda-afrika-ucuslarina-m-cicegi-takibi\/","title":{"rendered":"\u0130stanbul Havaliman\u0131&#8217;nda Afrika u\u00e7u\u015flar\u0131na M \u00e7i\u00e7e\u011fi takibi"},"content":{"rendered":"<p><\/p>\n<div>\n<p>\u00d6zellikle Kongo Demokratik Cumhuriyeti&#8217;nde h\u0131zla yay\u0131lmas\u0131 ve \u00f6l\u00fcmlere yol a\u00e7mas\u0131 nedeniyle D\u00fcnya Sa\u011fl\u0131k \u00d6rg\u00fct\u00fc (DS\u00d6) taraf\u0131ndan uluslararas\u0131 \u00f6neme sahip halk sa\u011fl\u0131\u011f\u0131 acil durumu ilan edilen M \u00e7i\u00e7e\u011fi vir\u00fcs\u00fc, Afrika k\u0131tas\u0131nda ayr\u0131ca Burundi, Orta Afrika Cumhuriyeti, Kongo, Kamerun, Gana, Liberya, Nijerya, Ruanda, Kenya, Fildi\u015fi Sahili ve G\u00fcney Afrika&#8217;da g\u00f6r\u00fcld\u00fc.<\/p>\n<p>T\u00fcrkiye Hudut ve Sahiller Sa\u011fl\u0131k Genel M\u00fcd\u00fcrl\u00fc\u011f\u00fcnce, \u0130stanbul Havaliman\u0131&#8217;nda vir\u00fcse kar\u015f\u0131 baz\u0131 \u00f6nlemler al\u0131nd\u0131. \u00d6zellikle hastal\u0131\u011f\u0131n yo\u011fun g\u00f6r\u00fcld\u00fc\u011f\u00fc Kongo Demokratik Cumhuriyeti ile \u00e7evresindeki 11 \u00fclkeden gelen u\u00e7aklar ve T\u00fcrkiye&#8217;ye giri\u015f yapan yolcular yak\u0131ndan izleniyor.<\/p>\n<h3>&#8220;\u015e\u00fcpheli vakalar\u0131 izole alanlar\u0131m\u0131zda bekletiyoruz&#8221;<\/h3>\n<p>Havaliman\u0131ndaki \u00f6nlemlere ili\u015fkin AA muhabirinin sorular\u0131n\u0131 yan\u0131tlayan T\u00fcrkiye Hudut ve Sahiller Sa\u011fl\u0131k Genel M\u00fcd\u00fcrl\u00fc\u011f\u00fc \u0130stanbul Havaliman\u0131 Ba\u015fhekimi Dr. Aykut Yener Kavak, DS\u00d6&#8217;n\u00fcn hastal\u0131\u011f\u0131 k\u00fcresel acil durum ilan etmesinin ard\u0131ndan u\u00e7u\u015flar\u0131 izlemeye ald\u0131klar\u0131n\u0131 s\u00f6yledi.<\/p>\n<p>\u0130stanbul Havaliman\u0131&#8217;nda 7\/24 g\u00f6rev yapan sa\u011fl\u0131k ekibi oldu\u011funu ve t\u00fcm denetimlerin titizlikle yap\u0131ld\u0131\u011f\u0131n\u0131 vurgulayan Kavak, \u015f\u00f6yle konu\u015ftu:<\/p>\n<p>&#8220;Demokratik Kongo&#8217;dan gelen u\u00e7aklar\u0131n kap\u0131s\u0131na kadar gidip sorgulama yap\u0131yoruz. Seyahat s\u00fcresince herhangi bir hastal\u0131\u011f\u0131 olan, d\u00f6k\u00fcnt\u00fcl\u00fc, ate\u015fli bir yolcunun olup olmad\u0131\u011f\u0131n\u0131 sorguluyoruz. Onun d\u0131\u015f\u0131nda \u00e7evre 11 \u00fclkenin u\u00e7u\u015flar\u0131n\u0131 da online takip ediyoruz. Herhangi bir \u015f\u00fcpheli durum olmas\u0131 durumunda da bu u\u00e7aklarda gerekli kontroller yap\u0131l\u0131yor.\u200b\u200b\u200b\u200b \u0130stanbul Havaliman\u0131&#8217;nda \u015fu ana kadar herhangi bir maymun \u00e7i\u00e7e\u011fi vakas\u0131na rastlamad\u0131k. Zaman zaman olas\u0131 oldu\u011fu d\u00fc\u015f\u00fcn\u00fclen \u015f\u00fcpheli yolcular g\u00fcndemimize geldi ve bu yolcular incelendi. Bu yolcular\u0131n hi\u00e7birinde maymun \u00e7i\u00e7e\u011fi oldu\u011funu d\u00fc\u015f\u00fcnmedi\u011fimiz i\u00e7in seyahatlerine izin verdik.&#8221;<\/p>\n<p>Te\u015fhiste en b\u00fcy\u00fck kriterin d\u00f6k\u00fcnt\u00fc oldu\u011funu dile getiren Kavak, &#8220;Ge\u00e7mi\u015fini sorguluyoruz. O b\u00f6lgeden seyahat var m\u0131 ya da o b\u00f6lgede daha \u00f6nce bulunmu\u015f mu? Ate\u015f bulgusu var m\u0131, enfeksiyon var m\u0131? Bir de lenf bezlerinde \u015fi\u015fme bu hastal\u0131\u011f\u0131n belirtisi. Bu tip \u015f\u00fcpheli vakalar\u0131 izole alanlar\u0131m\u0131zda bekletiyoruz, daha sonra sa\u011fl\u0131k ekiplerimiz muayenelerini yap\u0131yor.&#8221; dedi.<\/p>\n<p>Kavak, bu y\u00f6nde belirtileri bulunan hastalar\u0131n, \u015f\u00fcphelenilmesi halinde sa\u011fl\u0131k ekiplerince daha \u00f6nceden belirlenmi\u015f hastaneye sevk edilece\u011fini bildirdi.<\/p>\n<p>Sahada \u00e7al\u0131\u015fan personelden de konuya ili\u015fkin yo\u011fun soru ald\u0131klar\u0131n\u0131 anlatan Kavak, \u0130stanbul Havaliman\u0131&#8217;nda t\u00fcm havac\u0131l\u0131k payda\u015flar\u0131n\u0131n kat\u0131l\u0131m\u0131yla d\u00fczenlenen toplant\u0131da hastal\u0131kla ilgili bilgilendirme yapt\u0131klar\u0131n\u0131 s\u00f6yledi.<\/p>\n<h3>&#8220;Solunum yoluyla bula\u015fmad\u0131\u011f\u0131 i\u00e7in biraz daha rahat\u0131z&#8221;<\/h3>\n<p>Kavak, bilimsel verilerle de\u011ferlendirildi\u011finde hastal\u0131\u011f\u0131n \u015fu an i\u00e7in salg\u0131na d\u00f6n\u00fc\u015fme ihtimali bulunmad\u0131\u011f\u0131na i\u015faret ederek, \u015fu ifadeleri kulland\u0131:<\/p>\n<p>&#8220;Zaten D\u00fcnya Sa\u011fl\u0131k \u00d6rg\u00fct\u00fc de bunu a\u00e7\u0131klad\u0131. Solunum yoluyla da bula\u015fmad\u0131\u011f\u0131 i\u00e7in biraz daha rahat\u0131z. Korunman\u0131n en \u00f6nemli yolu yak\u0131n temastan ka\u00e7\u0131nmak ve bu t\u00fcr lezyonlar\u0131 olan ki\u015filere \u00e7\u0131plak elle dokunmamak. \u0130mm\u00fcn sistemi zay\u0131f olanlar\u0131n risk alt\u0131nda oldu\u011fu yay\u0131mland\u0131. Vakalar 2 ile 4 hafta i\u00e7inde kendili\u011finden iyile\u015fiyor. \u00c7i\u00e7ek a\u015f\u0131s\u0131n\u0131n y\u00fczde 95 koruyucu oldu\u011funu Prof. Dr. Ate\u015f Kara hocam\u0131z toplant\u0131da ifade etti. O b\u00f6lgede monkeypox a\u015f\u0131s\u0131 da var. O b\u00f6lgede a\u015f\u0131laman\u0131n h\u0131zland\u0131\u011f\u0131n\u0131 da duyuyoruz.&#8221;<\/p>\n<p>Havaliman\u0131 ve u\u00e7aklarda maske takma, eldiven giyme benzeri \u00f6nlem zorunlulu\u011fu bulunmad\u0131\u011f\u0131n\u0131 dile getiren Kavak, bu konuda sosyal medyada ortaya at\u0131lan iddialar\u0131n as\u0131ls\u0131z oldu\u011funu kaydetti.<\/p>\n<p>Sadece temizlik personelinin tuvalet gibi yerlerde eldiven kullanmas\u0131n\u0131 tavsiye ettiklerini belirten Kavak, &#8220;Hava yolu \u015firketleri personelinin, u\u00e7a\u011fa binerken yolculara dikkat etmelerini istiyoruz. B\u00f6yle bir sorunu olan yolcu olmas\u0131 halinde yerel otoriteleri bilgilendirmelerini istiyoruz. Seyahat s\u0131ras\u0131nda benzer semptomlar\u0131 olan hasta olmas\u0131 halinde hava trafik kontrol kulesine bilgi vermelerini talep ediyoruz. Havaliman\u0131 personelinin lezyonu olan hastalar\u0131 g\u00f6rd\u00fc\u011f\u00fcnde bizlere iletmelerini istiyoruz.&#8221; dedi.<\/p>\n<p>                            <span class=\"detay-foto-editor\">&#13;<br \/>\n                                <a href=\"https:\/\/www.aa.com.tr\/tr\/p\/abonelik-talep-formu\/1001\" target=\"_blank\" style=\"font-size:12px; color:#444; text-decoration:none;\" rel=\"noopener\">&#13;<br \/>\n                                    Anadolu Ajans\u0131 web sitesinde, AA Haber Ak\u0131\u015f Sistemi (HAS) \u00fczerinden abonelere sunulan haberler, \u00f6zetlenerek yay\u0131mlanmaktad\u0131r. <b style=\"color:#1897F7\">Abonelik i\u00e7in l\u00fctfen ileti\u015fime ge\u00e7iniz.<\/b>&#13;<br \/>\n                                <\/a>&#13;<br \/>\n                            <\/span>\n                        <\/div>\n<p><script>\n\t  window.fbAsyncInit = function() {\n\t\tFB.init({\n\t\t  appId: '1855843514662870',\n\t\t  status : true, \/\/ check login status\n\t\t  cookie : true, \/\/ enable cookies to allow the server to access the session\n\t\t  xfbml  : true  \/\/ parse XFBML\n\t\t});\n\t  };<\/p>\n<p>\t  (function() {\n\t\tvar e = document.createElement('script');\n\t\te.src=\"https:\/\/connect.facebook.net\/tr_TR\/all.js\";\n\t\te.async = true;\n\t\tdocument.getElementById('fb-root').appendChild(e);\n\t  }());\n    <\/script><\/p>\n","protected":false},"excerpt":{"rendered":"<p>\u00d6zellikle Kongo Demokratik Cumhuriyeti&#8217;nde h\u0131zla yay\u0131lmas\u0131 ve \u00f6l\u00fcmlere yol a\u00e7mas\u0131 nedeniyle D\u00fcnya Sa\u011fl\u0131k \u00d6rg\u00fct\u00fc (DS\u00d6) taraf\u0131ndan uluslararas\u0131 \u00f6neme sahip halk sa\u011fl\u0131\u011f\u0131 acil durumu ilan edilen M \u00e7i\u00e7e\u011fi vir\u00fcs\u00fc, Afrika k\u0131tas\u0131nda ayr\u0131ca Burundi, Orta Afrika Cumhuriyeti, Kongo, Kamerun, Gana, Liberya, Nijerya, Ruanda, Kenya, Fildi\u015fi Sahili ve G\u00fcney Afrika&#8217;da g\u00f6r\u00fcld\u00fc. T\u00fcrkiye Hudut ve Sahiller Sa\u011fl\u0131k Genel M\u00fcd\u00fcrl\u00fc\u011f\u00fcnce, [&hellip;]<\/p>\n","protected":false},"author":1,"featured_media":27876,"comment_status":"","ping_status":"","sticky":false,"template":"","format":"standard","meta":[],"categories":[46],"tags":[],"_links":{"self":[{"href":"https:\/\/kraios.app\/news\/wp-json\/wp\/v2\/posts\/27875"}],"collection":[{"href":"https:\/\/kraios.app\/news\/wp-json\/wp\/v2\/posts"}],"about":[{"href":"https:\/\/kraios.app\/news\/wp-json\/wp\/v2\/types\/post"}],"author":[{"embeddable":true,"href":"https:\/\/kraios.app\/news\/wp-json\/wp\/v2\/users\/1"}],"replies":[{"embeddable":true,"href":"https:\/\/kraios.app\/news\/wp-json\/wp\/v2\/comments?post=27875"}],"version-history":[{"count":0,"href":"https:\/\/kraios.app\/news\/wp-json\/wp\/v2\/posts\/27875\/revisions"}],"wp:featuredmedia":[{"embeddable":true,"href":"https:\/\/kraios.app\/news\/wp-json\/wp\/v2\/media\/27876"}],"wp:attachment":[{"href":"https:\/\/kraios.app\/news\/wp-json\/wp\/v2\/media?parent=27875"}],"wp:term":[{"taxonomy":"category","embeddable":true,"href":"https:\/\/kraios.app\/news\/wp-json\/wp\/v2\/categories?post=27875"},{"taxonomy":"post_tag","embeddable":true,"href":"https:\/\/kraios.app\/news\/wp-json\/wp\/v2\/tags?post=27875"}],"curies":[{"name":"wp","href":"https:\/\/api.w.org\/{rel}","templated":true}]}}