{"id":27873,"date":"2024-08-23T10:20:44","date_gmt":"2024-08-23T10:20:44","guid":{"rendered":"https:\/\/kraios.app\/news\/saglik\/2024\/08\/23\/dso-gazzede-25-yil-sonra-cocuk-felci-vakasi-gorulmesinden-derin-endise-duyuyor\/"},"modified":"2024-08-23T10:20:44","modified_gmt":"2024-08-23T10:20:44","slug":"dso-gazzede-25-yil-sonra-cocuk-felci-vakasi-gorulmesinden-derin-endise-duyuyor","status":"publish","type":"post","link":"https:\/\/kraios.app\/news\/saglik\/2024\/08\/23\/dso-gazzede-25-yil-sonra-cocuk-felci-vakasi-gorulmesinden-derin-endise-duyuyor\/","title":{"rendered":"DS\u00d6, Gazze&#8217;de 25 y\u0131l sonra \u00e7ocuk felci vakas\u0131 g\u00f6r\u00fclmesinden derin endi\u015fe duyuyor"},"content":{"rendered":"<p><\/p>\n<div>\n<p>Ghebreyesus, \u0130srail&#8217;in yo\u011fun sald\u0131r\u0131lar\u0131 alt\u0131nda bulunan Gazze&#8217;deki \u00e7ocuk felci hastal\u0131\u011f\u0131na ili\u015fkin X sosyal medya platformundan payla\u015f\u0131mlarda bulundu.<\/p>\n<p>&#8220;Gazze&#8217;nin Deyr el-Balah kentinde 10 ayl\u0131k ve a\u015f\u0131lanmam\u0131\u015f bir \u00e7ocu\u011fun 25 y\u0131l sonra ilk kez \u00e7ocuk felci hastal\u0131\u011f\u0131na yakaland\u0131\u011f\u0131n\u0131n do\u011frulanmas\u0131ndan b\u00fcy\u00fck endi\u015fe duyuyorum.&#8221; ifadesini kullanan Ghebreyesus, DS\u00d6 ve ortaklar\u0131n\u0131n, b\u00f6lgedeki DS\u00d6 onayl\u0131 bir laboratuvarda test edilmek \u00fczere bu \u00e7ocu\u011fun d\u0131\u015fk\u0131 \u00f6rnekleri almak ve bunu transfer etmek i\u00e7in acilen \u00e7al\u0131\u015fmalara ba\u015flad\u0131\u011f\u0131n\u0131 bildirdi.<\/p>\n<p>Ghebreyesus, genom dizilemenin, vir\u00fcs\u00fcn haziranda Gazze&#8217;nin at\u0131k suyundan toplanan \u00e7evresel \u00f6rneklerde tespit edilen &#8220;t\u00fcr iki \u00e7ocuk felci vir\u00fcs\u00fc&#8221;yle ba\u011flant\u0131l\u0131 oldu\u011funu do\u011frulad\u0131\u011f\u0131n\u0131 kaydetti.<\/p>\n<p>Sol alt baca\u011f\u0131nda fel\u00e7 meydana gelen \u00e7ocu\u011fun durumunun stabil oldu\u011funu belirten Ghebreyesus, Gazze ve \u00e7evresinde \u00e7ocuk felci riskinin y\u00fcksek olmas\u0131 nedeniyle Filistin Sa\u011fl\u0131k Bakanl\u0131\u011f\u0131, DS\u00d6 ve Birle\u015fmi\u015f Milletler (BM) Uluslararas\u0131 \u00c7ocuklara Yard\u0131m Fonu&#8217;nun (UNICEF) vir\u00fcs\u00fcn bula\u015fmas\u0131n\u0131 durdurmak \u00fczere iki ayakla a\u015f\u0131lama kampanyas\u0131 ba\u015flatmak \u00fczere \u00e7al\u0131\u015ft\u0131\u011f\u0131n\u0131 anlatt\u0131.<\/p>\n<h3>\u0130srail&#8217;in tahliye talepleri \u00e7ocuk felci tehdidini art\u0131r\u0131yor<\/h3>\n<p>\u0130srail&#8217;in tekrarlad\u0131\u011f\u0131 tahliye emirleri nedeniyle Gazze&#8217;nin Han Yunus ve Deyr el-Balah b\u00f6lgelerinde binlerce ki\u015finin zorla yerinden olmaya devam etti\u011fini ve bu y\u00fczden \u00e7ocuk felci tehdidi ya\u015fand\u0131\u011f\u0131n\u0131 kaydeden Ghebreyesus, bu durumun halihaz\u0131rda s\u0131k\u0131nt\u0131 ya\u015fayan Gazzelilerin fiziksel ve ruhsal zorluklar\u0131n\u0131 artt\u0131rd\u0131\u011f\u0131n\u0131 vurgulad\u0131.<\/p>\n<p>Ghebreyesus, &#8220;Gazze&#8217;de hi\u00e7 kimse, hi\u00e7bir yer g\u00fcvende de\u011fil. \u0130nsanlar\u0131n zaten s\u0131k\u0131\u015f\u0131k ve zorlu bir ortamda bar\u0131nak, sa\u011fl\u0131k ve di\u011fer hizmetleri bulmak i\u00e7in defalarca yerlerinden edildikten sonra neredeyse hi\u00e7bir se\u00e7ene\u011fi kalmad\u0131.&#8221; de\u011ferlendirmesini yapt\u0131.<\/p>\n<p>\u0130srail&#8217;in tahliye kararlar\u0131n\u0131n etkilenen b\u00f6lgelerdeki t\u0131bbi noktalara ve hastanelere yak\u0131n olmas\u0131n\u0131n, bu sa\u011fl\u0131k tesislerinin g\u00fcvensizlik ve g\u00fcvenli eri\u015fim eksikli\u011fi nedeniyle i\u015flevsiz hale gelme riskine neden oldu\u011funu bildiren Ghebreyesus, &#8220;Bu, her ne pahas\u0131na olursa olsun \u00f6nlenmeli. Gazze halk\u0131n\u0131n \u015fu an acil olarak ihtiya\u00e7 duydu\u011fu \u015fey, tekrarlanan yerlerinden edilme de\u011fil, koruma ve onurdur.&#8221; ifadelerini kulland\u0131.<\/p>\n<h3>DS\u00d6 Gazze&#8217;ye 1 milyondan fazla \u00e7ocuk felci a\u015f\u0131s\u0131 g\u00f6nderdi<\/h3>\n<p>Filistin Sa\u011fl\u0131k Bakan\u0131 Macid Ebu Ramazan, &#8220;Gazze \u015eeridi&#8217;nde bir \u00e7ocuk felci vakas\u0131n\u0131n tespit edilmi\u015f olmas\u0131, hen\u00fcz tespit edilmemi\u015f y\u00fczlerce vakan\u0131n bulunabilece\u011fi anlam\u0131na geliyor.&#8221; a\u00e7\u0131klamas\u0131nda bulunmu\u015ftu.<\/p>\n<p>Ghebreyesus, 20 Temmuz&#8217;da, Gazze \u015eeridi&#8217;nin g\u00fcneyindeki Han Yunus ile orta kesimindeki Deyr el-Belah kentlerinde t\u00fcr iki \u00e7ocuk felci vir\u00fcs\u00fc tespit edildi\u011fini a\u00e7\u0131klam\u0131\u015ft\u0131.<\/p>\n<p>Gazze&#8217;de 8 ya\u015f alt\u0131 600 bin \u00e7ocu\u011fa y\u00f6nelik \u00e7ocuk felci a\u015f\u0131lama kampanyas\u0131yla ilgili \u00e7al\u0131\u015fmalar y\u00fcr\u00fctt\u00fcklerini ve 1 milyondan fazla \u00e7ocuk felci a\u015f\u0131s\u0131n\u0131 Gazze&#8217;ye g\u00f6nderdiklerini a\u00e7\u0131klayan Ghebreyesus, Gazze&#8217;de \u00e7ocuk felci a\u015f\u0131lama kampanyas\u0131n\u0131n ilk turunun a\u011fustos sonunda veya eyl\u00fclde ba\u015flat\u0131lmas\u0131n\u0131 beklediklerini bildirmi\u015fti.<\/p>\n<p>                            <span class=\"detay-foto-editor\">&#13;<br \/>\n                                <a href=\"https:\/\/www.aa.com.tr\/tr\/p\/abonelik-talep-formu\/1001\" target=\"_blank\" style=\"font-size:12px; color:#444; text-decoration:none;\" rel=\"noopener\">&#13;<br \/>\n                                    Anadolu Ajans\u0131 web sitesinde, AA Haber Ak\u0131\u015f Sistemi (HAS) \u00fczerinden abonelere sunulan haberler, \u00f6zetlenerek yay\u0131mlanmaktad\u0131r. <b style=\"color:#1897F7\">Abonelik i\u00e7in l\u00fctfen ileti\u015fime ge\u00e7iniz.<\/b>&#13;<br \/>\n                                <\/a>&#13;<br \/>\n                            <\/span>\n                        <\/div>\n<p><script>\n\t  window.fbAsyncInit = function() {\n\t\tFB.init({\n\t\t  appId: '1855843514662870',\n\t\t  status : true, \/\/ check login status\n\t\t  cookie : true, \/\/ enable cookies to allow the server to access the session\n\t\t  xfbml  : true  \/\/ parse XFBML\n\t\t});\n\t  };<\/p>\n<p>\t  (function() {\n\t\tvar e = document.createElement('script');\n\t\te.src=\"https:\/\/connect.facebook.net\/tr_TR\/all.js\";\n\t\te.async = true;\n\t\tdocument.getElementById('fb-root').appendChild(e);\n\t  }());\n    <\/script><\/p>\n","protected":false},"excerpt":{"rendered":"<p>Ghebreyesus, \u0130srail&#8217;in yo\u011fun sald\u0131r\u0131lar\u0131 alt\u0131nda bulunan Gazze&#8217;deki \u00e7ocuk felci hastal\u0131\u011f\u0131na ili\u015fkin X sosyal medya platformundan payla\u015f\u0131mlarda bulundu. &#8220;Gazze&#8217;nin Deyr el-Balah kentinde 10 ayl\u0131k ve a\u015f\u0131lanmam\u0131\u015f bir \u00e7ocu\u011fun 25 y\u0131l sonra ilk kez \u00e7ocuk felci hastal\u0131\u011f\u0131na yakaland\u0131\u011f\u0131n\u0131n do\u011frulanmas\u0131ndan b\u00fcy\u00fck endi\u015fe duyuyorum.&#8221; ifadesini kullanan Ghebreyesus, DS\u00d6 ve ortaklar\u0131n\u0131n, b\u00f6lgedeki DS\u00d6 onayl\u0131 bir laboratuvarda test edilmek \u00fczere bu [&hellip;]<\/p>\n","protected":false},"author":1,"featured_media":27874,"comment_status":"","ping_status":"","sticky":false,"template":"","format":"standard","meta":[],"categories":[46],"tags":[],"_links":{"self":[{"href":"https:\/\/kraios.app\/news\/wp-json\/wp\/v2\/posts\/27873"}],"collection":[{"href":"https:\/\/kraios.app\/news\/wp-json\/wp\/v2\/posts"}],"about":[{"href":"https:\/\/kraios.app\/news\/wp-json\/wp\/v2\/types\/post"}],"author":[{"embeddable":true,"href":"https:\/\/kraios.app\/news\/wp-json\/wp\/v2\/users\/1"}],"replies":[{"embeddable":true,"href":"https:\/\/kraios.app\/news\/wp-json\/wp\/v2\/comments?post=27873"}],"version-history":[{"count":0,"href":"https:\/\/kraios.app\/news\/wp-json\/wp\/v2\/posts\/27873\/revisions"}],"wp:featuredmedia":[{"embeddable":true,"href":"https:\/\/kraios.app\/news\/wp-json\/wp\/v2\/media\/27874"}],"wp:attachment":[{"href":"https:\/\/kraios.app\/news\/wp-json\/wp\/v2\/media?parent=27873"}],"wp:term":[{"taxonomy":"category","embeddable":true,"href":"https:\/\/kraios.app\/news\/wp-json\/wp\/v2\/categories?post=27873"},{"taxonomy":"post_tag","embeddable":true,"href":"https:\/\/kraios.app\/news\/wp-json\/wp\/v2\/tags?post=27873"}],"curies":[{"name":"wp","href":"https:\/\/api.w.org\/{rel}","templated":true}]}}